{"id":8450,"date":"2009-04-18T15:44:06","date_gmt":"2009-04-18T12:44:06","guid":{"rendered":"http:\/\/www.korhanyilmaz.com\/?p=8450"},"modified":"2009-04-18T15:44:06","modified_gmt":"2009-04-18T12:44:06","slug":"vahim-alametler","status":"publish","type":"post","link":"http:\/\/www.korhanyilmaz.com\/?p=8450","title":{"rendered":"Vahim alametler"},"content":{"rendered":"<p style=\"text-align: center;\"><img loading=\"lazy\" decoding=\"async\" class=\"size-full wp-image-8451 aligncenter\" title=\"Vahim alametler\" src=\"http:\/\/www.korhanyilmaz.com\/wp-content\/uploads\/2009\/04\/fft28_mf158236.jpeg\" alt=\"Vahim alametler\" width=\"306\" height=\"204\" \/><\/p>\n<p style=\"text-align: justify;\"><strong>Saylan, tutuklama kararlar\u0131n\u0131 bas\u0131n toplant\u0131s\u0131yla ele\u015ftirdi. Bir savc\u0131 ayn\u0131 \u015fekilde bakanl\u0131\u011f\u0131 hedef ald\u0131. Zanl\u0131lar\u0131n ifadeleri tart\u0131\u015fmalar\u0131 art\u0131r\u0131yor&#8230;<\/strong><\/p>\n<p>Her dava bir siyasi m\u00fccadele halini al\u0131yor!<\/p>\n<p style=\"text-align: justify;\">\n<strong>1- T\u00fcrkan Saylan: Daha d\u00fcn gece bana tuzak kuruldu <\/strong><\/p>\n<p style=\"text-align: justify;\">\n\u00c7YDD Ba\u015fkan\u0131 Saylan, Prof. Y\u00fcksel&#8217;in tutuklanmas\u0131na, &#8220;Van&#8217;da yapamad\u0131klar\u0131n\u0131 yapt\u0131lar&#8221; tepkisini g\u00f6sterdi. Aleyhindeki &#8216;misyoner&#8217; su\u00e7lamas\u0131 ve manevi lin\u00e7 kampanyas\u0131na delille yan\u0131t veren Saylan&#8217;\u0131n, kendisine kurulan tuzak \u00f6rne\u011fi \u00e7arp\u0131c\u0131yd\u0131: &#8220;Ak\u015fam dernekten bilerek g\u00f6r\u00fc\u015ft\u00fc\u011f\u00fcm ki\u015fiyi sabah g\u00f6rd\u00fcm, beni hi\u00e7 aramam\u0131\u015f.&#8221; <!--more--><\/p>\n<p><strong>2- Haberal ve \u00fc\u00e7 eski rekt\u00f6r dahil alt\u0131 Prof. cezaevinde <\/strong><\/p>\n<p style=\"text-align: justify;\">\nBa\u015fkent rekt\u00f6r\u00fc Haberal, eski rekt\u00f6rler Bernay, Yurtkuran, Hilmio\u011flu, emekli \u00f6\u011fretim \u00fcyesi Manisal\u0131 ve 100. Y\u0131l \u00f6\u011fretim \u00fcyesi Y\u00fcksel Ergenekon&#8217;dan tutukland\u0131. Zanl\u0131lar\u0131n anlat\u0131mlar\u0131, &#8220;Sorulan sorular\u0131n \u00e7ok \u00f6nemli k\u0131sm\u0131, tan\u0131mad\u0131\u011f\u0131m\u0131z ya da g\u00f6rev gere\u011fi tan\u0131d\u0131\u011f\u0131m\u0131z ki\u015filere ili\u015fkindi&#8230;&#8221;<\/p>\n<p><strong>3- Emina\u011fao\u011flu: Hakim ve savc\u0131lar a\u011f\u0131r bask\u0131 alt\u0131nda <\/strong><\/p>\n<p style=\"text-align: justify;\">\nYARSAV Ba\u015fkan\u0131 Emina\u011fao\u011flu&#8217;na dair i\u015flemler de &#8216;siyasi&#8217;le\u015fiyor. Emin-a\u011fao\u011flu: &#8220;Bakanl\u0131k Tefti\u015f Kurulu, Yarg\u0131tay&#8217;a yetkisiz el uzatt\u0131. (25 yarg\u0131\u00e7-savc\u0131y\u0131 dinleme karar\u0131n\u0131 g\u00f6sterip) kararda su\u00e7 hanesi bo\u015f, kimlik yok, 25 telefon var, hepsi g\u00f6revdeki isimler. Darbe d\u00f6neminde b\u00f6ylesi g\u00f6r\u00fclmedi.&#8221;\n<\/p>\n<p style=\"text-align: justify;\"><span style=\"color: #888888;\">Kaynak : Radikal<\/span><\/p>\n","protected":false},"excerpt":{"rendered":"<p style=\"text-align: center;\">\n<p style=\"text-align: justify;\">Saylan, tutuklama kararlar\u0131n\u0131 bas\u0131n toplant\u0131s\u0131yla ele\u015ftirdi. Bir savc\u0131 ayn\u0131 \u015fekilde bakanl\u0131\u011f\u0131 hedef ald\u0131. Zanl\u0131lar\u0131n ifadeleri tart\u0131\u015fmalar\u0131 art\u0131r\u0131yor&#8230;<\/p>\n<p>Her dava bir siyasi m\u00fccadele halini al\u0131yor!<\/p>\n<p style=\"text-align: justify;\"> 1- T\u00fcrkan Saylan: Daha d\u00fcn gece bana tuzak kuruldu <\/p>\n<p style=\"text-align: justify;\"> \u00c7YDD Ba\u015fkan\u0131 Saylan, Prof. Y\u00fcksel&#8217;in tutuklanmas\u0131na, &#8220;Van&#8217;da yapamad\u0131klar\u0131n\u0131 yapt\u0131lar&#8221; tepkisini <\/p>\n","protected":false},"author":1,"featured_media":0,"comment_status":"open","ping_status":"closed","sticky":false,"template":"","format":"standard","meta":{"footnotes":""},"categories":[105],"tags":[],"class_list":["post-8450","post","type-post","status-publish","format-standard","hentry","category-gundem","odd"],"_links":{"self":[{"href":"http:\/\/www.korhanyilmaz.com\/index.php?rest_route=\/wp\/v2\/posts\/8450","targetHints":{"allow":["GET"]}}],"collection":[{"href":"http:\/\/www.korhanyilmaz.com\/index.php?rest_route=\/wp\/v2\/posts"}],"about":[{"href":"http:\/\/www.korhanyilmaz.com\/index.php?rest_route=\/wp\/v2\/types\/post"}],"author":[{"embeddable":true,"href":"http:\/\/www.korhanyilmaz.com\/index.php?rest_route=\/wp\/v2\/users\/1"}],"replies":[{"embeddable":true,"href":"http:\/\/www.korhanyilmaz.com\/index.php?rest_route=%2Fwp%2Fv2%2Fcomments&post=8450"}],"version-history":[{"count":0,"href":"http:\/\/www.korhanyilmaz.com\/index.php?rest_route=\/wp\/v2\/posts\/8450\/revisions"}],"wp:attachment":[{"href":"http:\/\/www.korhanyilmaz.com\/index.php?rest_route=%2Fwp%2Fv2%2Fmedia&parent=8450"}],"wp:term":[{"taxonomy":"category","embeddable":true,"href":"http:\/\/www.korhanyilmaz.com\/index.php?rest_route=%2Fwp%2Fv2%2Fcategories&post=8450"},{"taxonomy":"post_tag","embeddable":true,"href":"http:\/\/www.korhanyilmaz.com\/index.php?rest_route=%2Fwp%2Fv2%2Ftags&post=8450"}],"curies":[{"name":"wp","href":"https:\/\/api.w.org\/{rel}","templated":true}]}}