{"id":8429,"date":"2009-04-19T08:07:30","date_gmt":"2009-04-19T05:07:30","guid":{"rendered":"http:\/\/www.korhanyilmaz.com\/?p=8429"},"modified":"2009-04-19T08:07:30","modified_gmt":"2009-04-19T05:07:30","slug":"%e2%80%98saylan-ve-mergen-sorusturma-listesine-kim-tarafindan-eklendi%e2%80%99","status":"publish","type":"post","link":"http:\/\/www.korhanyilmaz.com\/?p=8429","title":{"rendered":"\u2018Saylan ve Mergen soru\u015fturma listesine kim taraf\u0131ndan eklendi\u2019?"},"content":{"rendered":"<p style=\"text-align: center;\"><img loading=\"lazy\" decoding=\"async\" class=\"aligncenter size-full wp-image-8430\" title=\"\u2018Saylan ve Mergen soru\u015fturma listesine kim taraf\u0131ndan eklendi\u2019? \" src=\"http:\/\/www.korhanyilmaz.com\/wp-content\/uploads\/2009\/04\/190420090410332683182.jpg\" alt=\"\u2018Saylan ve Mergen soru\u015fturma listesine kim taraf\u0131ndan eklendi\u2019? \" width=\"329\" height=\"210\" \/><\/p>\n<p style=\"text-align: justify;\"><strong>Ergenekon soru\u015fturmas\u0131n\u0131 ilk andan beri destekleyen yazarlar dahi 12. dalgada T\u00fcrkan Saylan&#8217;\u0131n evinin aranmas\u0131 ve Tijen Mergen&#8217;in g\u00f6zalt\u0131na al\u0131nmas\u0131n\u0131 ele\u015ftirdi<\/strong><\/p>\n<p style=\"text-align: justify;\"><strong>Savc\u0131lar da &#8216;Bir yanl\u0131\u015fl\u0131k yapt\u0131k ama nerede&#8217; diye kendilerine soruyorlard\u0131r<\/strong><\/p>\n<p style=\"text-align: justify;\">AKP&#8217;YE yak\u0131nl\u0131\u011f\u0131yla bilinen Fehmi Koru, d\u00fcn Yeni \u015eafak Gazetesi&#8217;nde Taha K\u0131van\u00e7 &#8220;mahlas&#8221;\u0131yla (takma isim) yazd\u0131\u011f\u0131 k\u00f6\u015fe yaz\u0131s\u0131nda T\u00fcrkan Saylan&#8217;\u0131n evinin aranmas\u0131 ve &#8220;Baba Beni Okula G\u00f6nder&#8221; kampanyas\u0131 sorumlusu Tijen Mergen&#8217;in g\u00f6zalt\u0131na al\u0131nmas\u0131ndan duydu\u011fu rahats\u0131zl\u0131\u011f\u0131 \u00f6zetle \u015f\u00f6yle diye getirdi:<\/p>\n<p style=\"text-align: justify;\">&#8216;Ergenekon&#8217;un 12. dalgas\u0131&#8217; diye \u00fcnlenen, T\u00fcrkan Saylan&#8217;\u0131n evinde ba\u015flay\u0131p Milliyet&#8217;in &#8216;Baba Beni Okula G\u00f6nder&#8217; kampanyas\u0131 sorumlusunu g\u00f6zalt\u0131na almayla sona eren operasyonu, ondan \u00f6nceki 11 dalgan\u0131n emrini ve kapsam\u0131n\u0131 veren ayn\u0131 savc\u0131lar m\u0131 y\u00fcr\u00fctt\u00fc? <!--more-->3-5 g\u00fcnd\u00fcr yaz\u0131lan-\u00e7izilenlere g\u00f6z at\u0131yorlarsa, Ergenekon konusuna titizlikle yakla\u015fan herkes gibi savc\u0131lar da, &#8220;Bir yanl\u0131\u015fl\u0131k yapt\u0131k, ama nerede?&#8221; diye kendi kendilerine soruyorlard\u0131r. Savc\u0131lar\u0131n yerinde ben olsam &#8216;Bu iki ismi listeye kim ekledi&#8217; sorusunu ciddi bi\u00e7imde sorard\u0131m. Cevap &#8220;Ben&#8221; veya &#8220;Biz&#8221; olursa, o taktirde ciddi bir g\u00f6z bozuklu\u011fu ku\u015fkusuna d\u00fc\u015ferdim. Cevab\u0131n \u00fc\u00e7\u00fcnc\u00fc bi\u00e7imde gelmesi durumundaysa&#8230;<\/p>\n<p style=\"text-align: justify;\"><strong>T\u00fcrkan Saylan&#8217;\u0131n evinde yap\u0131lan arama benim vicdan\u0131m\u0131 rahats\u0131z etti<\/strong><\/p>\n<p style=\"text-align: justify;\">AKP&#8217;n\u0130n kurucular\u0131ndan, MYK \u00fcyesi Ay\u015fe B\u00f6h\u00fcrler&#8217;in Yeni \u015eafak Gazetesi&#8217;ndeki &#8216;Tepkili olmak, vicdanl\u0131 olmaya engel de\u011fil&#8217; ba\u015fl\u0131kl\u0131 yaz\u0131s\u0131 \u00f6zetle \u015f\u00f6yle:<\/p>\n<p style=\"text-align: justify;\">&#8230; \u00c7a\u011fda\u015f ya\u015fam bu k\u0131zlar\u0131n e\u011fitimini desteklemenin \u00f6tesinde bir ya\u015fam bi\u00e7imini de e\u011fitim s\u00fcrecine dahil ediyordu. T\u00fcm bunlar\u0131 hay\u0131rseverlik duygusunun \u00f6tesinde, ideolojik ama\u00e7larla yap\u0131yorlard\u0131 elbette. Bana g\u00f6re ideolojik davranmak, zorlamaya ve baz\u0131 \u00e7ocuklar\u0131 kullanmaya gitmedi\u011fi s\u00fcrece bir su\u00e7 te\u015fkil etmedi\u011fi gibi yanl\u0131\u015f bir \u015fey de\u011fildir.<\/p>\n<p style=\"text-align: justify;\">Bu \u00e7er\u00e7evede T\u00fcrkan Saylan&#8217;\u0131n evinde yap\u0131lan arama benim vicdan\u0131m\u0131 rahats\u0131z etmi\u015ftir. Ayr\u0131ca Ergenekon&#8217;da ad\u0131 \u00f6l\u00fcm makinesi olarak ge\u00e7enlerle birlikte isminin an\u0131lmas\u0131ndan da vicdan\u0131m rahats\u0131z olmu\u015ftur.<\/p>\n<p style=\"text-align: justify;\">Yine bu mant\u0131k ile nas\u0131l \u00e7a\u011fda\u015f ya\u015famc\u0131lar\u0131n ba\u015f\u00f6rt\u00fcl\u00fc bir k\u0131za tepkisine kar\u015f\u0131 \u00e7\u0131kt\u0131ysam, T\u00fcrkan Saylan ile ilgi Vakit gazetesinin yay\u0131n\u0131n\u0131 da ayn\u0131 \u015fekilde, tepki ile kar\u015f\u0131l\u0131yorum. Ve tek kelime ile &#8220;Ay\u0131p!&#8221; diyorum. \u0130lahi adaletin takdiri ise, \u00f6zellikle biz gazetecilere ise hi\u00e7 d\u00fc\u015fmez.<\/p>\n<p style=\"text-align: justify;\"><strong>\u00c7YDD&#8217;ye yap\u0131lan bask\u0131n\u0131n hukuka, adalete ve vicdana ayk\u0131r\u0131 oldu\u011funu d\u00fc\u015f\u00fcn\u00fcyorum<\/strong><\/p>\n<p style=\"text-align: justify;\">SOL kesime &#8220;Bu darbecilere nas\u0131l destek veriyorsunuz&#8221; diye a\u00e7\u0131k mektup yazan ve b\u00fcy\u00fck tart\u0131\u015fmaya neden olan Oya Baydar&#8217;\u0131n d\u00fcnk\u00fc Taraf Gazetesi&#8217;ndeki yaz\u0131ndan k\u0131sa bir \u00f6zet:<\/p>\n<p style=\"text-align: justify;\">Sembol ad\u0131 T\u00fcrkan Saylan olan \u00c7a\u011fda\u015f Ya\u015fam\u0131 Destekleme Derne\u011fi&#8217;ne yap\u0131lan bask\u0131n\u0131n hukuka, adalete, vicdana ayk\u0131r\u0131 oldu\u011funu d\u00fc\u015f\u00fcn\u00fcyorum. Ba\u015ftan arkas\u0131nda durdu\u011fum, bu \u00fclkeye konmu\u015f darbe ambargosuna kar\u015f\u0131 umut olarak g\u00f6rd\u00fc\u011f\u00fcm Ergenekon davas\u0131n\u0131n suland\u0131r\u0131ld\u0131\u011f\u0131n\u0131, inand\u0131r\u0131c\u0131l\u0131\u011f\u0131n\u0131n zedelendi\u011fini hissediyorum.<\/p>\n<p style=\"text-align: justify;\">Haftada bir k\u00f6\u015fesini i\u015fgal etti\u011fim Taraf gazetesinin, Ergenekon&#8217;un 12. dalgas\u0131n\u0131n ard\u0131ndan \u015fim\u015fir harflerle att\u0131\u011f\u0131 &#8220;Postall\u0131 Hocalar G\u00f6zalt\u0131nda&#8221; man\u015fetini uygun bulanlar\u0131n, \u00f6rne\u011fin Cumhuriyet veya benzeri yay\u0131nda, farkl\u0131 bir \u00e7evreyi hedef alan bir operasyonda &#8220;Takkeli Yobazlar G\u00f6zalt\u0131nda&#8221; man\u015fetini g\u00f6rd\u00fcklerinde ne d\u00fc\u015f\u00fcneceklerini sormadan edemiyorum. Vakit gazetesinin her t\u00fcrl\u00fc eti\u011fi \u00e7i\u011fneyen haber ba\u015fl\u0131klar\u0131n\u0131 \u00e7uvald\u0131zlarken i\u011fneyi kendimize de bat\u0131ral\u0131m.<\/p>\n<p style=\"text-align: justify;\"><span style=\"color: #888888;\">Kaynak : Vatan<\/span><\/p>\n","protected":false},"excerpt":{"rendered":"<p style=\"text-align: center;\">\n<p style=\"text-align: justify;\">Ergenekon soru\u015fturmas\u0131n\u0131 ilk andan beri destekleyen yazarlar dahi 12. dalgada T\u00fcrkan Saylan&#8217;\u0131n evinin aranmas\u0131 ve Tijen Mergen&#8217;in g\u00f6zalt\u0131na al\u0131nmas\u0131n\u0131 ele\u015ftirdi<\/p>\n<p style=\"text-align: justify;\">Savc\u0131lar da &#8216;Bir yanl\u0131\u015fl\u0131k yapt\u0131k ama nerede&#8217; diye kendilerine soruyorlard\u0131r<\/p>\n<p style=\"text-align: justify;\">AKP&#8217;YE yak\u0131nl\u0131\u011f\u0131yla bilinen Fehmi Koru, d\u00fcn Yeni \u015eafak Gazetesi&#8217;nde Taha K\u0131van\u00e7 &#8220;mahlas&#8221;\u0131yla (takma isim) yazd\u0131\u011f\u0131 k\u00f6\u015fe <\/p>\n","protected":false},"author":1,"featured_media":0,"comment_status":"open","ping_status":"closed","sticky":false,"template":"","format":"standard","meta":{"footnotes":""},"categories":[105],"tags":[],"class_list":["post-8429","post","type-post","status-publish","format-standard","hentry","category-gundem","odd"],"_links":{"self":[{"href":"http:\/\/www.korhanyilmaz.com\/index.php?rest_route=\/wp\/v2\/posts\/8429","targetHints":{"allow":["GET"]}}],"collection":[{"href":"http:\/\/www.korhanyilmaz.com\/index.php?rest_route=\/wp\/v2\/posts"}],"about":[{"href":"http:\/\/www.korhanyilmaz.com\/index.php?rest_route=\/wp\/v2\/types\/post"}],"author":[{"embeddable":true,"href":"http:\/\/www.korhanyilmaz.com\/index.php?rest_route=\/wp\/v2\/users\/1"}],"replies":[{"embeddable":true,"href":"http:\/\/www.korhanyilmaz.com\/index.php?rest_route=%2Fwp%2Fv2%2Fcomments&post=8429"}],"version-history":[{"count":0,"href":"http:\/\/www.korhanyilmaz.com\/index.php?rest_route=\/wp\/v2\/posts\/8429\/revisions"}],"wp:attachment":[{"href":"http:\/\/www.korhanyilmaz.com\/index.php?rest_route=%2Fwp%2Fv2%2Fmedia&parent=8429"}],"wp:term":[{"taxonomy":"category","embeddable":true,"href":"http:\/\/www.korhanyilmaz.com\/index.php?rest_route=%2Fwp%2Fv2%2Fcategories&post=8429"},{"taxonomy":"post_tag","embeddable":true,"href":"http:\/\/www.korhanyilmaz.com\/index.php?rest_route=%2Fwp%2Fv2%2Ftags&post=8429"}],"curies":[{"name":"wp","href":"https:\/\/api.w.org\/{rel}","templated":true}]}}