{"id":8425,"date":"2009-04-19T08:03:05","date_gmt":"2009-04-19T05:03:05","guid":{"rendered":"http:\/\/www.korhanyilmaz.com\/?p=8425"},"modified":"2009-04-19T08:03:05","modified_gmt":"2009-04-19T05:03:05","slug":"%e2%80%9csaylan%e2%80%99in-resmi-hepimizin-vicdanini-yaraladi-ama-onun-arkasina-gizlenip-%e2%80%98herkes-sucsuz%e2%80%99-diyemeyiz%e2%80%9d","status":"publish","type":"post","link":"http:\/\/www.korhanyilmaz.com\/?p=8425","title":{"rendered":"\u201cSaylan\u2019\u0131n resmi hepimizin vicdan\u0131n\u0131 yaralad\u0131 ama onun arkas\u0131na gizlenip \u2018Herkes su\u00e7suz\u2019 diyemeyiz\u201d"},"content":{"rendered":"<p style=\"text-align: center;\"><img loading=\"lazy\" decoding=\"async\" class=\"aligncenter size-full wp-image-8426\" title=\"\u201cSaylan\u2019\u0131n resmi hepimizin vicdan\u0131n\u0131 yaralad\u0131 ama onun arkas\u0131na gizlenip \u2018Herkes su\u00e7suz\u2019 diyemeyiz\u201d\" src=\"http:\/\/www.korhanyilmaz.com\/wp-content\/uploads\/2009\/04\/190420090405094262506.jpg\" alt=\"\u201cSaylan\u2019\u0131n resmi hepimizin vicdan\u0131n\u0131 yaralad\u0131 ama onun arkas\u0131na gizlenip \u2018Herkes su\u00e7suz\u2019 diyemeyiz\u201d\" width=\"329\" height=\"210\" \/><\/p>\n<p style=\"text-align: justify;\"><strong>Uzun zamand\u0131r Mehmet Altan&#8217;la r\u00f6portaj yapmak istiyordum asl\u0131nda&#8230;<\/strong><br \/>\nYaz\u0131lar\u0131, sorular\u0131, televizyonda anlatt\u0131klar\u0131, bitmeyen enerjisi, \u00e7ok g\u00fcld\u00fc\u011f\u00fcm esprileri, ba\u015fkalar\u0131na benzemeyen alg\u0131s\u0131, d\u00fcnyay\u0131 kavrama bi\u00e7imi, demokrasi konusundaki k\u0131r\u0131lmaz inad\u0131, d\u00fc\u015fmanlar\u0131na ve sald\u0131r\u0131lara ald\u0131rmayan sa\u011flaml\u0131\u011f\u0131&#8230;<br \/>\nBunlardan sadece biri bile ondan r\u00f6portajdan istemeye de\u011ferdi.<br \/>\nAma o benim amcam&#8230;<br \/>\nBen bunlar\u0131 s\u00f6yledi\u011fimde bu laflar\u0131n \u00fczerine g\u00f6lge d\u00fc\u015fer, akrabalar\u0131n birbirleri i\u00e7in besledikleri be\u011feni, onlar\u0131n hak ettikleri \u00f6vg\u00fclere zarar verir endi\u015fesiyle bu iste\u011fimi hep erteledim.<br \/>\nTa ki bu hafta ba\u015f\u0131na kadar. <!--more--><br \/>\nErgenekon&#8217;un 12&#8217;nci dalgas\u0131, Genelkurmay&#8217;\u0131n toplant\u0131s\u0131 ve derken Mehmet Altan hakk\u0131nda, kendisinin deyimiyle &#8220;hayas\u0131z bir sava\u015f makinesi&#8221; taraf\u0131ndan ba\u015flat\u0131lan, as\u0131ls\u0131z dedikodu yay\u0131lana kadar.<br \/>\n&#8220;Mehmet Altan, Ergenekon&#8217;un 12&#8217;nci dalgas\u0131nda g\u00f6zalt\u0131na al\u0131nan T\u00fcrkan Saylan&#8217;\u0131n hastal\u0131\u011f\u0131yla ilgili ac\u0131mas\u0131z \u015feyler s\u00f6yledi.&#8221;<br \/>\nBuna inanan herkese ayn\u0131 \u015feyi sordum &#8220;Siz izlediniz mi, siz dinlediniz mi Mehmet Altan&#8217;\u0131n konu\u015fmas\u0131n\u0131?..&#8221;<br \/>\n\u00c7ok tuhaf ama hepsi &#8220;Hay\u0131r&#8221; dedi.<br \/>\nKimse izlememi\u015f ama herkes inanm\u0131\u015ft\u0131.<br \/>\n\u0130\u015fte o anda karar verdim -amcam da olsa- Mehmet Altan&#8217;la konu\u015fmaya.<br \/>\n\u0130nsanlar\u0131n &#8220;her t\u00fcrl\u00fc s\u00f6ylentiye&#8221; inand\u0131\u011f\u0131 bir \u00fclkede, haz\u0131rda bekleyen bu &#8220;d\u00fc\u015fmanl\u0131\u011f\u0131&#8221;, bu d\u00fc\u015fmanl\u0131\u011f\u0131n nedenlerini bana a\u00e7\u0131klamal\u0131yd\u0131.<br \/>\n&#8220;Amcamla konu\u015fmal\u0131 m\u0131y\u0131m?&#8221; endi\u015fesini a\u015fan ve asl\u0131nda hepimizi ilgilendiren bir bulan\u0131kl\u0131k ya\u015fan\u0131yordu.<br \/>\n&#8220;G\u00fczel, yaln\u0131z&#8221; ve tuhaf \u00fclkemizi konu\u015ftuk onunla.<br \/>\n\u00c7ok g\u00fczel ge\u00e7ti. Yine \u00e7ok \u015feyler \u00f6\u011fretti. Beni g\u00fcld\u00fcrd\u00fc&#8230;<br \/>\nK\u0131zd\u0131\u011f\u0131 zamanlardan \u00e7ok beni g\u00fcld\u00fcrd\u00fc\u011f\u00fc zamanlar onun &#8220;d\u00fc\u015fman\u0131&#8221; olmaktan korktum, \u00f6yle dalga ge\u00e7ilmek ger\u00e7ekten istemem \u00e7\u00fcnk\u00fc&#8230;<br \/>\nNot: R\u00f6portaj boyunca amcama &#8220;siz&#8221; diye hitap edece\u011fim, \u015fa\u015f\u0131rmay\u0131n&#8230;<\/p>\n<p style=\"text-align: justify;\"><strong>Ergenekon davas\u0131n\u0131n 12&#8217;nci dalgas\u0131nda evi aranan Prof. Dr. T\u00fcrkan Saylan&#8217;la ilgili siz ne dediniz? Tuhaf bir k\u0131zg\u0131nl\u0131k ve nefretle k\u0131nay\u0131p duruyorlar sizi ama ne dedi\u011finizi izlemi\u015f bir ki\u015fi bile g\u00f6rmedim hen\u00fcz. <\/strong><br \/>\nVicdan sahibi hi\u00e7 kimse T\u00fcrkan Saylan&#8217;\u0131n o resmini g\u00f6rd\u00fc\u011f\u00fcnde ba\u015fka bir \u015feyi \u00f6nemsemez. Ben babay\u0131m, ben hocay\u0131m, ayr\u0131ca insanl\u0131\u011f\u0131n ne oldu\u011funun s\u0131rr\u0131n\u0131 anlamaya \u00e7al\u0131\u015fan, \u00e7aba i\u00e7inde ge\u00e7irilen belirli bir ya\u015f\u0131n sahibiyim. O resmi g\u00f6r\u00fcp de buna &#8216;Oh olsun&#8217; diyecek hi\u00e7 kimse yoktur. Ben de b\u00f6yle bir \u015fey demedim. \u00c7ar\u015famba g\u00fcnk\u00fc yaz\u0131m\u0131n alt\u0131na not koydum, ne dedi\u011fimi televizyon kanal\u0131ndan birebir alarak. Ama \u00e7ok al\u00e7ak, hayas\u0131z bir psikolojik bir sava\u015f var. Bunu kamuoyuna de\u011fil ama gazetelere servis eden bir mekanizma var. Bunun d\u0131\u015f\u0131nda dinlediklerini yarg\u0131lamak \u00fczere dinleyen, iyi niyetli ama kampla\u015fm\u0131\u015f insanlar var. O y\u00fczden b\u00f6yle laflar dola\u015f\u0131yor. \u00d6nemsemiyorum. Sen de \u00f6nemseme. Bu t\u00fcr yalanlar, iftiralar hep olacak. Bu asl\u0131nda biraz da \u00e7aresizliklerini g\u00f6steriyor. Yalandan ba\u015fka s\u0131\u011f\u0131nacak bir yer bulam\u0131yorlar.\n<\/p>\n<p style=\"text-align: justify;\"><strong>Z\u0130RVE YAYINEV\u0130 \u0130\u00c7\u0130N NEDEN H\u0130\u00c7 SES \u00c7IKARMADILAR? <\/strong><\/p>\n<p style=\"text-align: justify;\"><strong>Peki bu d\u00fc\u015fmanl\u0131klar can\u0131n\u0131z\u0131 s\u0131km\u0131yor mu?<\/strong><br \/>\nT\u00fcrkiye stat\u00fckonun b\u00fct\u00fcn tahminlerinin \u00e7ok \u00f6tesinde de\u011fi\u015fime haz\u0131r, de\u011fi\u015fim talebi var. Ayr\u0131ca devletin i\u00e7inde \u00e7ok ciddi bir irade, de\u011fi\u015fimi destekliyor. M\u0130T&#8217;in 80&#8217;inci y\u0131l\u0131ndaki k\u00fcreselle\u015fmeyle ilgili saptamalar\u0131 Genelkurmay&#8217;dan \u00e7ok daha ileri noktadayd\u0131. D\u00fcnya dinamikleri var. O y\u00fczden can\u0131m s\u0131k\u0131lmaz benim, merak etme. Hayat\u0131m\u0131n hi\u00e7bir zaman\u0131nda olmad\u0131\u011f\u0131 kadar payla\u015f\u0131m ya\u015f\u0131yorum. Gerisi, kendimi \u00f6vmeye girer, burada keseyim. D\u00fc\u015fmanl\u0131k yapanlar hep ayn\u0131 odakt\u0131r. Binbir k\u0131l\u0131k i\u00e7ine girer ama halk\u0131n sa\u011fduyusu taraf\u0131ndan ke\u015ffedilir. Ve hi\u00e7bir zaman ger\u00e7ek bir varl\u0131\u011fa kavu\u015famazlar. O y\u00fczden hi\u00e7bir d\u00fc\u015fmanl\u0131\u011f\u0131 kaale de almam, ciddiye de&#8230; Bunlar\u0131n \u00e7e\u015fitli maskeleri olan ayn\u0131 adamlar oldu\u011funu bilirim. Adresleri de stat\u00fckodur.<\/p>\n<p style=\"text-align: justify;\"><strong>Ergenekon&#8217;un 12&#8217;nci dalgas\u0131nda \u00fcniversite rekt\u00f6rleri, hocalar\u0131 g\u00f6z alt\u0131na al\u0131nd\u0131. G\u00f6zalt\u0131lar\u0131n \u00fcniversitelere s\u0131\u00e7rayaca\u011f\u0131n\u0131 tahmin ediyor muydunuz? Yoksa \u015fa\u015f\u0131rd\u0131n\u0131z m\u0131?<\/strong><br \/>\nT\u00fcrkan Saylan&#8217;\u0131n resmi hepimizin vicdan\u0131n\u0131 yaralayan bir resimdi ama o resmin arkas\u0131na gizlenip herkesi su\u00e7suz il\u00e2n etme kurnazl\u0131\u011f\u0131n\u0131n da anlam\u0131 yok. \u00c7\u00fcnk\u00fc Ceza Kanunu de\u011fi\u015fti. Eskiden \u015f\u00fcphelendi\u011fi adam\u0131 al\u0131rd\u0131 polis, d\u00f6ve d\u00f6ve i\u015flemedi\u011fi su\u00e7u kabul ettirirdi. \u015eimdi delil bulunmadan san\u0131\u011fa gidilmiyor. O y\u00fczden suk\u00fbnetle bir bakmak laz\u0131m meselelere. Ayr\u0131ca san\u0131klardan birinin (Erol Manisal\u0131) Ergenekon san\u0131\u011f\u0131 Levent Ers\u00f6z&#8217;le kameraya \u00e7ekilmi\u015f bir konu\u015fmas\u0131 var. Onlara darbe tekniklerini \u00f6\u011fretiyor. Bir hoca Jandarma Komutanl\u0131\u011f\u0131&#8217;n\u0131n ba\u015f\u0131ndaki bir askerle niye g\u00f6r\u00fc\u015f\u00fcr ve ona niye darbe akl\u0131 verir? T\u00fcrkan Saylan&#8217;\u0131n sa\u011fl\u0131k durumu vicdanlar\u0131m\u0131z\u0131 nas\u0131l rahats\u0131z ettiyse, bir hocan\u0131n bu ili\u015fkileri de rahats\u0131z etmeli. Bu yap\u0131lanlar bana &#8216;Vicdanlar farkl\u0131 m\u0131 \u00e7al\u0131\u015f\u0131yor?&#8217; sorusunu sorduruyor. Saylan i\u00e7in aya\u011fa kalkanlar\u0131n neden Zirve Kitabevi&#8217;ndeki vah\u015fete sesini \u00e7\u0131karmad\u0131\u011f\u0131n\u0131 sorduruyor. Yoksa asl\u0131nda vicdan\u0131n\u0131z yok da Ergenekon&#8217;u kapatmak i\u00e7in mi vicdan\u0131n\u0131z var numaras\u0131 yap\u0131yorsunuz? Devlet o toplumun en \u00fcst \u00f6rg\u00fct\u00fcd\u00fcr. Bizde devletin oldu\u011fu her yerde paralel bir devlet daha var. O da Ergenekon Devleti&#8230; Bu dava devletin So\u011fuk Sava\u015f devletini tasviye hareketi. Bunu engellemeye \u00e7al\u0131\u015f\u0131yorlar.<\/p>\n<p style=\"text-align: justify;\"><strong>Ergenekon san\u0131\u011f\u0131 Kemal Alemdaro\u011flu d\u00f6neminde de \u0130stanbul \u00dcniversitesi&#8217;nde hocayd\u0131n\u0131z, sizin rekt\u00f6r\u00fcn\u00fczd\u00fc&#8230;<\/strong><br \/>\nKemal Alemdaro\u011flu benim rekt\u00f6r\u00fcm hi\u00e7bir zaman olmad\u0131 ama \u0130stanbul \u00dcniversitesi&#8217;nin rekt\u00f6r\u00fcyd\u00fc. Sonra Ergenekon san\u0131\u011f\u0131 olarak g\u00f6rd\u00fcm kendisini&#8230; Onun d\u00f6neminde ayr\u0131lan arkada\u015flar oldu, ama ben pes etmek yerine pes ettirmeyi seven biriyim. Yemin ettim. Beni tan\u0131mayan ama benimle u\u011fra\u015fan, bana bilgisayar vermeyecek kadar k\u00fc\u00e7\u00fclen birisinin gitmesinden \u00f6nce gitmemek \u00fczerine yemin ettim. \u0130simler hi\u00e7 \u015fa\u015f\u0131rtmad\u0131 tabii ki. Ama olaya isimler \u00fczerinden de\u011fil, kurumlar \u00fczerinden bakal\u0131m. 12 Eyl\u00fcl Askeri Darbesi 1402&#8217;likler diye bir \u015fey olu\u015fturdu. Koskoca bir hoca grubunu \u00fcniversiteden att\u0131. En parlak hocalar\u0131yd\u0131 \u00fcniversitelerin. Kim att\u0131 bunlar\u0131? Di\u011fer hocalar. Demek ki askeriyeyle i\u015fbirli\u011fi yaparak en parlak hocalar\u0131 atan birileri var \u00fcniversitelerde&#8230; Niye darbeye kar\u015f\u0131 \u00e7\u0131kmad\u0131 da, arkada\u015flar\u0131n\u0131n at\u0131lmas\u0131na g\u00f6z yumdu o hocalar, rekt\u00f6rler, dekanlar? Laiklik d\u0131\u015f\u0131nda hi\u00e7bir \u015feye hassasiyetlerini g\u00f6rmedim. \u00c7a\u011fda\u015f bir d\u00fcnyadan yanaysa \u00fcniversite, 27 Nisan e-muht\u0131ras\u0131 askeri iradenin, Meclis&#8217;e anayasal su\u00e7 i\u015fleyerek m\u00fcdahalesiydi. Niye \u00fcniversiteler bildiri yay\u0131nlamad\u0131, &#8216;Bu kabul edilemez&#8217; diye. Laiklik olunca \u00e7ok ilericiler de askeri m\u00fcdahale olunca niye bu kadar sa\u011f\u0131r, k\u00f6r ve dilsizler? Demek ki bu kurumlardaki baz\u0131 ki\u015filerin askerle b\u00fcy\u00fck yak\u0131nl\u0131klar\u0131 var. Bu ki\u015filer yery\u00fcz\u00fcn\u00fcn bilimsel kalelerinin \u015f\u00f6valyeleri de\u011fil, k\u0131\u015fla-cami kavgas\u0131ndaki k\u0131\u015fladan yana memurlard\u0131r anlay\u0131\u015f olarak. Bu anlay\u0131\u015f y\u00fcz\u00fcnden giderek \u00fcniversite olmaktan \u00e7\u0131kan kurumlar olarak duruyoruz.<\/p>\n<p style=\"text-align: justify;\">Bu g\u00f6zalt\u0131na al\u0131nmalarda usulen yap\u0131lan yanl\u0131\u015flar var. S\u00fcrekli bunlar tart\u0131\u015f\u0131ld\u0131\u011f\u0131 i\u00e7in de Ergenekon Davas\u0131&#8217;nda her g\u00f6zalt\u0131na al\u0131nan haks\u0131zl\u0131\u011fa u\u011fruyor gibi bir inan\u00e7 olu\u015fuyor.<br \/>\nBen Ergenekon&#8217;un \u00e7ok \u00f6nemli oldu\u011funa inan\u0131yorum. Ama ceza muhakemelerine ayk\u0131r\u0131, vicdan\u0131 rahats\u0131z eden \u015feyler de yap\u0131lmas\u0131n\u0131 istemiyorum.T\u00fcrkan Saylan&#8217;\u0131n g\u00f6r\u00fcnt\u00fclerinin hepimizin vicdan\u0131n\u0131 do\u011frudan rahats\u0131z edece\u011fini bile bile bu i\u015f yap\u0131l\u0131yorsa acaba bunu g\u00f6ze almalar\u0131n\u0131 gerektiren, bilmedi\u011fimiz bir \u015feyler mi var diye merak ediyorum. En k\u0131sa s\u00fcrede bir a\u00e7\u0131klama yap\u0131lmas\u0131 laz\u0131m. Saylan&#8217;\u0131n g\u00f6r\u00fcnt\u00fcleri herkesi yaralad\u0131. Ya \u00f6z\u00fcr dilemeliler ya kendi nedenlerini a\u00e7\u0131klamal\u0131lar.<\/p>\n<p style=\"text-align: justify;\"><strong>G.Kurmay Ba\u015fkan\u0131 \u0130lker Ba\u015fbu\u011f&#8217;un son konu\u015fmas\u0131n\u0131 nas\u0131l buldunuz?<\/strong><br \/>\nO metnin i\u00e7inden bir \u015fey bulup \u00e7\u0131karamad\u0131m. Her \u015feyin tersini de bar\u0131nd\u0131ran bir metin o. Bir taraftan AB \u00fcyesi, \u00f6te taraftar ulus-devlet olamazs\u0131n. T\u00fcrkiye&#8217;nin \u00f6l\u00e7\u00fcs\u00fc AB&#8217;dir. Ulus-devlet de\u011fil. \u00c7\u00fcnk\u00fc Anayasam\u0131z\u0131n 90. maddesinin son f\u0131kras\u0131 Avrupa \u0130nsan Haklar\u0131 Mahkemesi&#8217;nin ald\u0131\u011f\u0131 b\u00fct\u00fcn kararlar\u0131 kendi hukukunun \u00fcst\u00fcnde tutuyor. Zaten ulus-devleti a\u015fm\u0131\u015fs\u0131n sen Anayasa&#8217;nda bu de\u011fi\u015fikli\u011fi yaparken. Benim ordudan bekledi\u011fim \u00e7a\u011fda\u015f demokrasilere sayg\u0131 g\u00f6stermesi, siyasete hi\u00e7 bula\u015fmadan kendi konumunu kabullenip savunma \u00fcst\u00fcne yapmas\u0131 konu\u015fmas\u0131n\u0131.\n<\/p>\n<p style=\"text-align: justify;\"><strong>\u0130LKER BA\u015eBU\u011e \tTAM B\u0130R S\u0130YASET\u00c7\u0130\tG\u0130B\u0130 KONU\u015eTU<\/strong><\/p>\n<p style=\"text-align: justify;\"><strong>Siyasi bir konu\u015fma m\u0131yd\u0131?<\/strong><br \/>\nTamamen siyasi. Ayr\u0131ca tabii deh\u015fete d\u00fc\u015ft\u00fcm. Bir gazeteci, bunu parlamentonun, B\u00fcy\u00fck Millet Meclis Ba\u015fkan\u0131&#8217;na sorup yorumlat\u0131yor. Genelkurmay Ba\u015fkan\u0131&#8217;n\u0131n a\u00e7\u0131l\u0131mlar\u0131n\u0131 nas\u0131l buldu\u011funu parlamento ba\u015fkan\u0131na sormay\u0131 normal kar\u015f\u0131l\u0131yor. O da cevap veriyor. Demokrasinin ne oldu\u011funu bilen bir adam i\u00e7in deh\u015fet verici bunlar. Bu insanlarla, kurumlarla ilgili bir \u015fey de\u011fil. Ben \u00e7a\u011fda\u015f demokrasi kurallar\u0131yla \u00e7eli\u015fen yanl\u0131\u015flar\u0131 ele\u015ftiriyorum. Bunun insanlarla, \u015fah\u0131slarla, kurumlarla, orduyla, Genelkurmay&#8217;la, Genelkurmay Ba\u015fkan\u0131&#8217;yla ilgisi yok. Benim derdim yap\u0131lan yanl\u0131\u015flarla. Ben T\u00fcrk&#8217;e g\u00f6re bir uygulaman\u0131n, T\u00fcrk&#8217;e g\u00f6re bir ilkenin, T\u00fcrk&#8217;e g\u00f6re bir anlay\u0131\u015f\u0131n kabul edilmesini hi\u00e7bir zaman i\u00e7ime sindirmedim. Onun i\u00e7in hep d\u00fcnya vatanda\u015fl\u0131\u011f\u0131 diyorum, AB diyorum. Yoksa T\u00fcrkiye&#8217;ye g\u00f6re uygulamalar yap\u0131ld\u0131\u011f\u0131 vakit, d\u00fcnya standartlar\u0131ndan \u00f6yle sapmalar g\u00f6steriyor ki bunlar\u0131 bu \u00fclke insanlar\u0131n\u0131n a\u015fa\u011f\u0131lanma, hakaret olarak kabul etmesi gerekir.<\/p>\n<p style=\"text-align: justify;\"><strong>Ama herkes &#8216;\u00c7ok olumlu bir geli\u015fme&#8217; diyor. Buna kat\u0131l\u0131r m\u0131s\u0131n\u0131z?<\/strong><br \/>\n\u00c7\u00fcnk\u00fc buradaki \u00f6l\u00e7\u00fc d\u00fcnyadaki demokrasilerin nas\u0131l i\u015fledi\u011fi, halk iradesi, halk egemenli\u011fi, parlamento, siyaset falan de\u011fil. Askerin kendisi \u00f6l\u00e7\u00fc olunca, \u00f6l\u00e7\u00fc olan da biraz olumlu k\u0131m\u0131lday\u0131nca &#8220;Harika&#8221; diye ba\u011f\u0131r\u0131yorlar. D\u00fcnya standartlar\u0131n\u0131 \u00f6l\u00e7\u00fc almay\u0131p, askeri \u00f6l\u00e7\u00fc ald\u0131\u011f\u0131n\u0131zda her t\u00fcrl\u00fc yorum da askerin hareketine g\u00f6re oluyor. Halbuki burada \u00f6l\u00e7\u00fc al\u0131nmamas\u0131 gereken \u015fey askerin siyasetle ilgisi. \u00c7\u00fcnk\u00fc kastettikleri \u015fey, buran\u0131n tek bir patronu vard\u0131r. O da askeriyedir. Hi\u00e7bir kurumu asl\u0131nda hi\u00e7 kimse ciddiye alm\u0131yor, asker d\u0131\u015f\u0131nda. Tek standard\u0131n asker olarak kabul edildi\u011fi ve bunu ortakla\u015fa i\u00e7imize sindirdi\u011fimiz, bir realite olarak g\u00f6rd\u00fc\u011f\u00fcm\u00fcz \u00f6z\u00fcnde \u00e7ok da rahats\u0131zl\u0131k duymad\u0131\u011f\u0131m\u0131z bir ortak alg\u0131 var. Onun i\u00e7in de 2 saatlik konu\u015fmay\u0131, b\u00fcy\u00fck kalabal\u0131k dinliyor.<\/p>\n<p style=\"text-align: justify;\"><strong>K\u00fcrt sorunuyla ilgili olumlu geli\u015fme diyebilece\u011fimiz bir konu\u015fma de\u011fil miydi?<\/strong><br \/>\nK\u00fcrtler&#8217;in talepleri, Atat\u00fcrk&#8217;\u00fcn buna &#8220;T\u00fcrkiye halk\u0131&#8221; demesiyle ilgili de\u011fil. Yani oradaki &#8220;millet&#8221; laf\u0131 \u00f6nemli. Bir kere demokrasilerde parlamento dururken bunlar\u0131 askerin a\u00e7\u0131l\u0131m\u0131na g\u00f6re de\u011ferlendirmek yanl\u0131\u015f. Ama bu yanl\u0131\u015f\u0131 tart\u0131\u015facaksak da mesele bir K\u00fcrt&#8217;\u00fcn &#8220;Ben T\u00fcrk milletinden de\u011filim&#8221; diye bas bas ba\u011f\u0131rmas\u0131yla ilgili. Yani ona &#8220;T\u00fcrkiye halk\u0131&#8221; dedin diye sorun \u00e7\u00f6z\u00fclm\u00fcyor. Siz &#8220;T\u00fcrk milleti&#8221; dedi\u011finiz vakit K\u00fcrtler &#8220;Biz T\u00fcrk milletinden de\u011filiz, ba\u015fka bir milletiz&#8221; diyor. Onu \u00e7\u00f6zecek mesele de Atat\u00fcrk&#8217;\u00fcn deyi\u015fleri, yahut halk\u0131n ba\u015f\u0131ndaki T\u00fcrkiye laf\u0131 de\u011fil, temel hak ve \u00f6zg\u00fcrl\u00fcklere g\u00f6re \u00e7a\u011fda\u015f demokrasi. Yani mesela 66. maddede Anayasa&#8217;n\u0131n vatanda\u015fl\u0131k tan\u0131mlamas\u0131 var. Burada TC vatanda\u015flar\u0131n\u0131n hepsinin T\u00fcrk oldu\u011fu yaz\u0131yor. Halbuki TC vatanda\u015flar\u0131n\u0131n hepsinin buran\u0131n yurtta\u015f\u0131 oldu\u011funu s\u00f6ylemek yeterlidir. \u0130lla bir T\u00fcrk&#8217;t\u00fcr, K\u00fcrtt\u00fcr, vesairedir vurgusu yapmaya gerek yok. Vatanda\u015fl\u0131k hukuksal bir ba\u011f, niye biz bu hukuksal ba\u011f\u0131n i\u00e7ine ba\u015fka aidiyet koyuyoruz. Onun aidiyeti hukukla ba\u015fl\u0131yor, hukukla bitiyor. Sen i\u00e7ine bir \u0131rk koydu\u011fun vakit bu rahats\u0131z ediyor. O \u00e7\u00f6z\u00fcm\u00fcn neden bu kadar \u00fcst\u00fcne atlad\u0131lar anlayamad\u0131m. Yani halkla millet ayr\u0131 \u015feyler. Orada \u00f6nemli olan halk\u0131n ne oldu\u011fu de\u011fil, milleti nas\u0131l tan\u0131mlad\u0131\u011f\u0131. Mesele burada odaklan\u0131yor. Onda da hi\u00e7bir de\u011fi\u015fiklik yok. Halk\u0131n i\u00e7inde \u00e7ok \u00e7e\u015fitli milletlerden de adamlar olabilir. Ama millet tan\u0131m\u0131 dedi\u011fin vakit bunu d\u0131\u015fl\u0131yor.<\/p>\n<p style=\"text-align: justify;\"><strong>Konu\u015fmay\u0131 dinlerken tam olarak neye dikkat ettiniz? Konu\u015fman\u0131n sizi etkileyecek hi\u00e7bir yan\u0131 olmad\u0131 m\u0131?<\/strong><br \/>\nBu konu\u015fmay\u0131 dinlerken T\u00fcrkiye&#8217;nin kendi \u00e7\u0131karlar\u0131 do\u011frultusunda sorunlar\u0131n\u0131 \u00e7\u00f6z\u00fcp \u00e7\u00f6zemeyece\u011fine, uluslararas\u0131 deste\u011fi kendi \u00e7\u0131kar\u0131na kullan\u0131p kullanamayaca\u011f\u0131na bakt\u0131m. Ama oradaki performans, h\u00fck\u00fcmetin daha sonraki beyanlar\u0131, \u015fu anda T\u00fcrkiye&#8217;nin sevk ve idaresini sa\u011flayanlar\u0131n sorunlar\u0131 bar\u0131\u015f\u00e7\u0131l y\u00f6nde \u00e7\u00f6zme, rahatlatma, enerjiyi t\u00fcketmeme konusunda gereken demokratik bir radikalizmden uzak oldu\u011funu g\u00f6steriyor. Bundan da \u00fcrk\u00fcyorum. \u00c7\u00fcnk\u00fc kendi kadrolar\u0131m\u0131z bunu ba\u015faramazsa d\u00fcnya sistemi bizi h\u0131rpalayarak bunu yapacak. Bundan \u00fcrkerim. Bu ger\u00e7ekleri alg\u0131lam\u0131\u015f bir konu\u015fma de\u011fildi o. Daha sofistike, daha nitelikli, daha \u00e7a\u011fda\u015f, daha d\u00fcnyal\u0131, daha tutarl\u0131 bir ordu istiyor art\u0131k insan.<\/p>\n<p style=\"text-align: justify;\"><strong>Olumlu hi\u00e7bir \u015fey yok mu peki?<\/strong><br \/>\nT\u00fcrkiye&#8217;yi \u00f6l\u00e7\u00fc al\u0131rsan, T\u00fcrk ordusunu patron kabul edersen ve b\u00fct\u00fcn hayat\u0131n analizlerini, askeriye \u00fczerinden yaparsan evet her \u015fey biraz daha esnemi\u015f, olumlu, demokrasi daha \u00e7ok telaffuz ediliyor. Pollyannac\u0131l\u0131k oynad\u0131\u011f\u0131n zaman olumlu \u015feyler var. Sen K\u00fcrt meselesini T\u00fcrkiye halk\u0131 diye yakla\u015farak \u00e7\u00f6zersen, 27 Nisan muht\u0131ras\u0131nda da &#8220;Ne mutlu T\u00fcrk\u00fcm diyene demeyen vatan hainidir&#8221; demenin de \u00f6zele\u015ftiri yapacaks\u0131n. O orada duruyor \u00e7\u00fcnk\u00fc.<\/p>\n<p style=\"text-align: justify;\"><strong>Siz de ilk defa davet ediliyorsunuz Genelkurmay toplant\u0131s\u0131na de\u011fil mi? \u015ea\u015f\u0131rd\u0131n\u0131z m\u0131 buna? <\/strong><br \/>\nBu i\u015fleri ki\u015fisel olarak de\u011ferlendirmem. AB standartlar\u0131nda bir demokrasiden, askerin AB standartlar\u0131na uygun bir noktada durmas\u0131ndan yanay\u0131m. Yani bunu talep etmeye devam ederken beni \u00e7a\u011f\u0131r\u0131rlarsa tavr\u0131m da, g\u00f6r\u00fc\u015f\u00fcm de de\u011fi\u015fmez. \u00c7a\u011f\u0131rmazlarsa da de\u011fi\u015fmez. Bunu AB standartlar\u0131nda bir demokrasi \u00f6zlemi\u015f birisinin ele\u015ftirileri olarak alg\u0131lamak laz\u0131m. Genelkurmay&#8217;\u0131n oda\u011f\u0131nda bir hayat\u0131, bu anlay\u0131\u015f\u0131, toplant\u0131y\u0131 7-8 kanal\u0131n canl\u0131 yay\u0131nlamas\u0131n\u0131, askeri ceza kanununa g\u00f6re hi\u00e7bir askerin siyasi deme\u00e7 vermemesi gerekti\u011fini bildi\u011fimiz halde alk\u0131\u015flarla kar\u015f\u0131lanan bir konu\u015fmay\u0131 normal buluyoruz. T\u00fcrkiye&#8217;nin standartlar\u0131n\u0131n, zenginli\u011finin, \u00f6zg\u00fcrl\u00fc\u011f\u00fcn\u00fcn, refah\u0131n\u0131n, kurallar\u0131n\u0131n, ilkelerinin \u00e7a\u011fda\u015f bir \u00f6l\u00e7\u00fcye gelmesi gerekti\u011fine inanan ve bunun pe\u015finde ko\u015fan birisiyim. Ama bu toplant\u0131 da g\u00f6sterdi ki T\u00fcrkiye bundan \u00e7ok uzak.\n<\/p>\n<p style=\"text-align: justify;\"><strong>AKP, Obama&#8217;n\u0131n istedi\u011fi \u00e7izgiye oturabilmi\u015f de\u011fil&#8230;<\/strong><\/p>\n<p style=\"text-align: justify;\">&#8220;Amerika, M\u00fcsl\u00fcman bir \u00fclkenin demokrat olabilece\u011fini ispata \u00e7al\u0131\u015f\u0131yor. Zengin, \u00f6zg\u00fcr, AB standarlar\u0131na kavu\u015fmu\u015f bir M\u00fcsl\u00fcman \u00fclke olmas\u0131n\u0131 istiyor. M\u00fcsl\u00fcmanl\u0131kla demokratl\u0131\u011f\u0131 bir arada AB standartlar\u0131nda g\u00f6t\u00fcrebilirsek, a\u011fz\u0131m\u0131zdan burnumuzdan tereya\u011f\u0131 f\u0131\u015fk\u0131racak, emsal bir \u00fclke olaca\u011f\u0131z. Ortado\u011fu&#8217;nun ve Kafkaslar&#8217;\u0131n y\u0131ld\u0131z\u0131 haline d\u00f6n\u00fc\u015fece\u011fiz. Obama&#8217;n\u0131n M\u00fcsl\u00fcman laik vurgusu s\u00fcrekli yapmas\u0131n\u0131n nedeni bu. AKP maalesef muhafazak\u00e2rl\u0131kla demokratl\u0131\u011f\u0131 her zaman dengede tutabilen bir parti de\u011fil. Obama da halen ondan medet ummakla beraber d\u00fczelmesi i\u00e7in mesajlar veriyor. \u015eu an bilgisayarc\u0131lar\u0131n iktidar\u0131 Amerika&#8217;da. Bunlar \u00e7at\u0131\u015fma istemiyor. Herkesin kendi sorununu \u00e7\u00f6zmesini, bir yandan da kendini geli\u015ftirmesi, bilgisayarlara kay\u0131t olu\u015fturmas\u0131, kalk\u0131nmas\u0131, zenginle\u015fmesini istiyorlar. \u0130leri teknolojilere talep yaratmas\u0131n\u0131 istiyorlar. &#8221;<br \/>\n<strong><br \/>\n12 Eyl\u00fcl sonras\u0131 \u00fcniversiteler garnizona d\u00f6nd\u00fc<\/strong><\/p>\n<p style=\"text-align: justify;\"><strong>\u00dcniversitede hoca olmaktan s\u0131k\u0131ld\u0131\u011f\u0131n\u0131z oldu mu hi\u00e7?<\/strong><br \/>\nGiderek nitelik kaybediyor \u00fcniversiteler. Alt\u0131n darbeyi zaten 12 Eyl\u00fcl vurmu\u015ftu. Garnizonun par\u00e7as\u0131 haline getirdi \u00fcniversiteleri. K\u0131\u015flan\u0131n sivil uzant\u0131s\u0131 haline gelmi\u015f hepsi. Yerel olmaz \u00fcniversite. Benim i\u00e7in a\u015fkt\u0131r \u00fcniversite. O a\u015fk\u0131 ya\u015fayamad\u0131m. Bireysel zorluk \u00e7ok ya\u015famad\u0131m ama uluslararas\u0131 bir \u00f6l\u00e7\u00fcy\u00fc, zarafeti, letafeti, inceli\u011fi bir yang\u0131n yerinde arar gibi hissettim hep kendimi.\n<\/p>\n<p style=\"text-align: justify;\"><strong>\u0130ncirlik \u00dcss\u00fc&#8217;n\u00fc protesto etmeyen ulusalc\u0131 olur mu?<\/strong><\/p>\n<p style=\"text-align: justify;\"><strong>Darbe yapmak isteyenlerin ya da kendini ulusalc\u0131 diye tan\u0131mlayanlar\u0131n asl\u0131nda ne istediklerini anlamaya \u00e7al\u0131\u015ft\u0131n\u0131z m\u0131 hi\u00e7? Bir ulusalc\u0131 ne ister?<\/strong><br \/>\nGer\u00e7ekten ulusalc\u0131ysa biri nas\u0131l olur da y\u0131llard\u0131r orada duran \u0130ncirlik Askeri \u00dcss\u00fc&#8217;n\u00fc merak etmez? Orada ne oluyor bilen var m\u0131? Neden acaba kald\u0131rmak i\u00e7in kampanya yapm\u0131yorlar? T\u00fcrk insan\u0131n\u0131n ya\u015fam kalitesininin, refah\u0131n\u0131n, \u00f6zg\u00fcrl\u00fc\u011f\u00fcn\u00fcn geli\u015fmesini istemeyen, bilim ve teknoloji \u00fcretiminden bahsetmeyen, patent say\u0131s\u0131n\u0131 art\u0131rmay\u0131 hedeflemeyen ulusalc\u0131l\u0131k sadece s\u00f6m\u00fcrge aray\u0131\u015f\u0131 olabilir. Askerin patent say\u0131s\u0131 \u00fczerine konu\u015fmas\u0131n\u0131 \u00e7ok isterim. Modernitenin ta\u015f\u0131y\u0131c\u0131s\u0131n\u0131n askeriye oldu\u011funu s\u00f6yledi Genelkurmay Ba\u015fkan\u0131&#8230; Oysa bunun ta\u015f\u0131y\u0131c\u0131s\u0131 her yerde burjuvazidir.\n<\/p>\n<p style=\"text-align: justify;\"><strong>AKP&#8217;ye kalsa Ergenekon \u00e7oktan kapan\u0131rd\u0131 ama bu i\u015f onlar\u0131 a\u015ft\u0131<\/strong><\/p>\n<p style=\"text-align: justify;\"><strong>AKP kar\u015f\u0131tlar\u0131n\u0131n savundu\u011fu bir mesele haline d\u00f6nd\u00fc Ergenekon. AKP ger\u00e7ekten Ergenekon&#8217;un \u00fcst\u00fcne gidiyor mu sizce? <\/strong><br \/>\nBence AKP&#8217;ye kalsa Ergenekon kapan\u0131r bile. AK Parti&#8217;yi a\u015fan bir irade Ergenekon&#8217;un pe\u015finde. Siyaset kurumuyla askeri kurumlar\u0131n anla\u015fmas\u0131n\u0131 \u00f6nleyen ba\u015fka bir irade \u00e7al\u0131\u015f\u0131yor. AKP&#8217;nin de onay\u0131 var ayr\u0131ca. Ama onaylamasalar bile bu i\u015f s\u00fcrecek gibi g\u00f6z\u00fck\u00fcyor. \u00c7\u00fcnk\u00fc herkes paralel devletini temizledi T\u00fcrkiye temizlemedi, G\u00fcneydo\u011fu&#8217;da kulland\u0131. Ve hastaland\u0131 T\u00fcrkiye. D\u00fcnya sistemi Ergenekon&#8217;u tasfiye ederek T\u00fcrkiye&#8217;yi tedavi ediyor. Ama bunu kendi kendimize yaparak iyile\u015fmemizi istiyorlar. Buras\u0131 NATO \u00fclkesi. Burada NATO&#8217;nun ve Amerika Birle\u015fik Devletleri&#8217;nin istemedi\u011fi hi\u00e7bir darbe olmaz. Bu sefer darbeyi yapamad\u0131lar, \u00e7\u00fcnk\u00fc Amerika istemedi.\n<\/p>\n<p style=\"text-align: justify;\"><span style=\"color: #888888;\">Kaynak : Sanem Altan &#8211; Vatan<\/span><\/p>\n","protected":false},"excerpt":{"rendered":"<p style=\"text-align: center;\">\n<p style=\"text-align: justify;\">Uzun zamand\u0131r Mehmet Altan&#8217;la r\u00f6portaj yapmak istiyordum asl\u0131nda&#8230; Yaz\u0131lar\u0131, sorular\u0131, televizyonda anlatt\u0131klar\u0131, bitmeyen enerjisi, \u00e7ok g\u00fcld\u00fc\u011f\u00fcm esprileri, ba\u015fkalar\u0131na benzemeyen alg\u0131s\u0131, d\u00fcnyay\u0131 kavrama bi\u00e7imi, demokrasi konusundaki k\u0131r\u0131lmaz inad\u0131, d\u00fc\u015fmanlar\u0131na ve sald\u0131r\u0131lara ald\u0131rmayan sa\u011flaml\u0131\u011f\u0131&#8230; Bunlardan sadece biri bile ondan r\u00f6portajdan istemeye de\u011ferdi. Ama o benim amcam&#8230; Ben bunlar\u0131 s\u00f6yledi\u011fimde bu laflar\u0131n \u00fczerine <\/p>\n","protected":false},"author":1,"featured_media":0,"comment_status":"open","ping_status":"closed","sticky":false,"template":"","format":"standard","meta":{"footnotes":""},"categories":[7],"tags":[],"class_list":["post-8425","post","type-post","status-publish","format-standard","hentry","category-ekonomi","odd"],"_links":{"self":[{"href":"http:\/\/www.korhanyilmaz.com\/index.php?rest_route=\/wp\/v2\/posts\/8425","targetHints":{"allow":["GET"]}}],"collection":[{"href":"http:\/\/www.korhanyilmaz.com\/index.php?rest_route=\/wp\/v2\/posts"}],"about":[{"href":"http:\/\/www.korhanyilmaz.com\/index.php?rest_route=\/wp\/v2\/types\/post"}],"author":[{"embeddable":true,"href":"http:\/\/www.korhanyilmaz.com\/index.php?rest_route=\/wp\/v2\/users\/1"}],"replies":[{"embeddable":true,"href":"http:\/\/www.korhanyilmaz.com\/index.php?rest_route=%2Fwp%2Fv2%2Fcomments&post=8425"}],"version-history":[{"count":0,"href":"http:\/\/www.korhanyilmaz.com\/index.php?rest_route=\/wp\/v2\/posts\/8425\/revisions"}],"wp:attachment":[{"href":"http:\/\/www.korhanyilmaz.com\/index.php?rest_route=%2Fwp%2Fv2%2Fmedia&parent=8425"}],"wp:term":[{"taxonomy":"category","embeddable":true,"href":"http:\/\/www.korhanyilmaz.com\/index.php?rest_route=%2Fwp%2Fv2%2Fcategories&post=8425"},{"taxonomy":"post_tag","embeddable":true,"href":"http:\/\/www.korhanyilmaz.com\/index.php?rest_route=%2Fwp%2Fv2%2Ftags&post=8425"}],"curies":[{"name":"wp","href":"https:\/\/api.w.org\/{rel}","templated":true}]}}