{"id":8421,"date":"2009-04-18T18:07:23","date_gmt":"2009-04-18T15:07:23","guid":{"rendered":"http:\/\/www.korhanyilmaz.com\/?p=8421"},"modified":"2009-04-18T18:07:23","modified_gmt":"2009-04-18T15:07:23","slug":"gunay%e2%80%99dan-ergenekon%e2%80%99a-12-mart-benzetmesi","status":"publish","type":"post","link":"http:\/\/www.korhanyilmaz.com\/?p=8421","title":{"rendered":"G\u00fcnay\u2019dan Ergenekon\u2019a 12 Mart benzetmesi"},"content":{"rendered":"<p style=\"text-align: center;\"><img loading=\"lazy\" decoding=\"async\" class=\"aligncenter size-full wp-image-8422\" title=\"G\u00fcnay\u2019dan Ergenekon\u2019a 12 Mart benzetmesi \" src=\"http:\/\/www.korhanyilmaz.com\/wp-content\/uploads\/2009\/04\/190420090400157492407.jpg\" alt=\"G\u00fcnay\u2019dan Ergenekon\u2019a 12 Mart benzetmesi \" width=\"329\" height=\"210\" \/><\/p>\n<p style=\"text-align: justify;\"><strong>&#8216;Ergenekon AKP&#8217;nin aleyhine i\u015fliyor&#8217;<\/strong><\/p>\n<p style=\"text-align: justify;\">Ergenekon&#8217;la ilgili en ilgin\u00e7 yorum Bakan Ertu\u011frul G\u00fcnay&#8217;dan geldi: 12 Mart geldi, darbecilik i\u015fine bula\u015fm\u0131\u015flar\u0131 ald\u0131. Sonra i\u015f suland\u0131. Burada da T\u00fcrkan Saylan. Velev ki i\u015fin i\u00e7inde olsun, onu g\u00f6rme ya&#8230;<\/p>\n<p style=\"text-align: justify;\">K\u00dcLT\u00dcR ve Turizm Bakan\u0131 Ertu\u011frul G\u00fcnay, Ergenekon&#8217;daki 12&#8217;nci dalga operasyonu ile ilgili geli\u015fmeleri de\u011ferlendirirken, &#8220;Bazen korkuyorum, i\u015fi sapt\u0131rmak i\u00e7in i\u00e7eride \u00f6zel gayretler mi var?&#8221; diye sordu. Bakanl\u0131k personelinin bir semineri i\u00e7in \u00f6nceki ak\u015fam Antalya&#8217;ya giden Bakan G\u00fcnay, d\u00fcn \u0130stanbul&#8217;a hareket etmeden \u00f6nce Ergenekon ile ilgili sorular\u0131 yan\u0131tlad\u0131. Bakan G\u00fcnay, \u00c7YDD Ba\u015fkan\u0131 T\u00fcrkan Saylan ve \u00fcyeleriyle, Ba\u015fkent \u00dcniversitesi Rekt\u00f6r\u00fc Prof. Dr. Mehmet Haberal&#8217;\u0131n da i\u00e7inde bulundu\u011fu Ergenekon&#8217;daki 12&#8217;nci dalga operasyonunu i\u00e7in &#8220;Bu son geli\u015fmeler tats\u0131z&#8221; dedi. G\u00fcnay, T\u00fcrkan Saylan ve \u00c7YDD&#8217;ye y\u00f6nelik operasyon i\u00e7in ise &#8220;\u00d6zellikle o i\u015f \u00e7ok sapt\u0131r\u0131c\u0131 bir\u015fey oldu. Bazen korkuyorum i\u015fi sapt\u0131rmak i\u00e7in i\u00e7eride \u00f6zel gayretler mi var&#8221; diye konu\u015ftu.<!--more--><\/p>\n<p style=\"text-align: justify;\"><strong>12 Mart&#8217;a benziyor<\/strong><\/p>\n<p style=\"text-align: justify;\">G\u00fcnay, &#8220;Ergenekon operasyonlar\u0131 nedeniyle iktidar partisine y\u00f6nelik ele\u015ftiriler artt\u0131. \u015eu anda Ergenekon&#8217;da s\u00fcre\u00e7 AKP&#8217;nin aleyhine mi i\u015fliyor?&#8221; sorusuna ise \u015fu yan\u0131t\u0131 verdi: &#8220;Kesin \u00f6yle oldu. Aleyhine i\u015fliyor. Bu \u015feye benziyor. 12 Mart geldi, darbecilik i\u015fine bula\u015fm\u0131\u015flar\u0131 ald\u0131. Sonra d\u00f6nd\u00fc Tar\u0131k Zafer Tunaya&#8217;y\u0131, B\u00fclent Nuri Esen&#8217;i almaya ba\u015flad\u0131 ve i\u015f suland\u0131. 12 Mart bir demokrasi d\u00fc\u015fman\u0131 hareketine d\u00f6n\u00fc\u015ft\u00fc. Burada da, bu kad\u0131nca\u011f\u0131z (T\u00fcrkan Saylan) velevki bu i\u015fin i\u00e7inde olsun, onu g\u00f6rme ya, onu g\u00f6rme ya&#8230; Daha neler var, onu g\u00f6rme ya&#8230;&#8221;<\/p>\n<p style=\"text-align: justify;\"><strong>12 MART&#8217;TA NE OLDU<\/strong><\/p>\n<p style=\"text-align: justify;\">12 Mart 1971&#8217;de Genelkurmay, Cumhurba\u015fkan\u0131 Cevdet Sunay&#8217;a muht\u0131ra verildi, h\u00fck\u00fbmetin istifaya zorland\u0131. Ard\u0131ndan 9 Mart&#8217;ta darbe yapaca\u011f\u0131 ileri s\u00fcr\u00fclen birtak\u0131m asker ve aralar\u0131ndan Ergenekon&#8217;da da ad\u0131 ge\u00e7en \u0130lhan Sel\u00e7uk&#8217;un da bulundu\u011fu \u00e7ok say\u0131da ayd\u0131n g\u00f6zalt\u0131na al\u0131nd\u0131. G\u00f6zalt\u0131lar t\u00fcm yurt genelinde \u00f6\u011frencileri, akademisyenleri de kapsayan geni\u015f alana yay\u0131ld\u0131. G\u00f6zalt\u0131na al\u0131nanlar i\u015fkenceli sorgulardan ge\u00e7irildi.<\/p>\n<p style=\"text-align: justify;\"><span style=\"color: #888888;\">Kaynak : Vatan<\/span><\/p>\n","protected":false},"excerpt":{"rendered":"<p style=\"text-align: center;\">\n<p style=\"text-align: justify;\">&#8216;Ergenekon AKP&#8217;nin aleyhine i\u015fliyor&#8217;<\/p>\n<p style=\"text-align: justify;\">Ergenekon&#8217;la ilgili en ilgin\u00e7 yorum Bakan Ertu\u011frul G\u00fcnay&#8217;dan geldi: 12 Mart geldi, darbecilik i\u015fine bula\u015fm\u0131\u015flar\u0131 ald\u0131. Sonra i\u015f suland\u0131. Burada da T\u00fcrkan Saylan. Velev ki i\u015fin i\u00e7inde olsun, onu g\u00f6rme ya&#8230;<\/p>\n<p style=\"text-align: justify;\">K\u00dcLT\u00dcR ve Turizm Bakan\u0131 Ertu\u011frul G\u00fcnay, Ergenekon&#8217;daki 12&#8217;nci dalga operasyonu ile <\/p>\n","protected":false},"author":1,"featured_media":0,"comment_status":"open","ping_status":"closed","sticky":false,"template":"","format":"standard","meta":{"footnotes":""},"categories":[105],"tags":[],"class_list":["post-8421","post","type-post","status-publish","format-standard","hentry","category-gundem","odd"],"_links":{"self":[{"href":"http:\/\/www.korhanyilmaz.com\/index.php?rest_route=\/wp\/v2\/posts\/8421","targetHints":{"allow":["GET"]}}],"collection":[{"href":"http:\/\/www.korhanyilmaz.com\/index.php?rest_route=\/wp\/v2\/posts"}],"about":[{"href":"http:\/\/www.korhanyilmaz.com\/index.php?rest_route=\/wp\/v2\/types\/post"}],"author":[{"embeddable":true,"href":"http:\/\/www.korhanyilmaz.com\/index.php?rest_route=\/wp\/v2\/users\/1"}],"replies":[{"embeddable":true,"href":"http:\/\/www.korhanyilmaz.com\/index.php?rest_route=%2Fwp%2Fv2%2Fcomments&post=8421"}],"version-history":[{"count":0,"href":"http:\/\/www.korhanyilmaz.com\/index.php?rest_route=\/wp\/v2\/posts\/8421\/revisions"}],"wp:attachment":[{"href":"http:\/\/www.korhanyilmaz.com\/index.php?rest_route=%2Fwp%2Fv2%2Fmedia&parent=8421"}],"wp:term":[{"taxonomy":"category","embeddable":true,"href":"http:\/\/www.korhanyilmaz.com\/index.php?rest_route=%2Fwp%2Fv2%2Fcategories&post=8421"},{"taxonomy":"post_tag","embeddable":true,"href":"http:\/\/www.korhanyilmaz.com\/index.php?rest_route=%2Fwp%2Fv2%2Ftags&post=8421"}],"curies":[{"name":"wp","href":"https:\/\/api.w.org\/{rel}","templated":true}]}}