{"id":8412,"date":"2009-04-18T16:18:09","date_gmt":"2009-04-18T13:18:09","guid":{"rendered":"http:\/\/www.korhanyilmaz.com\/?p=8412"},"modified":"2009-04-18T16:18:09","modified_gmt":"2009-04-18T13:18:09","slug":"anitkabirde-protesto","status":"publish","type":"post","link":"http:\/\/www.korhanyilmaz.com\/?p=8412","title":{"rendered":"An\u0131tkabir&#039;de protesto"},"content":{"rendered":"<p style=\"text-align: center;\"><img loading=\"lazy\" decoding=\"async\" class=\"aligncenter size-full wp-image-8413\" title=\"An\u0131tkabir'de protesto \" src=\"http:\/\/www.korhanyilmaz.com\/wp-content\/uploads\/2009\/04\/190420090303083781560.jpg\" alt=\"An\u0131tkabir'de protesto \" width=\"329\" height=\"210\" \/><\/p>\n<p style=\"text-align: justify;\"><strong>Ba\u015fkent \u00dcniversitesi Rekt\u00f6r\u00fc Prof. Dr. Mehmet Haberal&#8217;\u0131n tutuklanmas\u0131n\u0131 protesto eden ba\u015fta \u00f6\u011fretim \u00fcyeleri ve genci, ya\u015fl\u0131s\u0131, t\u00fcrbanl\u0131s\u0131 binlerce vatanda\u015f T\u00fcrk Bayraklar\u0131yla An\u0131tkabir&#8217;e \u00e7\u0131kt\u0131 <\/strong><\/p>\n<p style=\"text-align: justify;\">Ba\u015fkent \u00dcniversitesi Rekt\u00f6r\u00fc Prof. Dr. Mehmet Haberal&#8217;\u0131n Ergenekon soru\u015fturmas\u0131 kapsam\u0131nda tutuklanmas\u0131n\u0131 protesto eden Ba\u015fkent \u00dcniversitesi mensuplar\u0131 ile vatanda\u015flar, An\u0131tkabir&#8217;i ziyaret etti. Protesto g\u00f6sterisine d\u00f6nen ziyarette at\u0131lan sloganlar Cumhuriyet mitinglerini an\u0131msatt\u0131. An\u0131tkabir meydan\u0131ndaki yakla\u015f\u0131k 10 bin \u00f6\u011frenci, \u00f6\u011fretim \u00fcyesi ve vatanda\u015f, Arslanl\u0131 Yol&#8217;dan y\u00fcr\u00fcy\u00fc\u015fe ge\u00e7en Ba\u015fkent \u00dcniversitesi Rekt\u00f6r Vekili Prof. Dr. Korkut Ersoy ve beraberindekileri alk\u0131\u015flarla ve &#8220;T\u00fcrkiye laiktir, laik kalacak&#8221; sloganlar\u0131 ile kar\u015f\u0131lad\u0131. Arslanl\u0131 Yol&#8217;daki y\u00fcr\u00fcy\u00fc\u015f s\u0131ras\u0131nda kortejin en \u00f6n\u00fcnde \u00f6\u011fretim \u00fcyeleri yer ald\u0131 ve b\u00fcy\u00fck boy bir Atat\u00fcrk posteri ta\u015f\u0131nd\u0131. <!--more--><\/p>\n<p style=\"text-align: justify;\"><strong>CHP&#8217;den destek&#8230; <\/strong><\/p>\n<p style=\"text-align: justify;\">Ersoy&#8217;a An\u0131tkabir&#8217;in t\u00f6ren mihmandar\u0131 olan bir Yarbay refakat ederken; CHP Grup Ba\u015fkanvekili Hakk\u0131 S\u00fcha Okay, CHP milletvekili Nur Serter, YARSAV Ba\u015fkan\u0131 \u00d6mer Faruk Emina\u011fao\u011flu, \u00c7ankaya Belediye Ba\u015fkan\u0131 B\u00fclent Tan\u0131k, eski bakan Esat K\u0131ratl\u0131o\u011flu, baz\u0131 siyasi parti, \u00fcniversite ve sivil toplum \u00f6rg\u00fctlerinin \u00fcyeleri de kortejde yer ald\u0131. Kortejde Ba\u015fkent \u00dcniversitesi M\u00fctevelli Heyeti \u00fcyeleri ile \u00f6\u011fretim \u00fcyeleri de c\u00fcppeleri ve yakalar\u0131nda &#8220;Devrimlerinin Bek\u00e7ileriyiz&#8221; yaz\u0131l\u0131 Atat\u00fcrk foto\u011fraflar\u0131 ile y\u00fcr\u00fcd\u00fc.<\/p>\n<p style=\"text-align: justify;\"><strong>&#8216;\u015eikayet de\u011fil&#8230;&#8217;<\/strong><\/p>\n<p style=\"text-align: justify;\">An\u0131tkabir \u00d6zel Defteri&#8217;ni imzalayan Ersoy, \u015funlar\u0131 yazd\u0131: &#8220;Biz, buraya ziyaret\u00e7i olmak i\u00e7in de\u011fil, &#8216;bilim ve ak\u0131l&#8217; oldu\u011funu s\u00f6yledi\u011fin manevi miras\u0131na sahip \u00e7\u0131kma azmimizi hayk\u0131rmak i\u00e7in geldik. Biz Ba\u015fkent \u00dcniversiteliler, \u00e7a\u011fda\u015f uygarl\u0131\u011f\u0131 a\u015fma azmiyle ulus olarak \u00e7\u0131kt\u0131\u011f\u0131m\u0131z bu i\u015faret etti\u011fin yolda, ilerlememiz engellenemez bir kararl\u0131l\u0131kla s\u00fcrd\u00fcrece\u011fimizi ve emanetini, yeti\u015ftirece\u011fimiz gen\u00e7 ayd\u0131nl\u0131k ku\u015faklara g\u00fcvenle devredece\u011fimizi yineliyor, aziz varl\u0131\u011f\u0131n \u00f6n\u00fcnde bir kez daha sayg\u0131yla e\u011filiyoruz.&#8221;<\/p>\n<p style=\"text-align: justify;\">An\u0131tkabir \u00e7\u0131k\u0131\u015f\u0131nda konu\u015fan Ersoy, Prof. Haberal&#8217;\u0131n g\u00f6zalt\u0131 ve tutuklanmas\u0131 dolay\u0131s\u0131yla binlerce telefon, mail ald\u0131klar\u0131n\u0131, ziyaret\u00e7i ak\u0131n\u0131na u\u011frad\u0131klar\u0131n\u0131 belirterek, &#8220;Ama bize kat\u0131lmak isteyenlere de &#8216;gelmeyin&#8217; demedik. Baz\u0131 sivil toplum \u00f6rg\u00fctleri, siyasi partilerin yetkililerinin de aram\u0131zda oldu\u011funu g\u00f6rd\u00fck&#8221; dedi.<\/p>\n<p style=\"text-align: justify;\"><strong>Haberal posterleri al\u0131nmad\u0131 <\/strong><\/p>\n<p style=\"text-align: justify;\">* Ziyaret\u00e7iler, ellerindeki T\u00fcrk bayraklar\u0131, Atat\u00fcrk ve Haberal posterleriyle geldiler. Ancak An\u0131tkabir g\u00f6revlileri, giri\u015f kap\u0131s\u0131nda Haberal posterlerini toplad\u0131. \u0130\u00e7eride Haberal foto\u011fraf\u0131 bulunan posterler a\u00e7\u0131ld\u0131\u011f\u0131 g\u00f6r\u00fcld\u00fc.<\/p>\n<p style=\"text-align: justify;\">* Haberal&#8217;a destek vermek i\u00e7in An\u0131tkabir&#8217;e gelenler aras\u0131nda baz\u0131 t\u00fcrbanl\u0131 gen\u00e7 k\u0131zlar da yer ald\u0131.<\/p>\n<p style=\"text-align: justify;\">* &#8220;Mustafa Kemal&#8217;in askerleriyiz&#8221;, &#8220;Haberal nerede, biz oraday\u0131z&#8221;, &#8220;Haberal Tayyip&#8217;e beyin nakli yap&#8221; &#8220;H\u00fck\u00fcmet istifa&#8221;, &#8220;Ba\u015fkent&#8217;in yollar\u0131 \u015feriata kapal\u0131&#8221; sloganlar\u0131 at\u0131ld\u0131.<\/p>\n<p style=\"text-align: justify;\"><span style=\"color: #888888;\">Kaynak : Vatan<\/span><\/p>\n","protected":false},"excerpt":{"rendered":"<p style=\"text-align: center;\">\n<p style=\"text-align: justify;\">Ba\u015fkent \u00dcniversitesi Rekt\u00f6r\u00fc Prof. Dr. Mehmet Haberal&#8217;\u0131n tutuklanmas\u0131n\u0131 protesto eden ba\u015fta \u00f6\u011fretim \u00fcyeleri ve genci, ya\u015fl\u0131s\u0131, t\u00fcrbanl\u0131s\u0131 binlerce vatanda\u015f T\u00fcrk Bayraklar\u0131yla An\u0131tkabir&#8217;e \u00e7\u0131kt\u0131 <\/p>\n<p style=\"text-align: justify;\">Ba\u015fkent \u00dcniversitesi Rekt\u00f6r\u00fc Prof. Dr. Mehmet Haberal&#8217;\u0131n Ergenekon soru\u015fturmas\u0131 kapsam\u0131nda tutuklanmas\u0131n\u0131 protesto eden Ba\u015fkent \u00dcniversitesi mensuplar\u0131 ile vatanda\u015flar, An\u0131tkabir&#8217;i ziyaret etti. Protesto g\u00f6sterisine d\u00f6nen <\/p>\n","protected":false},"author":1,"featured_media":0,"comment_status":"open","ping_status":"closed","sticky":false,"template":"","format":"standard","meta":{"footnotes":""},"categories":[105],"tags":[],"class_list":["post-8412","post","type-post","status-publish","format-standard","hentry","category-gundem","odd"],"_links":{"self":[{"href":"http:\/\/www.korhanyilmaz.com\/index.php?rest_route=\/wp\/v2\/posts\/8412","targetHints":{"allow":["GET"]}}],"collection":[{"href":"http:\/\/www.korhanyilmaz.com\/index.php?rest_route=\/wp\/v2\/posts"}],"about":[{"href":"http:\/\/www.korhanyilmaz.com\/index.php?rest_route=\/wp\/v2\/types\/post"}],"author":[{"embeddable":true,"href":"http:\/\/www.korhanyilmaz.com\/index.php?rest_route=\/wp\/v2\/users\/1"}],"replies":[{"embeddable":true,"href":"http:\/\/www.korhanyilmaz.com\/index.php?rest_route=%2Fwp%2Fv2%2Fcomments&post=8412"}],"version-history":[{"count":0,"href":"http:\/\/www.korhanyilmaz.com\/index.php?rest_route=\/wp\/v2\/posts\/8412\/revisions"}],"wp:attachment":[{"href":"http:\/\/www.korhanyilmaz.com\/index.php?rest_route=%2Fwp%2Fv2%2Fmedia&parent=8412"}],"wp:term":[{"taxonomy":"category","embeddable":true,"href":"http:\/\/www.korhanyilmaz.com\/index.php?rest_route=%2Fwp%2Fv2%2Fcategories&post=8412"},{"taxonomy":"post_tag","embeddable":true,"href":"http:\/\/www.korhanyilmaz.com\/index.php?rest_route=%2Fwp%2Fv2%2Ftags&post=8412"}],"curies":[{"name":"wp","href":"https:\/\/api.w.org\/{rel}","templated":true}]}}