{"id":8406,"date":"2009-04-18T11:30:08","date_gmt":"2009-04-18T08:30:08","guid":{"rendered":"http:\/\/www.korhanyilmaz.com\/?p=8406"},"modified":"2009-04-18T11:30:08","modified_gmt":"2009-04-18T08:30:08","slug":"pkk-istanbulu-haraca-baglamis","status":"publish","type":"post","link":"http:\/\/www.korhanyilmaz.com\/?p=8406","title":{"rendered":"PKK \u0130stanbul&#039;u haraca ba\u011flam\u0131\u015f..!"},"content":{"rendered":"<p style=\"text-align: center;\"><img loading=\"lazy\" decoding=\"async\" class=\"size-full wp-image-8407  aligncenter\" title=\"PKK \u0130stanbul'u haraca ba\u011flam\u0131\u015f..! \" src=\"http:\/\/www.korhanyilmaz.com\/wp-content\/uploads\/2009\/04\/180420091545540035622.jpg\" alt=\"PKK \u0130stanbul'u haraca ba\u011flam\u0131\u015f..! \" width=\"329\" height=\"210\" \/><\/p>\n<p style=\"text-align: justify;\"><strong>DTP genel ba\u015fkan yard\u0131mc\u0131lar\u0131n\u0131n da g\u00f6zalt\u0131na al\u0131nd\u0131\u011f\u0131 PKK operasyonunun ayr\u0131nt\u0131lar\u0131 ortaya \u00e7\u0131kt\u0131<\/strong>\u0130ddiaya g\u00f6re DTP lideri T\u00fcrk, \u00f6rg\u00fct istedi\u011fi i\u00e7in Meclis&#8217;te K\u00fcrt\u00e7e konu\u015fmu\u015f. PKK \u0130stanbul&#8217;da pek \u00e7ok sanat\u00e7\u0131 ve i\u015fadam\u0131n\u0131 tehditle haraca ba\u011flam\u0131\u015f. Telefon dinlemelerine tak\u0131lan \u00fcnl\u00fclerin ifadesi al\u0131nacak.\u00a0<\/p>\n<p style=\"text-align: justify;\">Emniyet Genel M\u00fcd\u00fcrl\u00fc\u011f\u00fc&#8217;n\u00fcn, PKK ter\u00f6r \u00f6rg\u00fct\u00fcne y\u00f6nelik 11 ilde ba\u015flatt\u0131\u011f\u0131 operasyonun detaylar\u0131na ula\u015ft\u0131k. Diyarbak\u0131r ve \u0130stanbul Cumhuriyet Ba\u015fsavc\u0131l\u0131klar\u0131&#8217;n\u0131n y\u00fcr\u00fctt\u00fc\u011f\u00fc soru\u015fturmada Demokratik Toplum Partisi&#8217;ne (DTP) y\u00f6nelik ciddi iddialar bulunuyor. <!--more--><\/p>\n<p style=\"text-align: justify;\">Operasyonlarda g\u00f6zalt\u0131na al\u0131nan, DTP y\u00f6neticilerinin de aralar\u0131nda bulundu\u011fu \u015f\u00fcphelilerin ter\u00f6r \u00f6rg\u00fct\u00fc PKK&#8217;n\u0131n \u00fcst d\u00fczey sorumlular\u0131ndan ald\u0131klar\u0131 talimatlar do\u011frultusunda, &#8216;K\u00fcrdistan Demokratik Toplulu\u011fu T\u00fcrkiye Meclisi&#8217; ad\u0131 alt\u0131nda \u015fehir timleri olu\u015fturduklar\u0131 \u00f6ne s\u00fcr\u00fcl\u00fcyor.<\/p>\n<p style=\"text-align: justify;\"><strong>\u00dcNL\u00dc \u0130S\u0130MLER MAKBUZDA<\/strong><\/p>\n<p style=\"text-align: justify;\">PKK&#8217;n\u0131n \u00f6zellikle \u0130stanbul&#8217;da geni\u015f bir hara\u00e7 sistemi olu\u015fturdu\u011fu da tespit edildi. \u0130ddiaya g\u00f6re T\u00fcrkiye&#8217;nin \u00e7ok \u00fcnl\u00fc sanat\u00e7\u0131lar\u0131 ve i\u015fadamlar\u0131na ula\u015fan \u00f6rg\u00fct \u00fcyeleri, &#8216;ba\u011f\u0131\u015f&#8217; ya da &#8216;hava paras\u0131&#8217; ad\u0131 alt\u0131nda<br \/>\n7 milyon TL para toplad\u0131. Ter\u00f6r \u00f6rg\u00fct\u00fcne ba\u011f\u0131\u015f veren i\u015fadamlar\u0131 aras\u0131nda baz\u0131 holdinglerin sahiplerinin bulundu\u011fu \u00f6ne s\u00fcr\u00fcl\u00fcyor.\n<\/p>\n<p style=\"text-align: justify;\">G\u00f6n\u00fcll\u00fc ba\u011f\u0131\u015f vermeye yana\u015fmayan ki\u015fileri tehdit eden \u00f6rg\u00fct\u00fcn, baz\u0131 sanat\u00e7\u0131lar\u0131 \u00f6rg\u00fcte ait ara\u00e7lara bindirerek \u0130stanbul&#8217;un \u00e7evresinde gezdirdi\u011fi ve k\u0131sa s\u00fcrelerle al\u0131koydu\u011fu, ba\u011f\u0131\u015f vermeye ikna ettikten sonra da serbest b\u0131rakt\u0131\u011f\u0131 di\u011fer bir iddia. Polisin, g\u00f6n\u00fcll\u00fc ya da tehditle ba\u011f\u0131\u015fta bulunan sanat\u00e7\u0131 ve holding y\u00f6neticileri ile \u00f6rg\u00fct \u00fcyeleri aras\u0131ndaki konu\u015fmalar\u0131 kayda ald\u0131\u011f\u0131 belirtildi. &#8216;Ba\u011f\u0131\u015f&#8217; ve &#8216;hava paras\u0131&#8217; ad\u0131yla toplanan hara\u00e7lar\u0131n makbuzlar\u0131 da ele ge\u00e7irildi. Telefon dinlemelerinde veya makbuzlarda isimleri ge\u00e7en sanat\u00e7\u0131 ve i\u015fadamlar\u0131n\u0131n ifadelerinin al\u0131naca\u011f\u0131 \u00f6\u011frenildi.<\/p>\n<p style=\"text-align: justify;\"><strong>MAHKEME KURMU\u015eLAR<\/strong><\/p>\n<p style=\"text-align: justify;\">G\u00f6zalt\u0131ndaki \u015f\u00fcphelilerin \u00f6rg\u00fcte ihanet eden ki\u015fileri de kurduklar\u0131 s\u00f6zde mahkemede yarg\u0131lad\u0131klar\u0131 ise iddialar aras\u0131nda. \u00d6rg\u00fct\u00fcn bu yarg\u0131lamalar i\u00e7in Diyarbak\u0131r&#8217;\u0131n Ba\u011flar \u0130l\u00e7esi&#8217;nde iki ayr\u0131 ev tuttu\u011fu belirtildi. S\u00f6zde mahkemede yarg\u0131lanan \u00fc\u00e7 ki\u015fi, ifadeleri al\u0131nd\u0131ktan sonra Diyarbak\u0131r Adliyesi&#8217;ne g\u00f6nderildi.<\/p>\n<p style=\"text-align: justify;\"><strong>TELEFONLARI D\u0130NLEND\u0130<\/strong><\/p>\n<p style=\"text-align: justify;\">Operasyonlardan \u00f6nce yakla\u015f\u0131k iki y\u0131l s\u00fcren teknik takip yap\u0131ld\u0131\u011f\u0131 ve DTP&#8217;li baz\u0131 milletvekillerinin de telefon dinlemelerine tak\u0131ld\u0131\u011f\u0131 \u00f6\u011frenildi. G\u00f6zalt\u0131ndaki \u00f6rg\u00fct y\u00f6neticilerinin 2 y\u0131l boyunca Kuzey Irak&#8217;taki \u00f6rg\u00fct liderleri Cemil Bay\u0131k ve Murat Karay\u0131lan ile Avrupa bulunan \u00f6rg\u00fct\u00fcn &#8216;Genel Sorumlusu&#8217; Sabri Ok ile telefonla g\u00f6r\u00fc\u015ft\u00fckleri tespit edildi. Dinlemeler sonucunda DTP&#8217;li baz\u0131 milletvekilleri ile \u00f6rg\u00fct aras\u0131ndaki ba\u011flant\u0131ya ula\u015f\u0131ld\u0131\u011f\u0131 \u00f6ne s\u00fcr\u00fcl\u00fcyor.<\/p>\n<p style=\"text-align: justify;\"><strong>UYU\u015eTURUCU T\u0130CARET\u0130 \u0130DD\u0130ASI<\/strong><\/p>\n<p style=\"text-align: justify;\">Diyarbak\u0131r ve pek \u00e7ok ilde anma g\u00fcnlerinde d\u00fckkan kepenklerinin kapat\u0131lmas\u0131 ve son aylarda otomobillerin molotofkokteylli sald\u0131r\u0131larla yak\u0131lmas\u0131 talimatlar\u0131n\u0131n da Cemil Bay\u0131k, Murat Karay\u0131lan ve Sabri Ok&#8217;tan geldi\u011fi iddia ediliyor. Telefon dinlemeleri sonucu \u00f6rg\u00fct y\u00f6neticilerinin uyu\u015fturucu ticareti yapt\u0131\u011f\u0131n\u0131n da belgelendi\u011fi ileri s\u00fcr\u00fcl\u00fcyor. Konu\u015fmalarda Avrupa&#8217;daki baz\u0131 \u00f6rg\u00fct y\u00f6neticilerinin T\u00fcrkiye&#8217;de uyu\u015fturucu yakalatan militanlar\u0131 &#8216;i\u015fbirlik\u00e7i&#8217; olmakla su\u00e7lay\u0131p \u00f6l\u00fcmle tehdit etti\u011finin yer ald\u0131\u011f\u0131 belirtiliyor.<\/p>\n<p style=\"text-align: justify;\"><span style=\"color: #888888;\">Kaynak : Ufuk T\u00fcrky\u0131lmaz &#8211; Ak\u015fam<\/span><\/p>\n","protected":false},"excerpt":{"rendered":"<p style=\"text-align: center;\">\n<p style=\"text-align: justify;\">DTP genel ba\u015fkan yard\u0131mc\u0131lar\u0131n\u0131n da g\u00f6zalt\u0131na al\u0131nd\u0131\u011f\u0131 PKK operasyonunun ayr\u0131nt\u0131lar\u0131 ortaya \u00e7\u0131kt\u0131\u0130ddiaya g\u00f6re DTP lideri T\u00fcrk, \u00f6rg\u00fct istedi\u011fi i\u00e7in Meclis&#8217;te K\u00fcrt\u00e7e konu\u015fmu\u015f. PKK \u0130stanbul&#8217;da pek \u00e7ok sanat\u00e7\u0131 ve i\u015fadam\u0131n\u0131 tehditle haraca ba\u011flam\u0131\u015f. Telefon dinlemelerine tak\u0131lan \u00fcnl\u00fclerin ifadesi al\u0131nacak. <\/p>\n<p style=\"text-align: justify;\">Emniyet Genel M\u00fcd\u00fcrl\u00fc\u011f\u00fc&#8217;n\u00fcn, PKK ter\u00f6r \u00f6rg\u00fct\u00fcne y\u00f6nelik 11 ilde <\/p>\n","protected":false},"author":1,"featured_media":0,"comment_status":"open","ping_status":"closed","sticky":false,"template":"","format":"standard","meta":{"footnotes":""},"categories":[105],"tags":[],"class_list":["post-8406","post","type-post","status-publish","format-standard","hentry","category-gundem","odd"],"_links":{"self":[{"href":"http:\/\/www.korhanyilmaz.com\/index.php?rest_route=\/wp\/v2\/posts\/8406","targetHints":{"allow":["GET"]}}],"collection":[{"href":"http:\/\/www.korhanyilmaz.com\/index.php?rest_route=\/wp\/v2\/posts"}],"about":[{"href":"http:\/\/www.korhanyilmaz.com\/index.php?rest_route=\/wp\/v2\/types\/post"}],"author":[{"embeddable":true,"href":"http:\/\/www.korhanyilmaz.com\/index.php?rest_route=\/wp\/v2\/users\/1"}],"replies":[{"embeddable":true,"href":"http:\/\/www.korhanyilmaz.com\/index.php?rest_route=%2Fwp%2Fv2%2Fcomments&post=8406"}],"version-history":[{"count":0,"href":"http:\/\/www.korhanyilmaz.com\/index.php?rest_route=\/wp\/v2\/posts\/8406\/revisions"}],"wp:attachment":[{"href":"http:\/\/www.korhanyilmaz.com\/index.php?rest_route=%2Fwp%2Fv2%2Fmedia&parent=8406"}],"wp:term":[{"taxonomy":"category","embeddable":true,"href":"http:\/\/www.korhanyilmaz.com\/index.php?rest_route=%2Fwp%2Fv2%2Fcategories&post=8406"},{"taxonomy":"post_tag","embeddable":true,"href":"http:\/\/www.korhanyilmaz.com\/index.php?rest_route=%2Fwp%2Fv2%2Ftags&post=8406"}],"curies":[{"name":"wp","href":"https:\/\/api.w.org\/{rel}","templated":true}]}}