{"id":8402,"date":"2009-04-18T15:26:41","date_gmt":"2009-04-18T13:26:41","guid":{"rendered":"http:\/\/www.korhanyilmaz.com\/?p=8402"},"modified":"2009-04-18T15:26:41","modified_gmt":"2009-04-18T13:26:41","slug":"cumhurbaskani-turkiyedeyken-somalide-rejim-degisti","status":"publish","type":"post","link":"http:\/\/www.korhanyilmaz.com\/?p=8402","title":{"rendered":"Cumhurba\u015fkan\u0131 T\u00fcrkiye&#039;deyken Somali&#039;de rejim de\u011fi\u015fti"},"content":{"rendered":"<p style=\"text-align: center;\"><img loading=\"lazy\" decoding=\"async\" class=\"aligncenter size-full wp-image-8403\" title=\"Cumhurba\u015fkan\u0131 T\u00fcrkiye'deyken Somali'de rejim de\u011fi\u015fti \" src=\"http:\/\/www.korhanyilmaz.com\/wp-content\/uploads\/2009\/04\/180420091539280802688.jpg\" alt=\"Cumhurba\u015fkan\u0131 T\u00fcrkiye'deyken Somali'de rejim de\u011fi\u015fti \" width=\"329\" height=\"210\" \/><\/p>\n<p style=\"text-align: justify;\"><strong>\u015eeriat oybirli\u011fiyle kabul edildi: Somali art\u0131k \u0130slamc\u0131 bir \u00fclke<\/strong>.<\/p>\n<p style=\"text-align: justify;\">Somali Cumhurba\u015fkan\u0131 \u015eerif Ahmed&#8217;in T\u00fcrkiye turu s\u00fcr\u00fcrken Somali&#8217;de ge\u00e7i\u015f d\u00f6nemi parlamentosu, 1991&#8217;den bu yana i\u00e7sava\u015f bulunan \u00fclkede \u015feriat yasalar\u0131n\u0131n uygulanmas\u0131n\u0131 \u00f6ng\u00f6ren yasa tasar\u0131s\u0131n\u0131 oybirli\u011fiyle kabul etti.<\/p>\n<p style=\"text-align: justify;\">T\u00fcrkiye&#8217;ye resmi ziyaret ger\u00e7ekle\u015ftiren Somali Cumhurba\u015fkan\u0131 \u015eeyh \u015eerif Ahmed , Ankara&#8217;da d\u00fcn Cumhurba\u015fkan\u0131 Abdullah G\u00fcl&#8217;le g\u00f6r\u00fc\u015ft\u00fckten sonra bug\u00fcn u\u00e7akla \u0130stanbul&#8217;a ge\u00e7ti. Ahmed, Atat\u00fcrk Havaliman\u0131 Devlet Konukevi&#8217;nde \u0130stanbul Valisi Muammer G\u00fcler, \u0130stanbul B\u00fcy\u00fck\u015fehir Belediye Ba\u015fkan\u0131 Kadir Topba\u015f ve di\u011fer ilgililerce kar\u015f\u0131land\u0131. \u015eerif Ahmed, yar\u0131n \u0130stanbul&#8217;un tarihi ve turistik yerlerini gezecek. Ahmed, 20 Nisan Pazartesi g\u00fcn\u00fc \u00c7orlu&#8217;da baz\u0131 tesisleri ziyaret edecek ve 21 Nisan Sal\u0131 g\u00fcn\u00fc T\u00fcrkiye&#8217;den ayr\u0131lacak. <!--more--><\/p>\n<p style=\"text-align: justify;\">Somali Cumhurba\u015fkan\u0131 T\u00fcrkiye&#8217;de temaslar\u0131n\u0131 s\u00fcrd\u00fcr\u00fcrken \u00fclkesinde pge\u00e7ici parlamento \u00e7ok \u00f6nemli bir karar imza att\u0131. \u00dclkede \u015feriat yasalar\u0131n\u0131n uygulanmas\u0131n\u0131 \u00f6ng\u00f6ren yasa oybirli\u011fiyle kabul edildi. Somali Meclis Ba\u015fkan Yard\u0131mc\u0131s\u0131 Osman \u0130lmi Bokor, oylamaya parlamentonun 340 \u00fcyesinin kat\u0131ld\u0131\u011f\u0131n\u0131 ve oybirli\u011fiyle Somali&#8217;de \u015feriat\u0131n uygulanmas\u0131n\u0131 kabul ettiklerini belirterek, &#8220;H\u00fck\u00fcmet taraf\u0131ndan sunulan yasa \u00f6nergesi parlamento taraf\u0131ndan kabul edildi. \u0130slamc\u0131 bir h\u00fck\u00fcmetimiz var&#8221; diye konu\u015ftu. Somali h\u00fck\u00fcmeti, 10 Martta \u015fu anki yetkililere muhalif k\u00f6ktendinci direni\u015f\u00e7iler taraf\u0131ndan talep edilen \u015feriattan yana oldu\u011funu a\u00e7\u0131klam\u0131\u015ft\u0131.<\/p>\n<p style=\"text-align: justify;\">Somali&#8217;nin b\u00fcy\u00fck b\u00f6l\u00fcm\u00fc, ge\u00e7i\u015f y\u00f6netimi kurumlar\u0131, parlamento ve h\u00fck\u00fcmetin kontrol\u00fcnde de\u011fil. \u00dclkenin orta ve g\u00fcneyinin b\u00fcy\u00fck k\u0131sm\u0131 \u0130slamc\u0131 direni\u015f\u00e7ilerin elinde bulunurken, kuzeyinde tek yanl\u0131 ba\u011f\u0131ms\u0131z y\u00f6netim ilan edilen iki b\u00f6lge yer al\u0131yor.<\/p>\n<p style=\"text-align: justify;\"><span style=\"color: #888888;\">Kaynak : Vatan<\/span><\/p>\n","protected":false},"excerpt":{"rendered":"<p style=\"text-align: center;\">\n<p style=\"text-align: justify;\">\u015eeriat oybirli\u011fiyle kabul edildi: Somali art\u0131k \u0130slamc\u0131 bir \u00fclke.<\/p>\n<p style=\"text-align: justify;\">Somali Cumhurba\u015fkan\u0131 \u015eerif Ahmed&#8217;in T\u00fcrkiye turu s\u00fcr\u00fcrken Somali&#8217;de ge\u00e7i\u015f d\u00f6nemi parlamentosu, 1991&#8217;den bu yana i\u00e7sava\u015f bulunan \u00fclkede \u015feriat yasalar\u0131n\u0131n uygulanmas\u0131n\u0131 \u00f6ng\u00f6ren yasa tasar\u0131s\u0131n\u0131 oybirli\u011fiyle kabul etti.<\/p>\n<p style=\"text-align: justify;\">T\u00fcrkiye&#8217;ye resmi ziyaret ger\u00e7ekle\u015ftiren Somali Cumhurba\u015fkan\u0131 \u015eeyh \u015eerif Ahmed , Ankara&#8217;da <\/p>\n","protected":false},"author":1,"featured_media":0,"comment_status":"open","ping_status":"closed","sticky":false,"template":"","format":"standard","meta":{"footnotes":""},"categories":[105],"tags":[],"class_list":["post-8402","post","type-post","status-publish","format-standard","hentry","category-gundem","odd"],"_links":{"self":[{"href":"http:\/\/www.korhanyilmaz.com\/index.php?rest_route=\/wp\/v2\/posts\/8402","targetHints":{"allow":["GET"]}}],"collection":[{"href":"http:\/\/www.korhanyilmaz.com\/index.php?rest_route=\/wp\/v2\/posts"}],"about":[{"href":"http:\/\/www.korhanyilmaz.com\/index.php?rest_route=\/wp\/v2\/types\/post"}],"author":[{"embeddable":true,"href":"http:\/\/www.korhanyilmaz.com\/index.php?rest_route=\/wp\/v2\/users\/1"}],"replies":[{"embeddable":true,"href":"http:\/\/www.korhanyilmaz.com\/index.php?rest_route=%2Fwp%2Fv2%2Fcomments&post=8402"}],"version-history":[{"count":0,"href":"http:\/\/www.korhanyilmaz.com\/index.php?rest_route=\/wp\/v2\/posts\/8402\/revisions"}],"wp:attachment":[{"href":"http:\/\/www.korhanyilmaz.com\/index.php?rest_route=%2Fwp%2Fv2%2Fmedia&parent=8402"}],"wp:term":[{"taxonomy":"category","embeddable":true,"href":"http:\/\/www.korhanyilmaz.com\/index.php?rest_route=%2Fwp%2Fv2%2Fcategories&post=8402"},{"taxonomy":"post_tag","embeddable":true,"href":"http:\/\/www.korhanyilmaz.com\/index.php?rest_route=%2Fwp%2Fv2%2Ftags&post=8402"}],"curies":[{"name":"wp","href":"https:\/\/api.w.org\/{rel}","templated":true}]}}