{"id":840,"date":"2008-08-18T12:12:39","date_gmt":"2008-08-18T09:12:39","guid":{"rendered":"http:\/\/www.korhanyilmaz.com\/?p=840"},"modified":"2008-08-18T12:12:39","modified_gmt":"2008-08-18T09:12:39","slug":"kredi-kartlarinda-yillik-ucret-karmasasi","status":"publish","type":"post","link":"http:\/\/www.korhanyilmaz.com\/?p=840","title":{"rendered":"Kredi kartlar\u0131nda &#8216;y\u0131ll\u0131k \u00fccret&#8217; karma\u015fas\u0131"},"content":{"rendered":"<p style=\"text-align: center;\">\n<p style=\"text-align: center;\"><img loading=\"lazy\" decoding=\"async\" class=\"aligncenter size-full wp-image-7804\" src=\"http:\/\/www.korhanyilmaz.com\/wp-content\/uploads\/2008\/08\/kredikarti1.jpg\" alt=\"\" width=\"315\" height=\"210\" \/><\/p>\n<p style=\"text-align: justify;\">Kredi kartlar\u0131ndan y\u0131ll\u0131k al\u0131nan &#8220;kart \u00fccreti&#8221; karma\u015fas\u0131 devam ederken, bir vatanda\u015f\u0131n Zonguldak T\u00fcketici Mahkemesi&#8217;nde a\u00e7m\u0131\u015f oldu\u011fu davan\u0131n aleyhine sonu\u00e7lanmas\u0131 \u00fczerine Yarg\u0131tay 13. Hukuk Dairesinin mahkemenin karar\u0131n\u0131 t\u00fcketici lehine bozmas\u0131, kart \u00fccretinden mustarip vatanda\u015flar\u0131 umutland\u0131rd\u0131.<\/p>\n<p style=\"text-align: justify;\">Sanayi ve Ticaret Bakanl\u0131\u011f\u0131 yetkililerinin verdi\u011fi bilgiye g\u00f6re, Yarg\u0131tay 13. Hukuk Dairesi&#8217;nin Zonguldak T\u00fcketici Mahkemesi&#8217;nin t\u00fcketici aleyhine verdi\u011fi karar\u0131 bozmas\u0131nda, kart \u00fccretiyle ilgili d\u00fczenlemenin 12 punto koyu siyah harflerle yaz\u0131lmamas\u0131yla, y\u0131ll\u0131k \u00fccret konusunun ayr\u0131ca t\u00fcketiciyle banka aras\u0131nda m\u00fczakere edilerek \u00fczerinde uzla\u015fma sa\u011flanamam\u0131\u015f olmas\u0131 rol oynad\u0131.<!--more--> Yetkililer, 2003&#8217;te kredi kartlar\u0131yla ilgili yap\u0131lan d\u00fczenlemeyle 2006&#8217;da \u00e7\u0131kar\u0131lan Banka Kartlar\u0131 ve Kredi Kartlar\u0131 Yasas\u0131&#8217;nda kart \u00fccretiyle ilgili d\u00fczenlemelerin 12 punto koyu siyah harflerle yaz\u0131lmas\u0131 gerekti\u011fi h\u00fckm\u00fcn\u00fc i\u00e7erdi\u011fini belirterek, Yarg\u0131tay&#8217;\u0131n ald\u0131\u011f\u0131 kararda kredi kart\u0131 \u00fccretiyle ilgili d\u00fczenlemenin 12 punto koyu siyah harflerle yaz\u0131lmam\u0131\u015f olmas\u0131na vurgu yapm\u0131\u015f olmas\u0131n\u0131n, \u015fikayete konu olan \u00fccretle ilgili anla\u015fman\u0131n 2003&#8217;te \u00f6nce yap\u0131ld\u0131\u011f\u0131n\u0131 g\u00f6sterdi\u011fini kaydetti.<\/p>\n<p style=\"text-align: justify;\">Yetkililer, Yarg\u0131tay&#8217;dan \u00e7\u0131kacak son karar\u0131n t\u00fcketici lehine olmas\u0131 halinde bankalar\u0131n \u00e7ok eski tarihli s\u00f6zle\u015fme imzalad\u0131klar\u0131 t\u00fcketicilerin de y\u0131ll\u0131k kredi kart\u0131 \u00fccreti \u00f6demekten kurtulaca\u011f\u0131n\u0131 belirtti. Yetkililer, Yarg\u0131tay&#8217;dan \u00e7\u0131kacak karar\u0131n art\u0131k kesin olaca\u011f\u0131n\u0131 ve ba\u015fka itiraz edilecek bir \u00fcst makam bulunmad\u0131\u011f\u0131na i\u015faret ederek, karar\u0131n kredi kart\u0131 \u00fccretlerine itirazlar\u0131nda emsal olu\u015fturarak ba\u011flay\u0131c\u0131 olaca\u011f\u0131na dikkat \u00e7ekti.<\/p>\n<p style=\"text-align: justify;\"><span style=\"color: #888888;\">Kaynak : Vatan Gazetesi<\/span><\/p>\n<p style=\"text-align: justify;\">\n","protected":false},"excerpt":{"rendered":"<p style=\"text-align: center;\">\n<p style=\"text-align: center;\">\n<p style=\"text-align: justify;\">Kredi kartlar\u0131ndan y\u0131ll\u0131k al\u0131nan &#8220;kart \u00fccreti&#8221; karma\u015fas\u0131 devam ederken, bir vatanda\u015f\u0131n Zonguldak T\u00fcketici Mahkemesi&#8217;nde a\u00e7m\u0131\u015f oldu\u011fu davan\u0131n aleyhine sonu\u00e7lanmas\u0131 \u00fczerine Yarg\u0131tay 13. Hukuk Dairesinin mahkemenin karar\u0131n\u0131 t\u00fcketici lehine bozmas\u0131, kart \u00fccretinden mustarip vatanda\u015flar\u0131 umutland\u0131rd\u0131.<\/p>\n<p style=\"text-align: justify;\">Sanayi ve Ticaret Bakanl\u0131\u011f\u0131 yetkililerinin verdi\u011fi bilgiye g\u00f6re, Yarg\u0131tay 13. Hukuk <\/p>\n","protected":false},"author":1,"featured_media":0,"comment_status":"open","ping_status":"open","sticky":false,"template":"","format":"standard","meta":{"footnotes":""},"categories":[7],"tags":[],"class_list":["post-840","post","type-post","status-publish","format-standard","hentry","category-ekonomi","odd"],"_links":{"self":[{"href":"http:\/\/www.korhanyilmaz.com\/index.php?rest_route=\/wp\/v2\/posts\/840","targetHints":{"allow":["GET"]}}],"collection":[{"href":"http:\/\/www.korhanyilmaz.com\/index.php?rest_route=\/wp\/v2\/posts"}],"about":[{"href":"http:\/\/www.korhanyilmaz.com\/index.php?rest_route=\/wp\/v2\/types\/post"}],"author":[{"embeddable":true,"href":"http:\/\/www.korhanyilmaz.com\/index.php?rest_route=\/wp\/v2\/users\/1"}],"replies":[{"embeddable":true,"href":"http:\/\/www.korhanyilmaz.com\/index.php?rest_route=%2Fwp%2Fv2%2Fcomments&post=840"}],"version-history":[{"count":0,"href":"http:\/\/www.korhanyilmaz.com\/index.php?rest_route=\/wp\/v2\/posts\/840\/revisions"}],"wp:attachment":[{"href":"http:\/\/www.korhanyilmaz.com\/index.php?rest_route=%2Fwp%2Fv2%2Fmedia&parent=840"}],"wp:term":[{"taxonomy":"category","embeddable":true,"href":"http:\/\/www.korhanyilmaz.com\/index.php?rest_route=%2Fwp%2Fv2%2Fcategories&post=840"},{"taxonomy":"post_tag","embeddable":true,"href":"http:\/\/www.korhanyilmaz.com\/index.php?rest_route=%2Fwp%2Fv2%2Ftags&post=840"}],"curies":[{"name":"wp","href":"https:\/\/api.w.org\/{rel}","templated":true}]}}