{"id":8397,"date":"2009-04-18T12:10:50","date_gmt":"2009-04-18T09:10:50","guid":{"rendered":"http:\/\/www.korhanyilmaz.com\/?p=8397"},"modified":"2009-04-18T12:10:50","modified_gmt":"2009-04-18T09:10:50","slug":"%e2%80%98bizi-yolumuzdan-donduremezler%e2%80%99","status":"publish","type":"post","link":"http:\/\/www.korhanyilmaz.com\/?p=8397","title":{"rendered":"\u2018Bizi yolumuzdan d\u00f6nd\u00fcremezler\u2019"},"content":{"rendered":"<p style=\"text-align: center;\"><img loading=\"lazy\" decoding=\"async\" class=\"aligncenter size-full wp-image-8398\" title=\"\u2018Bizi yolumuzdan d\u00f6nd\u00fcremezler\u2019 \" src=\"http:\/\/www.korhanyilmaz.com\/wp-content\/uploads\/2009\/04\/cumhur15062005-2.jpg\" alt=\"\u2018Bizi yolumuzdan d\u00f6nd\u00fcremezler\u2019 \" width=\"308\" height=\"223\" \/><\/p>\n<p style=\"text-align: justify;\"><strong>12. dalgan\u0131n hedefi \u00c7YDD&#8217;de d\u00fcn &#8216;Adalet yerini bulacak&#8217; s\u00f6zleri yank\u0131land\u0131. Prof. Saylan serbest b\u0131rak\u0131lan \u015fube ba\u015fkanlar\u0131 ile bas\u0131n toplant\u0131s\u0131nda iddialara yan\u0131t verdi<\/strong>.<\/p>\n<p style=\"text-align: justify;\">Pazartesi g\u00fcn\u00fcnden beri ilk kez geldi\u011fi \u00c7YDD Genel Merkezi&#8217;nde alk\u0131\u015flarla ve karanfillerle kar\u015f\u0131lanan Genel Ba\u015fkan Prof. Dr. T\u00fcrkan Saylan, bir yan\u0131n\u0131n \u00fczg\u00fcn bir yan\u0131n\u0131n ise sevin\u00e7li oldu\u011funu s\u00f6yledi. \u015eube ba\u015fkanlar\u0131n\u0131n serbest b\u0131rak\u0131ld\u0131\u011f\u0131n\u0131 ama \u00c7YDD Y\u00f6netim Kurulu \u00dcyesi Prof. Dr. Ay\u015fe Y\u00fcksel&#8217;in tutuklanmas\u0131na \u00e7ok \u00fcz\u00fcld\u00fc\u011f\u00fcn\u00fc anlatan Prof. Dr. Saylan, &#8220;Bug\u00fcn burada Ay\u015fe i\u00e7in birlikteyiz. Van \u00dcniversitesi&#8217;nde a\u00e7\u0131lan davada da onu mahkum edemediler. Orada yap\u0131lamayan bug\u00fcn burada yap\u0131ld\u0131. Van&#8217;da hakk\u0131nda gelemedik bari burada gelelim mant\u0131\u011f\u0131yla hareket edildi diye inan\u0131yoruz. Bunlar\u0131n hesab\u0131 sorulacak. Adalet yerini bulacak, yasal \u00e7abalar\u0131m\u0131z sonu\u00e7lar\u0131n\u0131 g\u00f6sterecek. Bizler sivil toplum \u00f6rg\u00fctleri olarak hakk\u0131m\u0131z\u0131 alaca\u011f\u0131z&#8221; dedi. <!--more--><\/p>\n<p style=\"text-align: justify;\"><strong>Cemaatlerin tepkisi <\/strong><\/p>\n<p style=\"text-align: justify;\">Prof. Dr. Ay\u015fe Y\u00fcksel&#8217;in 8 y\u0131l \u00f6nce Van&#8217;a g\u00f6n\u00fcll\u00fc olarak gitti\u011fini, son 4 y\u0131ld\u0131r rekt\u00f6r yard\u0131mc\u0131l\u0131\u011f\u0131 yapt\u0131\u011f\u0131n\u0131 ve Van 100. Y\u0131l \u00dcniversitesi Halk Sa\u011fl\u0131\u011f\u0131 B\u00f6l\u00fcm\u00fc&#8217;nde \u00e7al\u0131\u015fmalara ba\u015flad\u0131\u011f\u0131n\u0131 anlatan Prof. Dr. Saylan, &#8220;Gitti\u011finde oradaki \u00f6\u011frencilerin tarikatlar taraf\u0131ndan payla\u015f\u0131ld\u0131\u011f\u0131n\u0131 g\u00f6rd\u00fc. Oradaki \u00f6\u011frenciler i\u00e7in giysi bankas\u0131 kurdu, 13 bin \u00f6\u011frenciden sorumluydu onlara destek oldu, burs sa\u011flad\u0131. \u00c7ocuklar ekmek aras\u0131 patatesle 24 saat ya\u015f\u0131yorlard\u0131, g\u0131das\u0131z ve yoksuldu. Kollar\u0131 s\u0131vad\u0131. Oradaki \u00f6\u011frenciler Ay\u015fe Hoca neden daha \u00f6nce yoktu, o zaman cemaatlere biat etmezdik dedi ve bu cemaatlerin, cemaat\u00e7ilerin tepkisini \u00e7ekti. Ard\u0131ndan me\u015fhur \u00e7ete davas\u0131 a\u00e7\u0131ld\u0131. Tehditlere, yalanc\u0131 tan\u0131klara ra\u011fmen mahkeme g\u00f6revsizlik karar\u0131 almak zorunda kald\u0131. \u0130\u015fte orada yap\u0131lamayan \u015fimdi ger\u00e7ekle\u015fti&#8221; diye konu\u015ftu.<\/p>\n<p style=\"text-align: justify;\">Prof. Dr. Y\u00fcksel&#8217;in, Prof. Dr. T\u00fcrkel Miniba\u015f&#8217;\u0131n \u00f6l\u00fcm\u00fcnden sonra ilk yedek oldu\u011fu i\u00e7in Genel Merkez Y\u00f6netimi&#8217;ne al\u0131nd\u0131\u011f\u0131n\u0131, \u00e7ok yeni oldu\u011funu ve hi\u00e7bir g\u00f6rev almad\u0131\u011f\u0131n\u0131 belirtirken, Y\u00d6K&#8217;\u00fcn izni olmadan Prof. Dr. Y\u00fcksel&#8217;in yarg\u0131lanamayaca\u011f\u0131n\u0131 ama gelinen s\u00fcre\u00e7te bu yasal sorumlulu\u011fun yok say\u0131ld\u0131\u011f\u0131na dikkat \u00e7ekti.<\/p>\n<p style=\"text-align: justify;\"><strong>\u00d6deme ba\u015fl\u0131yor<\/strong><\/p>\n<p style=\"text-align: justify;\">Emniyet Genel M\u00fcd\u00fcrl\u00fc\u011f\u00fc ile dernek aras\u0131nda ya\u015fanan harddisk polemi\u011fi hakk\u0131nda konu\u015fan Prof. Dr. T\u00fcrkan Saylan, &#8220;Bir \u00fcyemiz 10 bin 500 lira ba\u011f\u0131\u015fland\u0131 onunla \u00f6\u011frencilere burs vermek yerine 42 tane harddisk ald\u0131k. Yedeklemeler ba\u015flad\u0131. \u015eu anda yava\u015f yava\u015f \u00f6demeye ba\u015flayaca\u011f\u0131z&#8221; dedi.<\/p>\n<p style=\"text-align: justify;\"><strong>&#8216;\u00d6len k\u0131zkarde\u015fimi asker ka\u00e7a\u011f\u0131 yapt\u0131lar&#8217;<\/strong><\/p>\n<p style=\"text-align: justify;\">Prof. Dr. T\u00fcrkan Saylan baz\u0131 gazetelerde ailesi hakk\u0131nda yer alan iddialara da n\u00fcfus kay\u0131t \u00f6rne\u011fi ile cevap verdi:<\/p>\n<p style=\"text-align: justify;\">&#8220;Benim annem gizli sakl\u0131m yok. \u0130svi\u00e7re k\u00f6kenli \u0130ngiltere&#8217;de b\u00fcy\u00fcm\u00fc\u015f. Babamla evlenip bana hamile kal\u0131nca gidiyorlar M\u00fcsl\u00fcman oluyor Leyla ad\u0131n\u0131 al\u0131yor. Bunlar\u0131n hepsi k\u00fct\u00fckte yaz\u0131l\u0131. Malum bas\u0131n bunun ilk sat\u0131rlar\u0131n\u0131 al\u0131yor. Bu ortaya \u00e7\u0131k\u0131nca n\u00fcfus m\u00fcd\u00fcrl\u00fc\u011f\u00fcne gittik. Biz annemi M\u00fcsl\u00fcman mezarl\u0131\u011f\u0131na g\u00f6md\u00fck, gece g\u00fcnd\u00fcz \u0130ngilizce&#8217;den Kuran okuyan bir kad\u0131nd\u0131. Bize Osmanl\u0131 kad\u0131n\u0131 gibi ahkam keserdi. 1936&#8217;da Beyo\u011flu M\u00fcft\u00fcl\u00fc\u011f\u00fc karar\u0131yla Lilimina Raiman iken Leyla olmu\u015f. Nas\u0131l manip\u00fclasyonlar yap\u0131l\u0131yor. Bu ay\u0131pt\u0131r. \u0130nsan M\u00fcsl\u00fcman olmayabilir de. Annem \u00f6leli y\u0131llar oldu.&#8221;<\/p>\n<p style=\"text-align: justify;\">Saylan karde\u015finin asker ka\u00e7a\u011f\u0131 oldu\u011fu iddiaya da belgeyle yan\u0131t verdi: &#8220;Karde\u015fim Turhan Saylan isminden dolay\u0131 erkek san\u0131ld\u0131. 20 ya\u015f\u0131ndayken mahkemeye \u00e7\u0131kt\u0131. Askere g\u00f6t\u00fcr\u00fcyorlard\u0131 onu d\u00fczelttirmi\u015ftik. K\u0131zca\u011f\u0131z \u00f6leli y\u0131llar oldu. B\u00f6yle trajikomik \u015feylerle kar\u015f\u0131la\u015f\u0131yoruz.&#8221;<\/p>\n<p style=\"text-align: justify;\">Prof. Saylan, \u00c7YDD&#8217;nin yurtlar\u0131 var iddias\u0131na da &#8220;G\u00f6n\u00fcll\u00fclerimizin ba\u011f\u0131\u015flad\u0131\u011f\u0131 iki tane ev var. Orada \u00f6\u011frencilerimiz kira \u00f6demeden kal\u0131yor. Ama bu fena fikir de de\u011fil&#8221; diye yan\u0131t verdi.<\/p>\n<p style=\"text-align: justify;\"><strong>\u0130lgin\u00e7 telefon<\/strong><\/p>\n<p style=\"text-align: justify;\">Prof. Dr. Saylan bu arada \u00f6nceki gece ya\u015fad\u0131\u011f\u0131 entresan bir telefon g\u00f6r\u00fc\u015fmesini de payla\u015ft\u0131:<\/p>\n<p style=\"text-align: justify;\">&#8220;Bir programdan \u00fc\u00e7 tane \u00f6\u011frenciyken bizden burs alm\u0131\u015f mezun olmu\u015f \u00fc\u00e7 ki\u015fi istediler. Ben de bizim bu i\u015flerden sorumlu arkada\u015f\u0131m\u0131z\u0131 arad\u0131m sen ayarla diye. Biraz sonra telefonum \u00e7ald\u0131 bizim dernekte biraz \u00f6nce konu\u015ftu\u011fum arkada\u015f ar\u0131yor dediler. Bakt\u0131m telefona, ben de \u00e7ok yorgun oldu\u011fum i\u00e7in bir\u015fey hissettim ama \u00e7ektim kendimi. &#8216;Hocam \u00fc\u00e7 tane karde\u015f var bizden okuyup meslek sahibi olmu\u015flard\u0131. Onlar\u0131 davet edeyim mi, yaln\u0131z devlet memuruymu\u015f bize bi\u015fey olur mu diye soruyorlar&#8217; dedi. Ben de, &#8216;o riski alacaklar. \u0130sterlerse gelsinler&#8217; dedim. Sabahleyin dernekteki arkada\u015f bana telefon etti, &#8216;Ben erkenden derne\u011fe gidiyorum. bilgisayar yok ama kafamdan bulaca\u011f\u0131m \u00f6\u011frenci dedi, \u00e7ok \u015fa\u015f\u0131rd\u0131m. Ona, &#8216;Hani \u00fc\u00e7 karde\u015f vard\u0131&#8217; dedim bu kez o da \u015fa\u015f\u0131rd\u0131. Bana telefon etmedi\u011fini s\u00f6yledi. Bizim b\u00f6ce\u011fimiz telefon dinleyen bir yerlere mesaj g\u00f6nderdi. O g\u00fcn kar\u015f\u0131m\u0131za toplant\u0131ya \u00fc\u00e7 tane k\u0131z gelecekti kimbilir ne s\u00f6yleyeceklerdi.&#8221;<\/p>\n<p style=\"text-align: justify;\">&#8220;Bizi islam d\u00fc\u015fman\u0131 olarak tan\u0131tmak istiyorlar&#8221; diyen Saylan, &#8220;Biz hakiki din dersi \u00f6\u011frenmi\u015f ku\u015fa\u011f\u0131z&#8221; dedi. Bursiyerlerin fi\u015flendi\u011fiyle ilgili iddialara ise Saylan \u015f\u00f6yle yan\u0131t verdi; &#8220;Biz Atat\u00fcrk devrimlerine ba\u011fl\u0131 bir derne\u011fiz ve buna ba\u011fl\u0131 \u00e7ocuklara burs verdik. \u00d6tekiler zaten bir\u00e7ok yerden burs al\u0131yorlar. G\u00f6n\u00fcll\u00fclerimizin de iste\u011fi bu y\u00f6ndeydi. Devrim yasalar\u0131na ayk\u0131r\u0131 olanlara vermedik. Bu da bizim dernek prensibimiz.&#8221;<\/p>\n<p style=\"text-align: justify;\"><span style=\"color: #888888;\">Kaynak : Meltem G\u00fcnay &#8211; Vatan<\/span><\/p>\n<p style=\"text-align: justify;\">\n","protected":false},"excerpt":{"rendered":"<p style=\"text-align: center;\">\n<p style=\"text-align: justify;\">12. dalgan\u0131n hedefi \u00c7YDD&#8217;de d\u00fcn &#8216;Adalet yerini bulacak&#8217; s\u00f6zleri yank\u0131land\u0131. Prof. Saylan serbest b\u0131rak\u0131lan \u015fube ba\u015fkanlar\u0131 ile bas\u0131n toplant\u0131s\u0131nda iddialara yan\u0131t verdi.<\/p>\n<p style=\"text-align: justify;\">Pazartesi g\u00fcn\u00fcnden beri ilk kez geldi\u011fi \u00c7YDD Genel Merkezi&#8217;nde alk\u0131\u015flarla ve karanfillerle kar\u015f\u0131lanan Genel Ba\u015fkan Prof. Dr. T\u00fcrkan Saylan, bir yan\u0131n\u0131n \u00fczg\u00fcn bir yan\u0131n\u0131n ise sevin\u00e7li <\/p>\n","protected":false},"author":1,"featured_media":0,"comment_status":"open","ping_status":"closed","sticky":false,"template":"","format":"standard","meta":{"footnotes":""},"categories":[105],"tags":[],"class_list":["post-8397","post","type-post","status-publish","format-standard","hentry","category-gundem","odd"],"_links":{"self":[{"href":"http:\/\/www.korhanyilmaz.com\/index.php?rest_route=\/wp\/v2\/posts\/8397","targetHints":{"allow":["GET"]}}],"collection":[{"href":"http:\/\/www.korhanyilmaz.com\/index.php?rest_route=\/wp\/v2\/posts"}],"about":[{"href":"http:\/\/www.korhanyilmaz.com\/index.php?rest_route=\/wp\/v2\/types\/post"}],"author":[{"embeddable":true,"href":"http:\/\/www.korhanyilmaz.com\/index.php?rest_route=\/wp\/v2\/users\/1"}],"replies":[{"embeddable":true,"href":"http:\/\/www.korhanyilmaz.com\/index.php?rest_route=%2Fwp%2Fv2%2Fcomments&post=8397"}],"version-history":[{"count":0,"href":"http:\/\/www.korhanyilmaz.com\/index.php?rest_route=\/wp\/v2\/posts\/8397\/revisions"}],"wp:attachment":[{"href":"http:\/\/www.korhanyilmaz.com\/index.php?rest_route=%2Fwp%2Fv2%2Fmedia&parent=8397"}],"wp:term":[{"taxonomy":"category","embeddable":true,"href":"http:\/\/www.korhanyilmaz.com\/index.php?rest_route=%2Fwp%2Fv2%2Fcategories&post=8397"},{"taxonomy":"post_tag","embeddable":true,"href":"http:\/\/www.korhanyilmaz.com\/index.php?rest_route=%2Fwp%2Fv2%2Ftags&post=8397"}],"curies":[{"name":"wp","href":"https:\/\/api.w.org\/{rel}","templated":true}]}}