{"id":8393,"date":"2009-04-18T12:07:01","date_gmt":"2009-04-18T09:07:01","guid":{"rendered":"http:\/\/www.korhanyilmaz.com\/?p=8393"},"modified":"2009-04-18T12:07:01","modified_gmt":"2009-04-18T09:07:01","slug":"askerden-saylana-ziyaret","status":"publish","type":"post","link":"http:\/\/www.korhanyilmaz.com\/?p=8393","title":{"rendered":"Askerden Saylan&#039;a ziyaret"},"content":{"rendered":"<p style=\"text-align: center;\"><img loading=\"lazy\" decoding=\"async\" class=\"aligncenter size-full wp-image-8394\" title=\"Askerden Saylan'a ziyaret \" src=\"http:\/\/www.korhanyilmaz.com\/wp-content\/uploads\/2009\/04\/180420090405598556695.jpg\" alt=\"Askerden Saylan'a ziyaret \" width=\"329\" height=\"210\" \/><\/p>\n<p style=\"text-align: justify;\"><strong>Ba\u015fbu\u011f emir verdi, tu\u011fgeneral Saylan&#8217;a \u00e7i\u00e7ek g\u00f6t\u00fcrd\u00fc<\/strong><\/p>\n<p style=\"text-align: justify;\">Ergenekon operasyonunda evi bas\u0131lan T\u00fcrkan Saylan&#8217;a destek ya\u011f\u0131yor. Saylan&#8217;\u0131 tedavi g\u00f6rd\u00fc\u011f\u00fc hastanede ziyaret eden en ilgin\u00e7 isim ise 1. Ordu Komutanl\u0131\u011f\u0131 Kurmay Ba\u015fkan\u0131 Tu\u011fgeneral Onbay oldu.<\/p>\n<p style=\"text-align: justify;\">Ergenekon soru\u015fturmas\u0131 kapsam\u0131nda evi aranan T\u00fcrkan Saylan tedavi g\u00f6rd\u00fc\u011f\u00fc hastanede ziyaret\u00e7i ak\u0131n\u0131na u\u011frad\u0131. Saylan&#8217;\u0131n en ilgi \u00e7ekici konuklar\u0131ndan biri de T\u00fcrk Silahl\u0131 Kuvvetleri&#8217;nden oldu. <!--more--><\/p>\n<p style=\"text-align: justify;\">1. Ordu Komutanl\u0131\u011f\u0131 Kurmay Ba\u015fkan\u0131 T\u00fcmgeneral \u0130brahim Onbay, Genelkurmay Ba\u015fkanl\u0131\u011f\u0131 ad\u0131na ziyaret etti. T\u00fcmgeneral Onbay, Saylan&#8217;a \u00e7i\u00e7ek g\u00f6t\u00fcrd\u00fc. Saylan&#8217;\u0131n yan\u0131nda 10 dakika kalan Onbay, giri\u015f ve \u00e7\u0131k\u0131\u015fta a\u00e7\u0131klama yapmad\u0131.<\/p>\n<p style=\"text-align: justify;\">Al\u0131nan bilgiye g\u00f6re \u00f6nceki g\u00fcn ger\u00e7ekle\u015ftirilen ziyarette Genelkurmay&#8217;\u0131n T\u00fcrkan Saylan&#8217;a rahats\u0131zl\u0131\u011f\u0131ndan dolay\u0131 ge\u00e7mi\u015f olsun dilekleri de iletildi.<\/p>\n<p style=\"text-align: justify;\">1. Ordu Kurmay Ba\u015fkan\u0131 T\u00fcmgeneral Onbay&#8217;\u0131n ziyareti ile ilgili emir de yine askeri team\u00fcller \u00e7er\u00e7evesinde ba\u011fl\u0131 bulundu\u011fu 1. Ordu Komutan\u0131 Orgeneral Ergin Saygun taraf\u0131ndan verildi.<\/p>\n<p style=\"text-align: justify;\">Bu emir \u00f6ncesinde de Genelkurmay Karargah\u0131 ve 1. Ordu Komutanl\u0131\u011f\u0131 ekseninde ziyaretin yap\u0131lmas\u0131 kararla\u015ft\u0131r\u0131lm\u0131\u015ft\u0131.<\/p>\n<p style=\"text-align: justify;\">Genelkurmay Ba\u015fkanl\u0131\u011f\u0131 daha \u00f6nce de cezaevinde bulunduklar\u0131 s\u0131rada emekli orgeneraller Hur\u015fit Tolon ve \u015eener Eruygur&#8217;un ziyaret amac\u0131yla bir Korgeneral&#8217;ini g\u00f6revlendirmi\u015fti.<\/p>\n<p style=\"text-align: justify;\"><strong>T\u00dcS\u0130AD&#8217;dan tepki<\/strong><\/p>\n<p style=\"text-align: justify;\">Ergenekon soru\u015fturmas\u0131n\u0131n y\u00fcr\u00fct\u00fcl\u00fc\u015f bi\u00e7imi patronlar\u0131 da rahats\u0131z etti. T\u00dcS\u0130AD, &#8220;Ergenekon Soru\u015fturmas\u0131&#8217;n\u0131n \u00f6neminin gerektirdi\u011fi \u00f6zenle y\u00fcr\u00fct\u00fclmesi beklentimizi tekrarlar\u0131z&#8221; a\u00e7\u0131klamas\u0131n\u0131 yap\u0131t\u0131. T\u00dcS\u0130AD&#8217;\u0131n, yaz\u0131l\u0131 a\u00e7\u0131klamas\u0131nda &#8220;Ergenekon Soru\u015fturmas\u0131 m\u00fcddetince ya\u015fanan olaylar\u0131n toplumda soru\u015fturmaya y\u00f6nelik belli bir \u015f\u00fcphe uyand\u0131rd\u0131\u011f\u0131n\u0131 ve bu \u015f\u00fcphenin en ba\u015fta yarg\u0131 erkinin sayg\u0131nl\u0131\u011f\u0131n\u0131 a\u015f\u0131nd\u0131rabilece\u011fini d\u00fc\u015f\u00fcn\u00fcyoruz&#8221; denildi.<\/p>\n<p style=\"text-align: justify;\"><span style=\"color: #888888;\">Kaynak : Vatan<\/span><\/p>\n","protected":false},"excerpt":{"rendered":"<p style=\"text-align: center;\">\n<p style=\"text-align: justify;\">Ba\u015fbu\u011f emir verdi, tu\u011fgeneral Saylan&#8217;a \u00e7i\u00e7ek g\u00f6t\u00fcrd\u00fc<\/p>\n<p style=\"text-align: justify;\">Ergenekon operasyonunda evi bas\u0131lan T\u00fcrkan Saylan&#8217;a destek ya\u011f\u0131yor. Saylan&#8217;\u0131 tedavi g\u00f6rd\u00fc\u011f\u00fc hastanede ziyaret eden en ilgin\u00e7 isim ise 1. Ordu Komutanl\u0131\u011f\u0131 Kurmay Ba\u015fkan\u0131 Tu\u011fgeneral Onbay oldu.<\/p>\n<p style=\"text-align: justify;\">Ergenekon soru\u015fturmas\u0131 kapsam\u0131nda evi aranan T\u00fcrkan Saylan tedavi g\u00f6rd\u00fc\u011f\u00fc hastanede ziyaret\u00e7i ak\u0131n\u0131na u\u011frad\u0131. <\/p>\n","protected":false},"author":1,"featured_media":0,"comment_status":"open","ping_status":"closed","sticky":false,"template":"","format":"standard","meta":{"footnotes":""},"categories":[105],"tags":[],"class_list":["post-8393","post","type-post","status-publish","format-standard","hentry","category-gundem","odd"],"_links":{"self":[{"href":"http:\/\/www.korhanyilmaz.com\/index.php?rest_route=\/wp\/v2\/posts\/8393","targetHints":{"allow":["GET"]}}],"collection":[{"href":"http:\/\/www.korhanyilmaz.com\/index.php?rest_route=\/wp\/v2\/posts"}],"about":[{"href":"http:\/\/www.korhanyilmaz.com\/index.php?rest_route=\/wp\/v2\/types\/post"}],"author":[{"embeddable":true,"href":"http:\/\/www.korhanyilmaz.com\/index.php?rest_route=\/wp\/v2\/users\/1"}],"replies":[{"embeddable":true,"href":"http:\/\/www.korhanyilmaz.com\/index.php?rest_route=%2Fwp%2Fv2%2Fcomments&post=8393"}],"version-history":[{"count":0,"href":"http:\/\/www.korhanyilmaz.com\/index.php?rest_route=\/wp\/v2\/posts\/8393\/revisions"}],"wp:attachment":[{"href":"http:\/\/www.korhanyilmaz.com\/index.php?rest_route=%2Fwp%2Fv2%2Fmedia&parent=8393"}],"wp:term":[{"taxonomy":"category","embeddable":true,"href":"http:\/\/www.korhanyilmaz.com\/index.php?rest_route=%2Fwp%2Fv2%2Fcategories&post=8393"},{"taxonomy":"post_tag","embeddable":true,"href":"http:\/\/www.korhanyilmaz.com\/index.php?rest_route=%2Fwp%2Fv2%2Ftags&post=8393"}],"curies":[{"name":"wp","href":"https:\/\/api.w.org\/{rel}","templated":true}]}}