{"id":8388,"date":"2009-04-18T10:58:16","date_gmt":"2009-04-18T07:58:16","guid":{"rendered":"http:\/\/www.korhanyilmaz.com\/?p=8388"},"modified":"2009-04-18T10:58:16","modified_gmt":"2009-04-18T07:58:16","slug":"%e2%80%99iste-bu-olmadi%e2%80%99","status":"publish","type":"post","link":"http:\/\/www.korhanyilmaz.com\/?p=8388","title":{"rendered":"\u2019\u0130\u015fte bu olmad\u0131\u2019"},"content":{"rendered":"<p style=\"text-align: center;\"><img loading=\"lazy\" decoding=\"async\" class=\"aligncenter size-full wp-image-8389\" src=\"http:\/\/www.korhanyilmaz.com\/wp-content\/uploads\/2009\/04\/180420090415037398165.jpg\" alt=\"\" width=\"329\" height=\"210\" \/><\/p>\n<p style=\"text-align: justify;\"><strong>H\u00fclya Av\u015far, karde\u015fi Helin Av\u015far&#8217;\u0131n internet sitesinde \u00e7ok konu\u015fulacak bir yaz\u0131 kaleme ald\u0131.<\/strong><\/p>\n<p style=\"text-align: justify;\">Av\u015far, &#8220;Ben Ba\u015fbakan olsam hi\u00e7bir \u015feyden \u00e7ekinmezdim ama as\u0131l sivil toplum \u00f6rg\u00fctlerinin en b\u00fcy\u00fc\u011f\u00fc olan sanat\u00e7\u0131 camias\u0131n\u0131 k\u0131zd\u0131rmazd\u0131m. \u0130\u015fte bu bir y\u00f6netimin cami duvar\u0131yla ilk tan\u0131\u015fmas\u0131 olmu\u015ftur&#8221; dedi. Av\u015far&#8217;\u0131n yaz\u0131s\u0131, \u00f6zetle \u015f\u00f6yle:<\/p>\n<p style=\"text-align: justify;\">&#8220;Eeee yeter art\u0131k yahu, bu \u00fclkede yirmi y\u0131ld\u0131r kavga g\u00fcr\u00fclt\u00fc var. B\u0131kt\u0131k Vallahi&#8230; \u015eu son zamanlarda olaylara damgas\u0131n\u0131 vuran &#8220;ERGENEKON&#8221; nedir, niyedir a\u00e7\u0131k\u00e7as\u0131 bilmiyorum. \u00c7ok kar\u0131\u015f\u0131k ve ben sanat\u00e7\u0131 olarak kafam\u0131 fazla yormak istemiyorum. \u00c7\u00fcnk\u00fc elimden gelecek bir \u015fey yok. Kimi olanlardan mutlu; &#8220;Vay be! Bravo Tayyip Erdo\u011fan&#8217;a&#8221; diyor. Kimi &#8220;Vah yaz\u0131k \u015fu alfabeyi ne hale getirdiler, Atam\u0131za sayg\u0131s\u0131zl\u0131k&#8221; diyor. Kimi &#8220;bu i\u015f art\u0131k Tayyip Erdo\u011fan&#8217;dan \u00e7\u0131kt\u0131, Amerika y\u00f6netiyor&#8221; diyor falan filan&#8230; <!--more-->Ama gelgelelim tad\u0131 ka\u00e7t\u0131. Bug\u00fcne kadar ERGENEKON&#8217; dan kime ne olduysa manevi anlamda, insan oldu\u011fu i\u00e7in \u00fczg\u00fcn\u00fcm. Ama T\u00fcrkan Saylan olmamal\u0131yd\u0131.. \u00d6zellikle burs alan \u00f6\u011frenciler yar\u0131 yolda b\u0131rak\u0131lmamal\u0131yd\u0131&#8230;<\/p>\n<p style=\"text-align: justify;\">&#8230; Galiba Ergenekon bu noktada insanl\u0131\u011f\u0131n dolay\u0131s\u0131yla hatan\u0131n tam damar\u0131na dokundu. Dokundu diyorum \u00e7\u00fcnk\u00fc olan oldu i\u015fte&#8230;<\/p>\n<p style=\"text-align: justify;\">Ben Ba\u015fbakan olsam hi\u00e7bir \u015feyden \u00e7ekinmezdim ama as\u0131l sivil toplum \u00f6rg\u00fctlerinin en b\u00fcy\u00fc\u011f\u00fc olan sanat\u00e7\u0131 camias\u0131n\u0131 k\u0131zd\u0131rmazd\u0131m. \u0130\u015fte bu bir y\u00f6netimin cami duvar\u0131yla ilk tan\u0131\u015fmas\u0131 olmu\u015ftur.<\/p>\n<p style=\"text-align: justify;\">Askeriyeden sonra \u00e7ekinilmesi gereken tek \u00f6rg\u00fct sanat\u00e7\u0131 camias\u0131d\u0131r ve ben bu konuda gerekli ki\u015fileri uyarma ihtiyac\u0131 duyuyorum&#8230; \u015eunu bilelim ki art\u0131k bu \u00fclkede k\u00f6m\u00fcr de\u011fil bar\u0131\u015f da\u011f\u0131tan kazanacakt\u0131r.<\/p>\n<p style=\"text-align: justify;\">Sevgilerimle<\/p>\n<p style=\"text-align: justify;\"><span style=\"color: #888888;\">Kaynak : Vatan<\/span><\/p>\n","protected":false},"excerpt":{"rendered":"<p style=\"text-align: center;\">\n<p style=\"text-align: justify;\">H\u00fclya Av\u015far, karde\u015fi Helin Av\u015far&#8217;\u0131n internet sitesinde \u00e7ok konu\u015fulacak bir yaz\u0131 kaleme ald\u0131.<\/p>\n<p style=\"text-align: justify;\">Av\u015far, &#8220;Ben Ba\u015fbakan olsam hi\u00e7bir \u015feyden \u00e7ekinmezdim ama as\u0131l sivil toplum \u00f6rg\u00fctlerinin en b\u00fcy\u00fc\u011f\u00fc olan sanat\u00e7\u0131 camias\u0131n\u0131 k\u0131zd\u0131rmazd\u0131m. \u0130\u015fte bu bir y\u00f6netimin cami duvar\u0131yla ilk tan\u0131\u015fmas\u0131 olmu\u015ftur&#8221; dedi. Av\u015far&#8217;\u0131n yaz\u0131s\u0131, \u00f6zetle \u015f\u00f6yle:<\/p>\n<p style=\"text-align: justify;\">&#8220;Eeee <\/p>\n","protected":false},"author":1,"featured_media":0,"comment_status":"open","ping_status":"closed","sticky":false,"template":"","format":"standard","meta":{"footnotes":""},"categories":[105],"tags":[],"class_list":["post-8388","post","type-post","status-publish","format-standard","hentry","category-gundem","odd"],"_links":{"self":[{"href":"http:\/\/www.korhanyilmaz.com\/index.php?rest_route=\/wp\/v2\/posts\/8388","targetHints":{"allow":["GET"]}}],"collection":[{"href":"http:\/\/www.korhanyilmaz.com\/index.php?rest_route=\/wp\/v2\/posts"}],"about":[{"href":"http:\/\/www.korhanyilmaz.com\/index.php?rest_route=\/wp\/v2\/types\/post"}],"author":[{"embeddable":true,"href":"http:\/\/www.korhanyilmaz.com\/index.php?rest_route=\/wp\/v2\/users\/1"}],"replies":[{"embeddable":true,"href":"http:\/\/www.korhanyilmaz.com\/index.php?rest_route=%2Fwp%2Fv2%2Fcomments&post=8388"}],"version-history":[{"count":0,"href":"http:\/\/www.korhanyilmaz.com\/index.php?rest_route=\/wp\/v2\/posts\/8388\/revisions"}],"wp:attachment":[{"href":"http:\/\/www.korhanyilmaz.com\/index.php?rest_route=%2Fwp%2Fv2%2Fmedia&parent=8388"}],"wp:term":[{"taxonomy":"category","embeddable":true,"href":"http:\/\/www.korhanyilmaz.com\/index.php?rest_route=%2Fwp%2Fv2%2Fcategories&post=8388"},{"taxonomy":"post_tag","embeddable":true,"href":"http:\/\/www.korhanyilmaz.com\/index.php?rest_route=%2Fwp%2Fv2%2Ftags&post=8388"}],"curies":[{"name":"wp","href":"https:\/\/api.w.org\/{rel}","templated":true}]}}