{"id":838350,"date":"2025-11-14T20:02:25","date_gmt":"2025-11-14T17:02:25","guid":{"rendered":"http:\/\/www.korhanyilmaz.com\/?p=838350"},"modified":"2025-11-14T23:01:16","modified_gmt":"2025-11-14T20:01:16","slug":"arinctan-demirtas-ve-kavalaya-ziyaret-aihm-ve-aym-kararlari-uygulanmali","status":"publish","type":"post","link":"http:\/\/www.korhanyilmaz.com\/?p=838350","title":{"rendered":"Ar\u0131n\u00e7&#8217;tan Demirta\u015f ve Kavala&#8217;ya ziyaret: A\u0130HM ve AYM kararlar\u0131 uygulanmal\u0131"},"content":{"rendered":"<p><a href=\"http:\/\/www.korhanyilmaz.com\/wp-content\/uploads\/2025\/11\/14-11-2025_225251.jpg\"  class=\"lightview\"><img loading=\"lazy\" decoding=\"async\" class=\"aligncenter wp-image-838351\" src=\"http:\/\/www.korhanyilmaz.com\/wp-content\/uploads\/2025\/11\/14-11-2025_225251.jpg\" alt=\"\" width=\"500\" height=\"247\" \/><\/a><\/p>\n<p style=\"text-align: justify;\">B\u00fclent Ar\u0131n\u00e7, &#8220;A\u0130HM kararlar\u0131na ve Anayasa Mahkemesi\u2019nin bireysel ba\u015fvuru \u00fczerine verdi\u011fi hak ihlalleri kararlar\u0131n\u0131 ciddiye almam\u0131z laz\u0131m ve uygulamam\u0131z laz\u0131m&#8221; dedi.<br \/>\nK\u0131sa Dalga &#8211; Eski TBMM Ba\u015fkan\u0131 ve AKP&#8217;li siyaset\u00e7i B\u00fclent Ar\u0131n\u00e7, tutuklu eski HDP E\u015f Ba\u015fkan\u0131 Selahattin Demirta\u015f ile i\u015f insan\u0131 Osman Kavala&#8217;y\u0131 ziyaret etti.<\/p>\n<p style=\"text-align: justify;\">Ar\u0131n\u00e7, Lider Haber TV yay\u0131n\u0131nda yapt\u0131\u011f\u0131 a\u00e7\u0131klamada, &#8220;Demirta\u015f 2016\u2019dan bu yana 9 y\u0131ld\u0131r i\u00e7eride. Kavala \u00e7ok medeni bir insan, \u00e7ok g\u00fczel insanlar bunlar. \u0130kisiyle de bir saatten fazla g\u00f6r\u00fc\u015ft\u00fcm, sohbet ettik. \u0130kisi de iyi, Demirta\u015f&#8217;\u0131 biraz zay\u0131flam\u0131\u015f g\u00f6rd\u00fcm. Kavala ile zaten hi\u00e7 y\u00fcz y\u00fcze gelmemi\u015ftik, burada g\u00f6rd\u00fcm&#8221; dedi.<!--more--><\/p>\n<p style=\"text-align: justify;\"><span style=\"text-decoration: underline;\">Ar\u0131n\u00e7, \u015funlar\u0131 s\u00f6yledi<\/span>:<\/p>\n<p style=\"text-align: justify;\">&#8220;Avrupa \u0130nsan Haklar\u0131 Mahkemesi kararlar\u0131na ve Anayasa Mahkemesi\u2019nin bireysel ba\u015fvuru \u00fczerine verdi\u011fi hak ihlalleri kararlar\u0131n\u0131 ciddiye almam\u0131z laz\u0131m ve uygulamam\u0131z laz\u0131m. Kimle ilgili olursa olsun. Ben bu adam\u0131 seviyorum, bunu sevmiyorum. Bu bana g\u00f6re su\u00e7lu, bu bana g\u00f6re masum. Yok b\u00f6yle bir \u015fey.<\/p>\n<p style=\"text-align: justify;\">Ben y\u0131llard\u0131r Anayasa Mahkemesi ve Avrupa \u0130nsan Haklar\u0131 Mahkemesi kararlar\u0131n\u0131n mutlaka uygulanmas\u0131 gerekti\u011fini s\u00f6yl\u00fcyorum. Bu bizim anayasal m\u00fckellefiyetimizdir. Say\u0131n Bah\u00e7eli&#8217;nin bug\u00fcn bu noktaya gelmi\u015f olmas\u0131n\u0131 da \u00f6nemli bir geli\u015fme olarak g\u00f6r\u00fcyorum. Ancak bu de\u011fi\u015fim o d\u00f6nemde bana y\u00f6neltilen a\u011f\u0131r s\u00f6zlerin \u00fcst\u00fcn\u00fc \u00f6rtemez.&#8221;<\/p>\n<p style=\"text-align: justify;\"><strong>&#8220;Ba\u015fak Demirta\u015f 4 g\u00fcn orada tahliye beklemi\u015f&#8221;<\/strong><\/p>\n<p style=\"text-align: justify;\">\u00d6n\u00fcm\u00fczdeki g\u00fcnlerde tahliyeler olaca\u011f\u0131n\u0131 s\u00f6yleyen Ar\u0131n\u00e7, \u015f\u00f6yle devam etti:<\/p>\n<p style=\"text-align: justify;\">&#8220;Tahliyeleri bekliyorlar. Hatta &#8216;E\u015fim d\u00f6rt g\u00fcnd\u00fcr burada tahliye bekliyordu&#8217; dedi. &#8216;Art\u0131k sen git&#8217; demi\u015f Selahattin Bey. \u0130n\u015fallah bu ger\u00e7ekle\u015firse ondan sonra bir araya geliriz. Ama ikisinde de hi\u00e7 kimseye kar\u015f\u0131 bir kin yok. Nefret yok. Ben as\u0131l bunu hayret ettim. \u015eimdi ayn\u0131 \u015feye ben maruz kalsam bir \u00e7\u0131ksam \u015furadan bana bunu yapanlar\u0131 filan yani normal insan b\u00f6yle d\u00fc\u015f\u00fcn\u00fcr. 12 Eyl\u00fcl&#8217;de Diyarbak\u0131r cezaevinde o kadar insanl\u0131k d\u0131\u015f\u0131 muamelelere maruz kald\u0131lar ki, kad\u0131n\u0131yla erke\u011fiyle, onlar\u0131n bir k\u0131sm\u0131 belki daha \u00e7\u0131kmay\u0131 d\u00fc\u015f\u00fcnd\u00fc. Bu k\u0131sm\u0131 sabretti, siyasete girdi. Siyasetteki o sert ve sivri dili kullananlar\u0131n \u00e7o\u011fu o eziyeti \u00e7ekenlerdir. Ama onlardan birisi mesela Ahmet T\u00fcrk, onu unutmaya \u00e7al\u0131\u015f\u0131yor. Ben bu \u00fclkenin b\u00fct\u00fcnl\u00fc\u011f\u00fc i\u00e7in sadece bar\u0131\u015fa odakland\u0131m diyorlar. \u00c7o\u011fu da b\u00f6yledir.&#8221;<\/p>\n<p>Kaynak : <a href=\"https:\/\/kisadalga.net\/haber\/gundem\/arinctan-demirtas-ve-kavalaya-ziyaret-aihm-ve-aym-kararlari-uygulanmali-135004\" target=\"_blank\" rel=\"noopener\">kisadalga.net<\/a><\/p>\n","protected":false},"excerpt":{"rendered":"<\/p>\n<p style=\"text-align: justify;\">B\u00fclent Ar\u0131n\u00e7, &#8220;A\u0130HM kararlar\u0131na ve Anayasa Mahkemesi\u2019nin bireysel ba\u015fvuru \u00fczerine verdi\u011fi hak ihlalleri kararlar\u0131n\u0131 ciddiye almam\u0131z laz\u0131m ve uygulamam\u0131z laz\u0131m&#8221; dedi. K\u0131sa Dalga &#8211; Eski TBMM Ba\u015fkan\u0131 ve AKP&#8217;li siyaset\u00e7i B\u00fclent Ar\u0131n\u00e7, tutuklu eski HDP E\u015f Ba\u015fkan\u0131 Selahattin Demirta\u015f ile i\u015f insan\u0131 Osman Kavala&#8217;y\u0131 ziyaret etti.<\/p>\n<p style=\"text-align: justify;\">Ar\u0131n\u00e7, Lider Haber TV <\/p>\n","protected":false},"author":1,"featured_media":0,"comment_status":"open","ping_status":"open","sticky":false,"template":"","format":"standard","meta":{"footnotes":""},"categories":[105],"tags":[177,134,242,7165,6060,57,3155,1190,117,168,7630,7629,1553,7628,5331,162,6160],"class_list":["post-838350","post","type-post","status-publish","format-standard","hentry","category-gundem","tag-12-eylul","tag-ahmet-turk","tag-aihm","tag-aihm-kararlari","tag-aihmin-selahattin-demirtas-karari","tag-akp","tag-anayasa-mahkemesi-aym","tag-bireysel-basvuru","tag-bulent-arinc","tag-devlet-bahceli","tag-diyarbakir-cezaevi","tag-hak-ihlalleri-kararlari","tag-hdp","tag-lider-haber-tv","tag-osman-kavala","tag-selahattin-demirtas","tag-tahliye","odd"],"_links":{"self":[{"href":"http:\/\/www.korhanyilmaz.com\/index.php?rest_route=\/wp\/v2\/posts\/838350","targetHints":{"allow":["GET"]}}],"collection":[{"href":"http:\/\/www.korhanyilmaz.com\/index.php?rest_route=\/wp\/v2\/posts"}],"about":[{"href":"http:\/\/www.korhanyilmaz.com\/index.php?rest_route=\/wp\/v2\/types\/post"}],"author":[{"embeddable":true,"href":"http:\/\/www.korhanyilmaz.com\/index.php?rest_route=\/wp\/v2\/users\/1"}],"replies":[{"embeddable":true,"href":"http:\/\/www.korhanyilmaz.com\/index.php?rest_route=%2Fwp%2Fv2%2Fcomments&post=838350"}],"version-history":[{"count":0,"href":"http:\/\/www.korhanyilmaz.com\/index.php?rest_route=\/wp\/v2\/posts\/838350\/revisions"}],"wp:attachment":[{"href":"http:\/\/www.korhanyilmaz.com\/index.php?rest_route=%2Fwp%2Fv2%2Fmedia&parent=838350"}],"wp:term":[{"taxonomy":"category","embeddable":true,"href":"http:\/\/www.korhanyilmaz.com\/index.php?rest_route=%2Fwp%2Fv2%2Fcategories&post=838350"},{"taxonomy":"post_tag","embeddable":true,"href":"http:\/\/www.korhanyilmaz.com\/index.php?rest_route=%2Fwp%2Fv2%2Ftags&post=838350"}],"curies":[{"name":"wp","href":"https:\/\/api.w.org\/{rel}","templated":true}]}}