{"id":8380,"date":"2009-04-17T13:48:55","date_gmt":"2009-04-17T10:48:55","guid":{"rendered":"http:\/\/www.korhanyilmaz.com\/?p=8380"},"modified":"2009-04-17T13:48:55","modified_gmt":"2009-04-17T10:48:55","slug":"dilara%e2%80%99yi-asmayin-isyani","status":"publish","type":"post","link":"http:\/\/www.korhanyilmaz.com\/?p=8380","title":{"rendered":"Dilara\u2019y\u0131 asmay\u0131n isyan\u0131"},"content":{"rendered":"<p style=\"text-align: center;\"><a href=\"http:\/\/www.korhanyilmaz.com\/wp-content\/uploads\/2009\/04\/180420091150427824520.jpg\"  class=\"lightview\"><img loading=\"lazy\" decoding=\"async\" class=\"aligncenter size-full wp-image-8381\" title=\"Dilara\u2019y\u0131 asmay\u0131n isyan\u0131 \" src=\"http:\/\/www.korhanyilmaz.com\/wp-content\/uploads\/2009\/04\/180420091150427824520.jpg\" alt=\"Dilara\u2019y\u0131 asmay\u0131n isyan\u0131 \" width=\"329\" height=\"210\" \/><\/a><\/p>\n<p style=\"text-align: justify;\"><strong>\u0130ran 6 y\u0131l \u00f6nce cinayetten \u00f6l\u00fcme mahkum etti\u011fi Dilara Derabi&#8217;yi pazartesi idam edecek<\/strong><\/p>\n<p style=\"text-align: justify;\">\u0130ran&#8217;In 6 y\u0131l \u00f6nce 17 ya\u015f\u0131nda cinayetten \u00f6l\u00fcme mahkum etti\u011fi Dilara Derabi adl\u0131 bir gen\u00e7 k\u0131z\u0131, pazartesi g\u00fcn\u00fc idam edece\u011fini a\u00e7\u0131klamas\u0131, d\u00fcnyada \u015fok etkisi yaratt\u0131. Ba\u015fta \u0130nsan Haklar\u0131 \u0130zleme \u00d6rg\u00fct\u00fc ve D\u00fcnya Af \u00d6rg\u00fct\u00fc olmak \u00fczere bir\u00e7ok insan haklar\u0131 kurulu\u015fu, \u015fu anda 22 ya\u015f\u0131nda olan Dilara&#8217;n\u0131n idam\u0131 durdurmak i\u00e7in harekete ge\u00e7ti. \u0130nternet sitelerinden \u0130ran&#8217;a af \u00e7a\u011fr\u0131s\u0131 yapan kurulu\u015flar, Avrupa&#8217;daki \u0130ran B\u00fcy\u00fckel\u00e7ilikleri \u00f6n\u00fcnde de pazartesi g\u00fcn\u00fc g\u00f6steri yapacaklar\u0131n\u0131 a\u00e7\u0131klad\u0131. 2002 y\u0131l\u0131nda Dilara ve 19 ya\u015f\u0131ndaki erkek arkada\u015f\u0131 Amir ile birlikte soygun i\u00e7in bir akrabas\u0131n\u0131n evine girmi\u015f, yakalanacaklar\u0131n\u0131 anlad\u0131klar\u0131nda da kad\u0131n\u0131 \u00f6ld\u00fcrm\u00fc\u015flerdi. \u0130lk sorgusunda cinayeti itiraf eden Dilara, \u00f6l\u00fcm cezas\u0131na \u00e7arpt\u0131r\u0131l\u0131nca, ifadesini de\u011fi\u015ftirmi\u015fti. Gen\u00e7 k\u0131z, o g\u00fcnden beri cinayeti asl\u0131nda erkek arkada\u015f\u0131n\u0131n i\u015fledi\u011fini, 18 ya\u015f\u0131ndan k\u00fc\u00e7\u00fck oldu\u011fu ve daha az bir ceza ile kurtulaca\u011f\u0131n\u0131 d\u00fc\u015f\u00fcnerek su\u00e7u \u00fcst\u00fcne ald\u0131\u011f\u0131n\u0131 s\u00f6yl\u00fcyor. <!--more--><br \/>\n<strong><br \/>\nTek yol kurban\u0131n ailesinin aff\u0131<\/strong><\/p>\n<p style=\"text-align: justify;\">Avukat\u0131 Abd\u00fclsamad H\u00fcrem\u015fahi, m\u00fcvekkilinin pazartesi as\u0131laca\u011f\u0131n\u0131n kendisine bildirildi\u011fini ve bunu durdurmak i\u00e7in uluslaras\u0131 kamuoyunun yard\u0131m\u0131n\u0131 deste\u011fini istediklerini s\u00f6yledi. \u0130ran bas\u0131n\u0131, Dilara&#8217;n\u0131n kurtulmas\u0131 i\u00e7in tek yolun, \u00f6ld\u00fcrd\u00fc\u011f\u00fc kad\u0131n\u0131n ailesinden af dilemesi oldu\u011funu ancak ailenin gen\u00e7 k\u0131z\u0131n yak\u0131nlar\u0131n\u0131n t\u00fcm \u00e7abalar\u0131na ra\u011fmen Dilara&#8217;y\u0131 ba\u011f\u0131\u015flamaya yana\u015fmad\u0131\u011f\u0131n\u0131 yazd\u0131. \u0130ran&#8217;da idamla cezaland\u0131r\u0131lan cinayet su\u00e7lar\u0131, kurban\u0131n ailesi su\u00e7luyu affederse \u00f6m\u00fcrboyu hapse \u00e7evriliyor. \u00dclkede, k\u0131z \u00e7ocuklar\u0131 9, erkekler ise 15 ya\u015f\u0131n\u0131 doldurduktan sonra i\u015fledikleri su\u00e7lardan sorumlu tutuluyor.<\/p>\n<p style=\"text-align: justify;\"><span style=\"color: #993300;\"><strong>dipNOT<\/strong><\/span><\/p>\n<p style=\"text-align: justify;\">\u0130ran&#8217;da 1990&#8217;dan beri 18 ya\u015f\u0131ndan k\u00fc\u00e7\u00fck 42 \u00e7ocuk idam edildi. En son idam ge\u00e7en ocak ay\u0131nda ger\u00e7ekle\u015fti.<\/p>\n<p style=\"text-align: justify;\"><span style=\"color: #888888;\">Kaynak : Vatan<\/span><\/p>\n","protected":false},"excerpt":{"rendered":"<p style=\"text-align: center;\">\n<p style=\"text-align: justify;\">\u0130ran 6 y\u0131l \u00f6nce cinayetten \u00f6l\u00fcme mahkum etti\u011fi Dilara Derabi&#8217;yi pazartesi idam edecek<\/p>\n<p style=\"text-align: justify;\">\u0130ran&#8217;In 6 y\u0131l \u00f6nce 17 ya\u015f\u0131nda cinayetten \u00f6l\u00fcme mahkum etti\u011fi Dilara Derabi adl\u0131 bir gen\u00e7 k\u0131z\u0131, pazartesi g\u00fcn\u00fc idam edece\u011fini a\u00e7\u0131klamas\u0131, d\u00fcnyada \u015fok etkisi yaratt\u0131. Ba\u015fta \u0130nsan Haklar\u0131 \u0130zleme \u00d6rg\u00fct\u00fc ve D\u00fcnya Af \u00d6rg\u00fct\u00fc olmak <\/p>\n","protected":false},"author":1,"featured_media":0,"comment_status":"open","ping_status":"closed","sticky":false,"template":"","format":"standard","meta":{"footnotes":""},"categories":[3],"tags":[],"class_list":["post-8380","post","type-post","status-publish","format-standard","hentry","category-dunya","odd"],"_links":{"self":[{"href":"http:\/\/www.korhanyilmaz.com\/index.php?rest_route=\/wp\/v2\/posts\/8380","targetHints":{"allow":["GET"]}}],"collection":[{"href":"http:\/\/www.korhanyilmaz.com\/index.php?rest_route=\/wp\/v2\/posts"}],"about":[{"href":"http:\/\/www.korhanyilmaz.com\/index.php?rest_route=\/wp\/v2\/types\/post"}],"author":[{"embeddable":true,"href":"http:\/\/www.korhanyilmaz.com\/index.php?rest_route=\/wp\/v2\/users\/1"}],"replies":[{"embeddable":true,"href":"http:\/\/www.korhanyilmaz.com\/index.php?rest_route=%2Fwp%2Fv2%2Fcomments&post=8380"}],"version-history":[{"count":0,"href":"http:\/\/www.korhanyilmaz.com\/index.php?rest_route=\/wp\/v2\/posts\/8380\/revisions"}],"wp:attachment":[{"href":"http:\/\/www.korhanyilmaz.com\/index.php?rest_route=%2Fwp%2Fv2%2Fmedia&parent=8380"}],"wp:term":[{"taxonomy":"category","embeddable":true,"href":"http:\/\/www.korhanyilmaz.com\/index.php?rest_route=%2Fwp%2Fv2%2Fcategories&post=8380"},{"taxonomy":"post_tag","embeddable":true,"href":"http:\/\/www.korhanyilmaz.com\/index.php?rest_route=%2Fwp%2Fv2%2Ftags&post=8380"}],"curies":[{"name":"wp","href":"https:\/\/api.w.org\/{rel}","templated":true}]}}