{"id":8375,"date":"2009-04-18T10:42:26","date_gmt":"2009-04-18T07:42:26","guid":{"rendered":"http:\/\/www.korhanyilmaz.com\/?p=8375"},"modified":"2009-04-18T10:42:26","modified_gmt":"2009-04-18T07:42:26","slug":"ergenekon-sorusu-gul%e2%80%99u-kizdirdi","status":"publish","type":"post","link":"http:\/\/www.korhanyilmaz.com\/?p=8375","title":{"rendered":"Ergenekon sorusu G\u00fcl\u2019\u00fc k\u0131zd\u0131rd\u0131!"},"content":{"rendered":"<p style=\"text-align: center;\"><a href=\"http:\/\/www.korhanyilmaz.com\/wp-content\/uploads\/2009\/04\/180420090359418287872.jpg\"  class=\"lightview\"><img loading=\"lazy\" decoding=\"async\" class=\"aligncenter size-full wp-image-8376\" title=\"Ergenekon sorusu G\u00fcl\u2019\u00fc k\u0131zd\u0131rd\u0131! \" src=\"http:\/\/www.korhanyilmaz.com\/wp-content\/uploads\/2009\/04\/180420090359418287872.jpg\" alt=\"Ergenekon sorusu G\u00fcl\u2019\u00fc k\u0131zd\u0131rd\u0131! \" width=\"329\" height=\"210\" \/><\/a><a class=\"lightview\" title=\"Ergenekon sorusu G\u00fcl\u2019\u00fc k\u0131zd\u0131rd\u0131! ::  :: width: 500, height: 395\" rel=\"iframe\" href=\"http:\/\/www.korhanyilmaz.com\/swf\/flvplayer.swf?file=http:\/\/video.gazetevatan.com\/video\/file\/180420090243023677850.flv\"><img loading=\"lazy\" decoding=\"async\" class=\"aligncenter\" title=\"Habere \u0130li\u015fkin Videoyu \u0130zlemek \u0130\u00e7in T\u0131klay\u0131n..\" src=\"wp-data\/images\/video_izle_tikla.png\" alt=\"\" width=\"30\" height=\"30\" \/ class=\"lightview\"><\/a><\/p>\n<p style=\"text-align: justify;\"><strong>Misafirinin \u00f6n\u00fcnde gelen beklenmedik soruyu bak\u0131n nas\u0131l ge\u00e7i\u015ftirdi&#8230;<\/strong><\/p>\n<p style=\"text-align: justify;\">Ergenekonun 12. Dalgas\u0131 konusunda Ba\u015fbakan ve Cumhurba\u015fkan\u0131 sessizli\u011fini koruyor. \u00c7ankaya K\u00f6\u015fk\u00fc bug\u00fcn Somali Cumhurba\u015fkan\u0131n\u0131 kabul etti. T\u00fcrk gazetecilere tek soru hakk\u0131 verildi ve do\u011fal olarak o soru Ergenekon&#8217;la ilgiliydi.<\/p>\n<p style=\"text-align: justify;\">Soruyu Kanal D muhabiri \u0130brahim G\u00fcnd\u00fcz sordu. Ve Cumhurba\u015fkan\u0131&#8217;ndan beklenmedik bir cevap ald\u0131.<!--more--><\/p>\n<p style=\"text-align: justify;\">Cumhurba\u015fkan\u0131 Abdullah G\u00fcl, T\u00fcrkiye&#8217;ye resmi ziyaret ger\u00e7ekle\u015ftiren Somali Cumhurba\u015fkan\u0131 \u015eeyh \u015eerif Ahmed ile ba\u015f ba\u015fa ve heyetleraras\u0131 g\u00f6r\u00fc\u015fmelerin ard\u0131ndan \u00c7ankaya K\u00f6\u015fk\u00fc&#8217;nde ortak bas\u0131n toplant\u0131s\u0131 d\u00fczenledi. Toplant\u0131ya damgas\u0131n\u0131 vuransa, G\u00fcl&#8217;\u00fcn, Ergenekon soru\u015fturmas\u0131yla ilgili bir soruyu cevaplamay\u0131 reddetmesi oldu.<\/p>\n<p style=\"text-align: justify;\">G\u00fcnd\u00fcz&#8217;\u00fcn, Ergenekon soru\u015fturmas\u0131ndaki son g\u00f6zalt\u0131lar ve aramalarla ilgili bir soru y\u00f6neltmek istemesi \u00fczerine G\u00fcl, &#8220;\u00c7ok zor \u015fartlarda olan bir \u00fclkenin Cumhurba\u015fkan\u0131 ilk kez ziyarette bulunuyor. Bu konuyla ilgili sorunuz varsa sorun. Bu sordu\u011funuz soruyu ba\u015fka yerde sorun cevaplayay\u0131m&#8221; diyerek, gazetecinin sorusunu yan\u0131ts\u0131z b\u0131rakt\u0131.<\/p>\n<p style=\"text-align: justify;\"><span style=\"color: #888888;\">Kaynak : Vatan<\/span><\/p>\n","protected":false},"excerpt":{"rendered":"<p style=\"text-align: center;\">\n<p style=\"text-align: justify;\">Misafirinin \u00f6n\u00fcnde gelen beklenmedik soruyu bak\u0131n nas\u0131l ge\u00e7i\u015ftirdi&#8230;<\/p>\n<p style=\"text-align: justify;\">Ergenekonun 12. Dalgas\u0131 konusunda Ba\u015fbakan ve Cumhurba\u015fkan\u0131 sessizli\u011fini koruyor. \u00c7ankaya K\u00f6\u015fk\u00fc bug\u00fcn Somali Cumhurba\u015fkan\u0131n\u0131 kabul etti. T\u00fcrk gazetecilere tek soru hakk\u0131 verildi ve do\u011fal olarak o soru Ergenekon&#8217;la ilgiliydi.<\/p>\n<p style=\"text-align: justify;\">Soruyu Kanal D muhabiri \u0130brahim G\u00fcnd\u00fcz sordu. Ve Cumhurba\u015fkan\u0131&#8217;ndan <\/p>\n","protected":false},"author":1,"featured_media":0,"comment_status":"open","ping_status":"closed","sticky":false,"template":"","format":"standard","meta":{"footnotes":""},"categories":[105],"tags":[],"class_list":["post-8375","post","type-post","status-publish","format-standard","hentry","category-gundem","odd"],"_links":{"self":[{"href":"http:\/\/www.korhanyilmaz.com\/index.php?rest_route=\/wp\/v2\/posts\/8375","targetHints":{"allow":["GET"]}}],"collection":[{"href":"http:\/\/www.korhanyilmaz.com\/index.php?rest_route=\/wp\/v2\/posts"}],"about":[{"href":"http:\/\/www.korhanyilmaz.com\/index.php?rest_route=\/wp\/v2\/types\/post"}],"author":[{"embeddable":true,"href":"http:\/\/www.korhanyilmaz.com\/index.php?rest_route=\/wp\/v2\/users\/1"}],"replies":[{"embeddable":true,"href":"http:\/\/www.korhanyilmaz.com\/index.php?rest_route=%2Fwp%2Fv2%2Fcomments&post=8375"}],"version-history":[{"count":0,"href":"http:\/\/www.korhanyilmaz.com\/index.php?rest_route=\/wp\/v2\/posts\/8375\/revisions"}],"wp:attachment":[{"href":"http:\/\/www.korhanyilmaz.com\/index.php?rest_route=%2Fwp%2Fv2%2Fmedia&parent=8375"}],"wp:term":[{"taxonomy":"category","embeddable":true,"href":"http:\/\/www.korhanyilmaz.com\/index.php?rest_route=%2Fwp%2Fv2%2Fcategories&post=8375"},{"taxonomy":"post_tag","embeddable":true,"href":"http:\/\/www.korhanyilmaz.com\/index.php?rest_route=%2Fwp%2Fv2%2Ftags&post=8375"}],"curies":[{"name":"wp","href":"https:\/\/api.w.org\/{rel}","templated":true}]}}