{"id":8370,"date":"2009-04-18T12:59:57","date_gmt":"2009-04-18T09:59:57","guid":{"rendered":"http:\/\/www.korhanyilmaz.com\/?p=8370"},"modified":"2009-04-18T12:59:57","modified_gmt":"2009-04-18T09:59:57","slug":"babacan-kapiyi-gosterdi","status":"publish","type":"post","link":"http:\/\/www.korhanyilmaz.com\/?p=8370","title":{"rendered":"&#039;Babacan kap\u0131y\u0131 g\u00f6sterdi&#039;"},"content":{"rendered":"<p style=\"text-align: center;\"><img loading=\"lazy\" decoding=\"async\" class=\"aligncenter size-full wp-image-8371\" title=\" 'Babacan kap\u0131y\u0131 g\u00f6sterdi' \" src=\"http:\/\/www.korhanyilmaz.com\/wp-content\/uploads\/2009\/04\/180420091257584554967.jpg\" alt=\" 'Babacan kap\u0131y\u0131 g\u00f6sterdi' \" width=\"329\" height=\"210\" \/><\/p>\n<p style=\"text-align: justify;\"><strong>Babacan&#8217;\u0131n Azerbaycanl\u0131 b\u00fcrokrata Ermeni yetkililerin \u00f6n\u00fcnde &#8220;kaba davrand\u0131\u011f\u0131&#8221; iddia edildi<\/strong>.<\/p>\n<p style=\"text-align: justify;\">Karadeniz Ekonomik \u0130\u015fbirli\u011fi (KE\u0130) toplant\u0131s\u0131 i\u00e7in Ermenistan&#8217;\u0131n ba\u015fkenti Erivan&#8217;a giden D\u0131\u015fi\u015fleri Bakan\u0131 Ali Babacan&#8217;\u0131n Azerbaycan D\u0131\u015fi\u015fleri Bakan Yard\u0131mc\u0131s\u0131 Mahmud Memmedguliyev&#8217;e kar\u015f\u0131 Ermeni yetkililerin \u00f6n\u00fcnde &#8220;kaba davrand\u0131\u011f\u0131&#8221; iddia edildi.<\/p>\n<p style=\"text-align: justify;\">\u0130ddiay\u0131 ortaya atan Ermeni &#8220;Panarama.am&#8221; internet sitesinin Ermenistan D\u0131\u015fi\u015fleri Bakanl\u0131\u011f\u0131&#8217;ndaki kaynaklara dayanarak yay\u0131nlad\u0131\u011f\u0131 habere, Azeri &#8220;Yeni M\u00fcsavat&#8221; gazetesi de bug\u00fcnk\u00fc say\u0131s\u0131nda yer verdi.<!--more--><\/p>\n<p style=\"text-align: justify;\">Ermeni ve Azeri bas\u0131n\u0131nda yer alan olay iddialara g\u00f6re \u015f\u00f6yle cereyan etti:<\/p>\n<p style=\"text-align: justify;\">&#8220;KE\u0130 toplant\u0131s\u0131ndan sonra Ermenistan Cumhurba\u015fkan\u0131 Serj Sarkisyan taraf\u0131ndan kabul edilen konuk d\u0131\u015fi\u015fleri bakanlar\u0131 g\u00f6r\u00fc\u015fmeden sonra d\u0131\u015far\u0131 \u00e7\u0131kt\u0131.<\/p>\n<p style=\"text-align: justify;\">Bakanlar ayr\u0131l\u0131rken, T\u00fcrkiye D\u0131\u015fi\u015fleri Bakan\u0131 Babacan, Ermeni Cumhurba\u015fkan\u0131&#8217;n\u0131n makam odas\u0131 \u00f6n\u00fcnde Sarkisyan&#8217;la ikili g\u00f6r\u00fc\u015fme i\u00e7in beklemeye devam etti.<\/p>\n<p style=\"text-align: justify;\">Bu s\u0131rada Azerbaycan D\u0131\u015fi\u015fleri Bakan\u0131 Mahmud Memmedguliyev, Babacan&#8217;a yakla\u015farak kula\u011f\u0131na bir \u015feyler f\u0131s\u0131ldamaya ba\u015flad\u0131. Bunun \u00fczerine Ermeni protokol g\u00f6revlileri iki bakandan ayr\u0131lmalar\u0131 y\u00f6n\u00fcnde talepte bulundu.<\/p>\n<p style=\"text-align: justify;\">Ancak Azeri bakan yard\u0131mc\u0131s\u0131 ikazlara ald\u0131rmadan konu\u015fmaya devam edince Ali Babacan, kendisine sert bir \u015fekilde hitap ederek d\u0131\u015far\u0131 \u00e7\u0131kmas\u0131 i\u00e7in kap\u0131y\u0131 g\u00f6sterdi.<\/p>\n<p style=\"text-align: justify;\">Beklemedi\u011fi kar\u015f\u0131l\u0131k \u00fczerine \u015fa\u015fk\u0131n duruma d\u00fc\u015fen ve morali bozulan Azerbaycanl\u0131 bakan yard\u0131mc\u0131s\u0131 sinirli bir \u015fekilde oradan ayr\u0131larak \u00e7\u0131k\u0131\u015f kap\u0131s\u0131 yerine tuvalet kap\u0131s\u0131ndan i\u00e7eri girdi.<\/p>\n<p style=\"text-align: justify;\">\u0130ddiaya g\u00f6re Azeri bakan yard\u0131mc\u0131s\u0131n\u0131n komik duruma d\u00fc\u015fmesi kar\u015f\u0131s\u0131nda, Ali Babacan olay\u0131 seyreden Ermeni yetkililerle birlikte g\u00fcl\u00fc\u015ft\u00fc. Ermenistan Cumhurba\u015fkan\u0131&#8217;n\u0131n koruma g\u00f6revlileri daha sonra Memmedguliyev&#8217;e yak\u0131nla\u015farak \u00e7\u0131k\u0131\u015f kap\u0131s\u0131n\u0131 g\u00f6sterdiler.&#8221;<\/p>\n<p style=\"text-align: justify;\">M\u00fcsavat gazetesi, rezalet diye nitelendirdi\u011fi olayda asl\u0131nda Azeri bakan yard\u0131mc\u0131s\u0131na kabal\u0131k yaparak kap\u0131y\u0131 g\u00f6stermesiyle Babacan&#8217;\u0131n zor duruma d\u00fc\u015ft\u00fc\u011f\u00fcn\u00fc belirterek bunun T\u00fcrkiye iktidar\u0131n\u0131n hangi yakla\u015f\u0131m i\u00e7inde oldu\u011funu bir kez daha ortaya koydu\u011funu \u00f6ne s\u00fcrd\u00fc.<\/p>\n<p style=\"text-align: justify;\">Gazete, diplomatik skandal\u0131 ziyareti izleyen bir T\u00fcrk gazeteciye de do\u011frulatt\u0131klar\u0131n\u0131 ve T\u00fcrk D\u0131\u015fi\u015fleri&#8217;nin de olay\u0131n yaz\u0131lmamas\u0131 i\u00e7in gazetecilerden ricada bulundu\u011funu ileri s\u00fcrd\u00fc.<\/p>\n<p style=\"text-align: justify;\"><span style=\"color: #888888;\">Kaynak : Vatan<\/span><\/p>\n<p style=\"text-align: justify;\">\n","protected":false},"excerpt":{"rendered":"<p style=\"text-align: center;\">\n<p style=\"text-align: justify;\">Babacan&#8217;\u0131n Azerbaycanl\u0131 b\u00fcrokrata Ermeni yetkililerin \u00f6n\u00fcnde &#8220;kaba davrand\u0131\u011f\u0131&#8221; iddia edildi.<\/p>\n<p style=\"text-align: justify;\">Karadeniz Ekonomik \u0130\u015fbirli\u011fi (KE\u0130) toplant\u0131s\u0131 i\u00e7in Ermenistan&#8217;\u0131n ba\u015fkenti Erivan&#8217;a giden D\u0131\u015fi\u015fleri Bakan\u0131 Ali Babacan&#8217;\u0131n Azerbaycan D\u0131\u015fi\u015fleri Bakan Yard\u0131mc\u0131s\u0131 Mahmud Memmedguliyev&#8217;e kar\u015f\u0131 Ermeni yetkililerin \u00f6n\u00fcnde &#8220;kaba davrand\u0131\u011f\u0131&#8221; iddia edildi.<\/p>\n<p style=\"text-align: justify;\">\u0130ddiay\u0131 ortaya atan Ermeni &#8220;Panarama.am&#8221; internet sitesinin Ermenistan <\/p>\n","protected":false},"author":1,"featured_media":0,"comment_status":"open","ping_status":"closed","sticky":false,"template":"","format":"standard","meta":{"footnotes":""},"categories":[105],"tags":[],"class_list":["post-8370","post","type-post","status-publish","format-standard","hentry","category-gundem","odd"],"_links":{"self":[{"href":"http:\/\/www.korhanyilmaz.com\/index.php?rest_route=\/wp\/v2\/posts\/8370","targetHints":{"allow":["GET"]}}],"collection":[{"href":"http:\/\/www.korhanyilmaz.com\/index.php?rest_route=\/wp\/v2\/posts"}],"about":[{"href":"http:\/\/www.korhanyilmaz.com\/index.php?rest_route=\/wp\/v2\/types\/post"}],"author":[{"embeddable":true,"href":"http:\/\/www.korhanyilmaz.com\/index.php?rest_route=\/wp\/v2\/users\/1"}],"replies":[{"embeddable":true,"href":"http:\/\/www.korhanyilmaz.com\/index.php?rest_route=%2Fwp%2Fv2%2Fcomments&post=8370"}],"version-history":[{"count":0,"href":"http:\/\/www.korhanyilmaz.com\/index.php?rest_route=\/wp\/v2\/posts\/8370\/revisions"}],"wp:attachment":[{"href":"http:\/\/www.korhanyilmaz.com\/index.php?rest_route=%2Fwp%2Fv2%2Fmedia&parent=8370"}],"wp:term":[{"taxonomy":"category","embeddable":true,"href":"http:\/\/www.korhanyilmaz.com\/index.php?rest_route=%2Fwp%2Fv2%2Fcategories&post=8370"},{"taxonomy":"post_tag","embeddable":true,"href":"http:\/\/www.korhanyilmaz.com\/index.php?rest_route=%2Fwp%2Fv2%2Ftags&post=8370"}],"curies":[{"name":"wp","href":"https:\/\/api.w.org\/{rel}","templated":true}]}}