{"id":8364,"date":"2009-04-17T10:23:28","date_gmt":"2009-04-17T07:23:28","guid":{"rendered":"http:\/\/www.korhanyilmaz.com\/?p=8364"},"modified":"2021-10-19T13:21:28","modified_gmt":"2021-10-19T10:21:28","slug":"sembol-emekli-bu-yil-da-taksim-yolunda","status":"publish","type":"post","link":"http:\/\/www.korhanyilmaz.com\/?p=8364","title":{"rendered":"Sembol emekli bu y\u0131l da Taksim yolunda"},"content":{"rendered":"<p style=\"text-align: center;\">\n<p><a href=\"http:\/\/www.korhanyilmaz.com\/wp-content\/uploads\/2009\/04\/fft5_mf157759.jpg\"  class=\"lightview\"><img loading=\"lazy\" decoding=\"async\" class=\"aligncenter wp-image-69893\" src=\"http:\/\/www.korhanyilmaz.com\/wp-content\/uploads\/2009\/04\/fft5_mf157759.jpg\" alt=\"\" width=\"400\" height=\"267\" \/><\/a><\/p>\n<p style=\"text-align: justify;\">Meclis 1 May\u0131s&#8217;\u0131n tatil olmas\u0131 i\u00e7in \u00e7al\u0131\u015fmalar\u0131 y\u00fcr\u00fct\u00fcrken, ge\u00e7en y\u0131lki &#8216;kutlama&#8217;lar s\u0131ras\u0131nda yar\u0131 bayg\u0131n foto\u011fraflar\u0131yla sembol olan i\u015f\u00e7i emeklisi Ali Murtaza Kele\u015f, &#8220;1 May\u0131s&#8217;\u0131n tatil olmas\u0131 yeterli de\u011fil, Taksim i\u015f\u00e7ilere a\u00e7\u0131lmal\u0131&#8221; dedi.<\/p>\n<p style=\"text-align: justify;\">D\u0130SK&#8217;e ba\u011fl\u0131 Emekli Sen \u00fcyesi Ali Murtaza Kele\u015f, 1 May\u0131s 2008 g\u00fcn\u00fc Taksim&#8217;e \u00e7\u0131kmak isteyen on binlerce i\u015f\u00e7iden biriydi. Polisin i\u015f\u00e7ilere y\u00f6nelik \u00f6l\u00e7\u00fcs\u00fcz m\u00fcdahalesi sonras\u0131nda biber gaz\u0131 ve tazyikli sudan yar\u0131 bayg\u0131n halde \u00e7ekilen foto\u011fraf\u0131yla, polis ter\u00f6r\u00fcn\u00fcn sembol\u00fc haline gelen Kele\u015f, &#8220;O olaydan sonra ci\u011ferlerim eskisi gibi olmad\u0131. Solunum sorunlar\u0131 ya\u015f\u0131yorum. \u015eiddetin psikolojik boyutunu atlatabildim, ancak fiziksel izlerini atlatamad\u0131m. V\u00fccudumda h\u00e2l\u00e2 darp izleri var&#8221; dedi. <!--more--><br \/>\nBu y\u0131lki kutlamalara da arkada\u015flar\u0131yla kat\u0131laca\u011f\u0131n\u0131 s\u00f6yleyen Kele\u015f, &#8220;1 May\u0131s&#8217;\u0131n tatil ilan edilmesi olumlu bir ad\u0131m. Ancak Taksim i\u015f\u00e7ilere a\u00e7\u0131lmad\u0131\u011f\u0131 s\u00fcrece bunun bir manas\u0131 yok. Art\u0131k devlet Taksim&#8217;i i\u015f\u00e7ilere a\u00e7mama dayatmas\u0131ndan vazge\u00e7ilmeli&#8221; diye konu\u015ftu.<\/p>\n<p style=\"text-align: justify;\"><strong>E\u015fime bask\u0131 yap\u0131ld\u0131<\/strong><\/p>\n<p style=\"text-align: justify;\">Olaylar\u0131n ard\u0131ndan emekli Kele\u015f&#8217;in bas\u0131na yapt\u0131\u011f\u0131 a\u00e7\u0131klamalar nedeniyle, hayat\u0131nda hi\u00e7bir \u015fey eskisi gibi olmam\u0131\u015f. Kele\u015f, EGO Genel M\u00fcd\u00fcrl\u00fc\u011f\u00fc&#8217;nde memur olarak \u00e7al\u0131\u015fan e\u015fine bask\u0131lar yap\u0131ld\u0131\u011f\u0131n\u0131 iddia etti: &#8220;Amirleri &#8216;E\u015fin neden a\u00e7\u0131klamalar yap\u0131yor? Senin de memuriyetin de tehlikeye d\u00fc\u015fer&#8217; demi\u015f. E\u015fimin \u00fczerinde etkili oldular. 1 May\u0131s&#8217;tan sonra 7 May\u0131s&#8217;ta bo\u015fanma davas\u0131 a\u00e7t\u0131. Ayn\u0131 adreste ya\u015f\u0131yoruz, benim haberim yok. E\u015fime belediye taraf\u0131ndan lojman verildi. Yine benim haberim olmad\u0131.&#8221;<\/p>\n<p style=\"text-align: justify;\"><span style=\"color: #888888;\">Kaynak : <a href=\"http:\/\/www.radikal.com.tr\/turkiye\/sembol-emekli-bu-yil-da-taksim-yolunda-931670\/\" target=\"_blank\" rel=\"noopener\">Mesut Hasan Benli &#8211; Radikal<\/a><\/span><\/p>\n","protected":false},"excerpt":{"rendered":"<p style=\"text-align: center;\">\n<p style=\"text-align: justify;\">Meclis 1 May\u0131s&#8217;\u0131n tatil olmas\u0131 i\u00e7in \u00e7al\u0131\u015fmalar\u0131 y\u00fcr\u00fct\u00fcrken, ge\u00e7en y\u0131lki &#8216;kutlama&#8217;lar s\u0131ras\u0131nda yar\u0131 bayg\u0131n foto\u011fraflar\u0131yla sembol olan i\u015f\u00e7i emeklisi Ali Murtaza Kele\u015f, &#8220;1 May\u0131s&#8217;\u0131n tatil olmas\u0131 yeterli de\u011fil, Taksim i\u015f\u00e7ilere a\u00e7\u0131lmal\u0131&#8221; dedi.<\/p>\n<p style=\"text-align: justify;\">D\u0130SK&#8217;e ba\u011fl\u0131 Emekli Sen \u00fcyesi Ali Murtaza Kele\u015f, 1 May\u0131s 2008 g\u00fcn\u00fc Taksim&#8217;e \u00e7\u0131kmak isteyen <\/p>\n","protected":false},"author":1,"featured_media":0,"comment_status":"open","ping_status":"closed","sticky":false,"template":"","format":"standard","meta":{"footnotes":""},"categories":[105],"tags":[],"class_list":["post-8364","post","type-post","status-publish","format-standard","hentry","category-gundem","odd"],"_links":{"self":[{"href":"http:\/\/www.korhanyilmaz.com\/index.php?rest_route=\/wp\/v2\/posts\/8364","targetHints":{"allow":["GET"]}}],"collection":[{"href":"http:\/\/www.korhanyilmaz.com\/index.php?rest_route=\/wp\/v2\/posts"}],"about":[{"href":"http:\/\/www.korhanyilmaz.com\/index.php?rest_route=\/wp\/v2\/types\/post"}],"author":[{"embeddable":true,"href":"http:\/\/www.korhanyilmaz.com\/index.php?rest_route=\/wp\/v2\/users\/1"}],"replies":[{"embeddable":true,"href":"http:\/\/www.korhanyilmaz.com\/index.php?rest_route=%2Fwp%2Fv2%2Fcomments&post=8364"}],"version-history":[{"count":0,"href":"http:\/\/www.korhanyilmaz.com\/index.php?rest_route=\/wp\/v2\/posts\/8364\/revisions"}],"wp:attachment":[{"href":"http:\/\/www.korhanyilmaz.com\/index.php?rest_route=%2Fwp%2Fv2%2Fmedia&parent=8364"}],"wp:term":[{"taxonomy":"category","embeddable":true,"href":"http:\/\/www.korhanyilmaz.com\/index.php?rest_route=%2Fwp%2Fv2%2Fcategories&post=8364"},{"taxonomy":"post_tag","embeddable":true,"href":"http:\/\/www.korhanyilmaz.com\/index.php?rest_route=%2Fwp%2Fv2%2Ftags&post=8364"}],"curies":[{"name":"wp","href":"https:\/\/api.w.org\/{rel}","templated":true}]}}