{"id":8359,"date":"2009-04-17T10:16:02","date_gmt":"2009-04-17T07:16:02","guid":{"rendered":"http:\/\/www.korhanyilmaz.com\/?p=8359"},"modified":"2009-04-17T10:16:02","modified_gmt":"2009-04-17T07:16:02","slug":"cumhuriyet-evini-sormuslar","status":"publish","type":"post","link":"http:\/\/www.korhanyilmaz.com\/?p=8359","title":{"rendered":"&#039;Cumhuriyet Evi&#039;ni sormu\u015flar"},"content":{"rendered":"<p style=\"text-align: center;\"><img loading=\"lazy\" decoding=\"async\" class=\"aligncenter size-full wp-image-8360\" title=\"'Cumhuriyet Evi'ni sormu\u015flar \" src=\"http:\/\/www.korhanyilmaz.com\/wp-content\/uploads\/2009\/04\/fft28_mf157730.jpeg\" alt=\"'Cumhuriyet Evi'ni sormu\u015flar \" width=\"306\" height=\"204\" \/><\/p>\n<p style=\"text-align: center;\">\n<p style=\"text-align: justify;\">Ergenekon operasyonunda &#8216;Kararg\u00e2h Evleri&#8217;nden sonra yeni bir yap\u0131lanma iddias\u0131 ortaya \u00e7\u0131kt\u0131. 12. dalgada g\u00f6zalt\u0131na al\u0131nan \u00f6\u011frencilere &#8216;Cumhuriyet Evi Projesi&#8217;yle ilgili sorular soruldu.<\/p>\n<p style=\"text-align: justify;\">\nErgenekon soru\u015fturmas\u0131ndaki iddialardan biri olan ve Hava Kuvvetleri&#8217;ne uzanan &#8216;Kararg\u00e2h Evleri&#8217; \u00f6rg\u00fctlenmesinden sonra, 12. dalgada g\u00f6zalt\u0131ndakilere yeni bir yap\u0131yla ilgili sorular soruldu: Cumhuriyet Evi. G\u00f6zalt\u0131na al\u0131nan T\u00fcrkiye Gen\u00e7lik Birli\u011fi \u00fcyesi ve \u00c7a\u011fda\u015f E\u011fitim Vakf\u0131&#8217;ndan (\u00c7EV) burs alan d\u00f6rt \u00f6\u011frenciye &#8216;Cumhuriyet Evi Projesi&#8217; ile ilgili sorular soruldu. Bununla ilgili bilgilerin \u00c7a\u011fda\u015f Ya\u015fam\u0131 Destekleme Derne\u011fi&#8217;ndeki (\u00c7YDD) aramalarda ele ge\u00e7irildi\u011fi belirtildi. <!--more--><\/p>\n<p style=\"text-align: justify;\">\nErgenekon soru\u015fturmas\u0131n\u0131n 12. dalgas\u0131nda g\u00f6zalt\u0131na al\u0131nan 39 ki\u015fiden sekizi \u00f6nceki g\u00fcn serbest b\u0131rak\u0131lm\u0131\u015ft\u0131. Emniyette sorgusu tamamlanan 30 ki\u015fi d\u00fcn \u0130stanbul Adliyesi&#8217;ne getirildi. Savc\u0131l\u0131k sorgusu tamamlanan \u00c7a\u011fda\u015f Ya\u015fam\u0131 Destekleme Derne\u011fi Zeytinburnu \u015eube Ba\u015fkan\u0131 Sevtap Sema Murat serbest b\u0131rak\u0131lan ilk isim oldu.<br \/>\nEski \u0130n\u00f6n\u00fc \u00dcniversitesi Rekt\u00f6r\u00fc Prof. Dr. Fatih Hilmio\u011flu, Okan \u00dcniversitesi \u00f6\u011fretim \u00fcyesi Prof. Dr. Erol Manisal\u0131, eski Uluda\u011f \u00dcniversitesi Rekt\u00f6r\u00fc Prof. Dr. Mustafa Yurtkuran, 19 May\u0131s \u00dcniversitesi eski Rekt\u00f6r\u00fc Prof. Dr. Ferit Bernay ve Giresun \u00dcniversitesi Rekt\u00f6r\u00fc Prof. Dr. Osman Metin \u00d6zt\u00fcrk, 68&#8217;liler Birli\u011fi Vakf\u0131 Genel Sekreteri avukat Nam\u0131k Kemal Boya&#8217;n\u0131n ve \u00c7YDD y\u00f6neticileri ile burs alan \u00f6\u011frencilerin aralar\u0131nda bulundu\u011fu 30 ki\u015finin sorgusu ak\u015fam saatlerine kadar s\u00fcrd\u00fc. Ba\u015fkent \u00dcniversitesi Rekt\u00f6r\u00fc Mehmet Haberal ise gece ge\u00e7 saatte adliyeye sevk edildi.<\/p>\n<p style=\"text-align: justify;\">\nErgenekon soru\u015fturmas\u0131 kapsam\u0131nda g\u00f6zalt\u0131na al\u0131nan T\u00fcrkiye Gen\u00e7lik Birli\u011fi \u00fcyeleri olan \u00f6\u011frencilerden Ceren Ert\u00fcrk, Sibel Karneci, Ay\u015fe Ezgi Dilek ve Vahide Melis Yal\u00e7\u0131nlar&#8217;a savc\u0131l\u0131k sorgular\u0131nda &#8216;Cumhuriyet Evi&#8217; projesi hakk\u0131nda bilgisi olup olmad\u0131\u011f\u0131 y\u00f6n\u00fcnde sorular soruldu\u011fu \u00f6\u011frenildi. \u00c7EV&#8217;den burs alan d\u00f6rt \u00f6\u011frencinin ise ifadelerinde, b\u00f6yle bir yap\u0131lanmay\u0131 ilk kez duyduklar\u0131n\u0131 s\u00f6yledikleri \u00f6\u011frenildi. &#8216;Cumhuriyet Evi&#8217; projesinin \u00c7YDD i\u00e7erisinde kurulmu\u015f bir h\u00fccre yap\u0131lanma oldu\u011fu iddia edildi.<br \/>\nDi\u011fer yandan Prof. Dr. Ferit Bernay ve Prof. Dr. Osman Metin \u00d6zt\u00fcrk&#8217;\u00fcn Emniyet&#8217;te susma haklar\u0131n\u0131 kulland\u0131klar\u0131 belirtildi. Prof. Dr. Mustafa Yurtkuran&#8217;\u0131n ise Emniyet&#8217;te 56 sayfal\u0131k bir ifade verdi\u011fi \u00f6\u011frenildi. 68&#8217;liler Birli\u011fi Vakf\u0131 Genel Sekreteri avukat Nam\u0131k Kemal Boya&#8217;ya da Talat Pa\u015fa komitesi ile ilgili sorular y\u00f6neltildi. Boya&#8217;ya, Ergenekon davas\u0131nda yarg\u0131lanan \u0130\u015f\u00e7i Partisi Genel Ba\u015fkan\u0131 Do\u011fu Perin\u00e7ek ve di\u011fer \u0130\u015f\u00e7i Partili san\u0131klar\u0131 tan\u0131y\u0131p tan\u0131mad\u0131\u011f\u0131 soruldu. Eski ve faal rekt\u00f6rlere 23 Ekim 2003&#8217;te Y\u00d6K yasas\u0131n\u0131n protesto edildi\u011fi ve &#8216;Ordu G\u00f6reve&#8217; pankart\u0131n\u0131n a\u00e7\u0131ld\u0131\u011f\u0131 Ankara&#8217;daki eylem soruldu. &#8216;Ordu g\u00f6reve&#8217; pankart\u0131n\u0131n a\u00e7\u0131ld\u0131\u011f\u0131 bu eylemin Ergenekon&#8217;un taraf\u0131ndan &#8216;tahrik&#8217; amac\u0131yla d\u00fczenlendi\u011fi iddia edildi.<br \/>\n\u0130lk etapta adliyede sorgusu bitenlerden Ferit Bernay, Fatih Hilmio\u011flu, Mustafa Yurtkuran, Erol Manisal\u0131, Ay\u015fe Y\u00fcksel, Hamdi G\u00f6khan Ecevit, Nam\u0131k Kemal Boya, Sadun Okyalt\u0131r\u0131k tutuklama talebiyle mahkemeye sevk edilirken, 17 ki\u015fi serbest kald\u0131. Adliyedeki i\u015flemler gece yar\u0131s\u0131na kadar s\u00fcrd\u00fc.<\/p>\n<p>Bunlar da Ergenekon&#8217;a tepki dalgalar\u0131<\/p>\n<p><strong>Adliye \u00f6n\u00fcnde eylem <\/strong><\/p>\n<p>\u0130stanbul&#8217;da Ergenekon&#8217;un 12. dalgas\u0131n\u0131 protesto edenler Cumhuriyet gazetesi ve zanl\u0131lar\u0131n ifadelerinin al\u0131nd\u0131\u011f\u0131 \u0130stanbul Adliyesi \u00f6n\u00fcnde eylem yapt\u0131. \u00c7YDD \u00fcyeleri g\u00f6zalt\u0131na al\u0131nan arkada\u015flar\u0131n\u0131n foto\u011fraflar\u0131n\u0131 ta\u015f\u0131rken bir ba\u015fka grup &#8216;Cumhurba\u015fkan\u0131 Haberal&#8217; d\u00f6vizi a\u00e7t\u0131.\n<\/p>\n<p style=\"text-align: justify;\"><strong>\u0130zmir&#8217;de 2 bin ki\u015filik a\u00e7\u0131klama<\/strong><\/p>\n<p style=\"text-align: justify;\"><strong><\/strong><br \/>\n\u0130zmir&#8217;de Cumhuriyet \u0130\u00e7in G\u00fc\u00e7birli\u011fi Platformu&#8217;nca Ergenekon&#8217;un 12. dalgas\u0131n\u0131 protesto etmek i\u00e7in d\u00fczenlenen bas\u0131n a\u00e7\u0131klamas\u0131na yakla\u015f\u0131k 2 bin ki\u015fi kat\u0131ld\u0131. Cumhuriyet Meydan\u0131&#8217;nda bulunan Atat\u00fcrk An\u0131t\u0131 \u00f6n\u00fcnde d\u00fczenlenen protesto eylemine \u0130zmir Barosu, \u00c7YDD \u00fcyeleri ve \u00e7e\u015fitli sivil toplum \u00f6rg\u00fctleri kat\u0131ld\u0131. Kalabal\u0131k &#8216;Milli g\u00fc\u00e7ler birle\u015fin, iktidara yerle\u015fin&#8217;, &#8216;Cumhuriyet de\u011fil, AKP y\u0131k\u0131lacak&#8217; sloganlar\u0131 attt\u0131.\n<\/p>\n<p style=\"text-align: justify;\"><strong>Eczac\u0131lar fak\u00fcltede bulu\u015ftu<\/strong><\/p>\n<p style=\"text-align: justify;\"><strong><\/strong><br \/>\nErgenekon operasyonunu protesto eden meslek gruplar\u0131ndan biri de eczac\u0131lard\u0131. \u0130stanbul Eczac\u0131 Odas\u0131&#8217;n\u0131n Eczac\u0131l\u0131k Fak\u00fcltesi \u00f6n\u00fcndeki eyleminde akademisyenler ve \u00c7YDD \u00fcyelerinin g\u00f6zalt\u0131na al\u0131nmas\u0131 protesto edildi.<\/p>\n<p><strong>C\u00fcppeli tepki <\/strong><\/p>\n<p>Hacettepe \u00dcniversitesi&#8217;nde senato ve \u00f6\u011fretim \u00fcyeleri &#8216;Ergenekon&#8217; soru\u015fturmas\u0131nda akademisyenlerin g\u00f6zalt\u0131na al\u0131nmas\u0131n\u0131 protesto etti. Rekt\u00f6rleri g\u00f6zalt\u0131na al\u0131nan Giresun ve 19 May\u0131s \u00dcniversitelerinde de \u00f6\u011fretim \u00fcyeleri c\u00fcbbeleriyle eylem yapt\u0131. \u00dcniversite senatolar\u0131ndan tepki ya\u011f\u0131yor.\n<\/p>\n<p style=\"text-align: justify;\"><span style=\"color: #888888;\">Kaynak : Radikal<\/span><\/p>\n","protected":false},"excerpt":{"rendered":"<p style=\"text-align: center;\">\n<p style=\"text-align: center;\">\n<p style=\"text-align: justify;\">Ergenekon operasyonunda &#8216;Kararg\u00e2h Evleri&#8217;nden sonra yeni bir yap\u0131lanma iddias\u0131 ortaya \u00e7\u0131kt\u0131. 12. dalgada g\u00f6zalt\u0131na al\u0131nan \u00f6\u011frencilere &#8216;Cumhuriyet Evi Projesi&#8217;yle ilgili sorular soruldu.<\/p>\n<p style=\"text-align: justify;\"> Ergenekon soru\u015fturmas\u0131ndaki iddialardan biri olan ve Hava Kuvvetleri&#8217;ne uzanan &#8216;Kararg\u00e2h Evleri&#8217; \u00f6rg\u00fctlenmesinden sonra, 12. dalgada g\u00f6zalt\u0131ndakilere yeni bir yap\u0131yla ilgili sorular soruldu: <\/p>\n","protected":false},"author":1,"featured_media":0,"comment_status":"open","ping_status":"closed","sticky":false,"template":"","format":"standard","meta":{"footnotes":""},"categories":[105],"tags":[],"class_list":["post-8359","post","type-post","status-publish","format-standard","hentry","category-gundem","odd"],"_links":{"self":[{"href":"http:\/\/www.korhanyilmaz.com\/index.php?rest_route=\/wp\/v2\/posts\/8359","targetHints":{"allow":["GET"]}}],"collection":[{"href":"http:\/\/www.korhanyilmaz.com\/index.php?rest_route=\/wp\/v2\/posts"}],"about":[{"href":"http:\/\/www.korhanyilmaz.com\/index.php?rest_route=\/wp\/v2\/types\/post"}],"author":[{"embeddable":true,"href":"http:\/\/www.korhanyilmaz.com\/index.php?rest_route=\/wp\/v2\/users\/1"}],"replies":[{"embeddable":true,"href":"http:\/\/www.korhanyilmaz.com\/index.php?rest_route=%2Fwp%2Fv2%2Fcomments&post=8359"}],"version-history":[{"count":0,"href":"http:\/\/www.korhanyilmaz.com\/index.php?rest_route=\/wp\/v2\/posts\/8359\/revisions"}],"wp:attachment":[{"href":"http:\/\/www.korhanyilmaz.com\/index.php?rest_route=%2Fwp%2Fv2%2Fmedia&parent=8359"}],"wp:term":[{"taxonomy":"category","embeddable":true,"href":"http:\/\/www.korhanyilmaz.com\/index.php?rest_route=%2Fwp%2Fv2%2Fcategories&post=8359"},{"taxonomy":"post_tag","embeddable":true,"href":"http:\/\/www.korhanyilmaz.com\/index.php?rest_route=%2Fwp%2Fv2%2Ftags&post=8359"}],"curies":[{"name":"wp","href":"https:\/\/api.w.org\/{rel}","templated":true}]}}