{"id":8355,"date":"2009-04-17T10:11:20","date_gmt":"2009-04-17T07:11:20","guid":{"rendered":"http:\/\/www.korhanyilmaz.com\/?p=8355"},"modified":"2009-04-17T10:11:20","modified_gmt":"2009-04-17T07:11:20","slug":"tijen-mergen-nezarethanede-neler-yasadigini-anlatti","status":"publish","type":"post","link":"http:\/\/www.korhanyilmaz.com\/?p=8355","title":{"rendered":"Tijen Mergen nezarethanede neler ya\u015fad\u0131\u011f\u0131n\u0131 anlatt\u0131"},"content":{"rendered":"<p style=\"text-align: center;\"><img loading=\"lazy\" decoding=\"async\" class=\"aligncenter size-full wp-image-8356\" title=\"Tijen Mergen nezarethanede neler ya\u015fad\u0131\u011f\u0131n\u0131 anlatt\u0131\" src=\"http:\/\/www.korhanyilmaz.com\/wp-content\/uploads\/2009\/04\/fft28_mf157737.jpeg\" alt=\"Tijen Mergen nezarethanede neler ya\u015fad\u0131\u011f\u0131n\u0131 anlatt\u0131\" width=\"306\" height=\"204\" \/><\/p>\n<p style=\"text-align: justify;\">Do\u011fan Gazetecilik \u0130cra Kurulu \u00dcyesi Tijen Mergen, &#8220;6 metrekarelik karanl\u0131k bir nezarethaneye konuldum. \u0130\u00e7eride s\u00fcrekli \u015felaleyi and\u0131r\u0131r gibi bir su sesi ve anahtar sesi vard\u0131. \u0130nsan \u00e7\u0131ld\u0131racak gibi oluyor. Ba\u011f\u0131r\u0131\u015flar nedeniyle uyuyamad\u0131m. S\u00fcrekli a\u011fl\u0131yordum&#8221; dedi.<\/p>\n<p style=\"text-align: justify;\">Ergenekon soru\u015fturmas\u0131n\u0131n 12. dalgas\u0131 kapsam\u0131nda evine yap\u0131lan polis bask\u0131n\u0131yla g\u00f6zalt\u0131na al\u0131nan Do\u011fan Gazetecilik \u0130cra Kurulu \u00dcyesi Tijen Mergen, hayat\u0131nda ilk kez tan\u0131\u015ft\u0131\u011f\u0131 polis merkezi ve adliyede ya\u015fad\u0131\u011f\u0131 60 saatin hik\u00e2yesini t\u00fcm ayr\u0131nt\u0131lar\u0131yla Milliyet&#8217;e anlatt\u0131.<br \/>\nMergen, 13 Nisan Pazartesi saat 07.00&#8217;de ba\u015flay\u0131p 15 Nisan \u00c7ar\u015famba g\u00fcn\u00fc saat 19.00&#8217;da sonaeren g\u00f6zalt\u0131 hik\u00e2yesini \u015f\u00f6yle anlatt\u0131: <!--more--><\/p>\n<p style=\"text-align: justify;\">&#8220;Pazartesi sabah\u0131 k\u00fc\u00e7\u00fck o\u011flum Kerem&#8217;i okula haz\u0131rlamak i\u00e7in her zaman oldu\u011fu gibi 06.15&#8217;te kalkt\u0131m. O\u011flumu saat 06.50 gibi servise bindirdikten sonra i\u015fe gitmek \u00fczere haz\u0131rl\u0131k yapmak i\u00e7in \u00fcst kattaki odama \u00e7\u0131km\u0131\u015ft\u0131m ki, saat 07.00&#8217;ye do\u011fru kap\u0131 \u00e7ald\u0131. Evdeki yard\u0131mc\u0131m kap\u0131y\u0131 a\u00e7t\u0131.<br \/>\nA\u015fa\u011f\u0131ya bakt\u0131\u011f\u0131mda kalabal\u0131k bir insan toplulu\u011funun eve girdi\u011fini g\u00f6rd\u00fcm. A\u015fa\u011f\u0131 inmemle birlikte grupta bulunan bir kad\u0131n polis koluma girdi. Ben ilk olarak, &#8216;Evde ka\u00e7ak yabanc\u0131 i\u015f\u00e7i \u00e7al\u0131\u015ft\u0131r\u0131ld\u0131\u011f\u0131na dair bir ihbar m\u0131 var&#8217; diye d\u00fc\u015f\u00fcnd\u00fcm. Ancak yard\u0131mc\u0131m ve e\u015fi T\u00fcrk.<br \/>\nBir anlam veremedim. Bu s\u0131rada grupta bulunan tak\u0131m elbiseli bir erkek polis, emniyetten geldiklerini belirterek ellerinde bulunan mahkeme karar\u0131n\u0131 okudu. Karar okunurken, Ergenekon kelimesini duyar duymaz bir anda elim aya\u011f\u0131m bo\u015fald\u0131. Ergenekon&#8217;la ilgili evimin aranaca\u011f\u0131 akl\u0131m\u0131n ucuna bile gelmezdi. \u00c7ok \u015fa\u015f\u0131rd\u0131m ve b\u00fcy\u00fck bir korku ya\u015famaya ba\u015flad\u0131m.\n<\/p>\n<p style=\"text-align: justify;\"><strong>\u00d6nce o\u011flumu uyand\u0131rd\u0131m <\/strong><\/p>\n<p style=\"text-align: justify;\">Daha sonra yard\u0131mc\u0131m\u0131, e\u015fini ve beni salonda bir araya toplad\u0131lar. Evde ba\u015fkalar\u0131n\u0131n olup olmad\u0131\u011f\u0131n\u0131 sordular. O s\u0131rada b\u00fcy\u00fck o\u011flum Eren&#8217;in \u00fcst katta odada uyudu\u011fu akl\u0131ma dahi gelmedi. Avukat\u0131m\u0131 ve evde olmayan e\u015fimi aramak i\u00e7in polislerden izin istedim, ancak bana bu izni vermediler, sakin olmam\u0131, daha sonra arayabilece\u011fimi s\u00f6ylediler.<br \/>\nSonra hep birlikte yukar\u0131ya \u00fcst kata \u00e7\u0131kt\u0131k. Bu s\u0131rada arama yapmaya da ba\u015flad\u0131lar, yatak odas\u0131na girdiler, c\u00fczdan\u0131m\u0131 ald\u0131lar, kimli\u011fime bakt\u0131lar ve \u015fifonyeri arad\u0131lar. Bu s\u0131rada b\u00fcy\u00fck o\u011flum akl\u0131ma geldi ve odas\u0131na giderek onu uyand\u0131rd\u0131m.<br \/>\nO kayg\u0131yla, &#8216;O\u011flum \u00e7ok k\u00f6t\u00fc bir \u015fey oldu. Ergenekon&#8217;dan beni su\u00e7luyorlar, beni g\u00f6t\u00fcrecekler&#8217; dedim. O\u011flum benden daha sakindi. &#8216;Seni niye g\u00f6t\u00fcrs\u00fcnler anne, ne bulacaklar ki Ergenekon&#8217;la ilgili sende&#8217; dedi.<br \/>\nBu s\u0131rada bir grup polis de a\u015fa\u011f\u0131ya indi. Bir s\u00fcre sonra sadece avukat\u0131m\u0131 arayabilece\u011fimi s\u00f6ylediler ve e\u015fime de avukat\u0131n haber vermesini istediler. Saat 07.30 s\u0131ralar\u0131nda avukat\u0131m\u0131 arad\u0131m. Ben avukat\u0131m\u0131 ararken yatak odamda yard\u0131mc\u0131mla birlikte polisler arama yap\u0131yordu.\n<\/p>\n<p style=\"text-align: justify;\"><strong>&#8216;Kad\u0131n polis hep yan\u0131mdayd\u0131&#8217; <\/strong><\/p>\n<p style=\"text-align: justify;\">Arama s\u00fcrerken avukat\u0131m eve geldi. Benim koluma giren kad\u0131n polis evin i\u00e7inde hi\u00e7bir yerde yan\u0131mdan ayr\u0131lmad\u0131. Tuvalete girdi\u011fimde bile kap\u0131da bekliyordu. Polisler geldi\u011finde \u00fczerimde pijamalar\u0131m vard\u0131 ve rahats\u0131z oldu\u011fum i\u00e7in \u00fczerimi de\u011fi\u015ftirmek istedi\u011fimi s\u00f6yledim.<br \/>\nAncak polisler ilk ba\u015fta buna da izin vermedi. \u00dczerimi de\u011fi\u015ftirmek i\u00e7in yatak odama girdi\u011fimde bile bunu kad\u0131n polisin kar\u015f\u0131s\u0131nda yapmak zorunda kald\u0131m. \u00d6zellikle \u00e7al\u0131\u015fma odas\u0131ndaki arama uzun s\u00fcrd\u00fc. Telefonlar\u0131m ve bilgisayar\u0131ma polis taraf\u0131ndan el konuldu. \u0130\u00e7erisinde resim<br \/>\nve filmlerin bulundu\u011fu \u00e7ok say\u0131da CD al\u0131nd\u0131.\n<\/p>\n<p style=\"text-align: justify;\"><strong>&#8216;O\u011flumun bilgisayar\u0131n\u0131 ald\u0131lar&#8217; <\/strong><\/p>\n<p style=\"text-align: justify;\">Avukat\u0131m geldikten sonra onun bilgisayar\u0131 kontrol ama\u00e7l\u0131 kullan\u0131ld\u0131 ve bir\u00e7ok CD i\u00e7eri\u011finde foto\u011fraf ve film bulundu\u011fu i\u00e7in b\u0131rak\u0131ld\u0131. \u0130ki o\u011flumun diz\u00fcst\u00fc bilgisayarlar\u0131n\u0131n al\u0131nmamas\u0131 i\u00e7in polisten \u00e7ok ricac\u0131 oldum. B\u00fcy\u00fck o\u011flumun bilgisayar\u0131n\u0131 a\u00e7\u0131p kontrol ettikten sonra almad\u0131lar ama k\u00fc\u00e7\u00fck o\u011flumun bilgisayar\u0131 a\u00e7\u0131lmad\u0131.<br \/>\n\u0130\u00e7inde o\u011flumun \u00f6devlerinin bulundu\u011funu anlat\u0131p g\u00f6t\u00fcrmemeleri i\u00e7in \u00e7ok dil d\u00f6kt\u00fcm, ama o bilgisayar\u0131 da ald\u0131lar. O bilgisayar\u0131n bir an \u00f6nce geri verilmesi i\u00e7in emniyetteki her a\u015famada not d\u00fc\u015ft\u00fck, ancak h\u00e2l\u00e2 bilgisayar\u0131 alabilmi\u015f de\u011filiz.\n<\/p>\n<p style=\"text-align: justify;\"><strong>Veli toplant\u0131s\u0131 \u015femas\u0131 delil oldu <\/strong><\/p>\n<p style=\"text-align: justify;\">Sabah 07.00&#8217;da ba\u015flayan arama saat 12.00 sular\u0131nda sona erdi. Evden yakla\u015f\u0131k 1 \u00e7uval belge ve e\u015fya \u00e7\u0131kartt\u0131lar. Delil \u015f\u00fcphesiyle al\u0131nan \u015feyler aras\u0131nda benim lise y\u0131llar\u0131nda kaleme ald\u0131\u011f\u0131m g\u00fcnl\u00fckler de vard\u0131. Onlar benim \u00e7ok \u00f6zelim.<br \/>\nOrada yaz\u0131lanlar\u0131 benim annem, \u00e7ocuklar\u0131m bile bilmez. Hat\u0131ra olarak saklad\u0131\u011f\u0131m \u015feylerdi. Onun d\u0131\u015f\u0131nda o\u011flumun 3 y\u0131l \u00f6nce okudu\u011fu Saint Benoit Lisesi&#8217;ndeki veli toplant\u0131s\u0131na ili\u015fkin bir belgeyi de ald\u0131lar. Belgede \u00f6\u011fretmenlerin isimleri ve o \u00f6\u011fretmenlerin bulundu\u011fu odaya nas\u0131l ula\u015f\u0131laca\u011f\u0131n\u0131 g\u00f6steren bir \u015fema vard\u0131.<br \/>\nAyr\u0131ca o\u011flumun okudu\u011fu bir ba\u015fka okuldaki arkada\u015flar\u0131n\u0131n isim ve ailelerinin telefonlar\u0131n\u0131n yer ald\u0131\u011f\u0131 bir belgeyi de ald\u0131lar. Bilcom&#8217;da ve T\u00dcB\u0130SAD&#8217;da \u00e7al\u0131\u015ft\u0131\u011f\u0131m d\u00f6nemde haz\u0131rlad\u0131\u011f\u0131m raporlar ve tuttu\u011fum ajandalar\u0131m da al\u0131nan e\u015fyalar aras\u0131ndayd\u0131.<br \/>\nAsl\u0131nda arama \u00e7ok daha k\u0131sa s\u00fcrede biterdi, ancak bunlar\u0131n hepsinin sayfa sayfa paraf edilmesi \u00e7ok uzun s\u00fcrd\u00fc. Bir k\u0131sm\u0131n\u0131n paraf\u0131n\u0131 da avukat\u0131m yapt\u0131. Ayr\u0131ca Ergenekon soru\u015fturmalar\u0131yla ilgili yaz\u0131lm\u0131\u015f e\u015fimin ald\u0131\u011f\u0131 2 kitap vard\u0131, onlar\u0131 da al\u0131p \u00e7uvala koydular. Bunlardan biri \u015eamil Tayyar&#8217;\u0131n kitab\u0131yd\u0131.\n<\/p>\n<p style=\"text-align: justify;\"><strong>&#8216;Di\u015f f\u0131r\u00e7am\u0131 bile alamad\u0131m&#8217; <\/strong><\/p>\n<p style=\"text-align: justify;\">Arama s\u0131ras\u0131nda s\u00fcrekli emniyete g\u00f6t\u00fcr\u00fcl\u00fcp g\u00f6t\u00fcr\u00fclmeyece\u011fimi d\u00fc\u015f\u00fcn\u00fcyordum. Avukat\u0131ma da s\u00fcrekli bunu soruyordum. Bir ara sadece aramayla ge\u00e7ip gidece\u011fi \u00fcmidine kap\u0131larak sevindim. Bu ana kadar ya\u015fananlara inanmakta bile zorlan\u0131rken, kendi kendime, &#8216;E\u011fer ben Ergenekon&#8217;dan g\u00f6zalt\u0131na al\u0131n\u0131rsam, T\u00fcrkiye&#8217;nin \u00e7ivisi \u00e7\u0131km\u0131\u015ft\u0131r&#8217; diyordum. Bir ara ba\u015f\u0131m d\u00f6nd\u00fc. O an kahvalt\u0131 bile etmedi\u011fim akl\u0131ma geldi. Gidip mutfa\u011fa bir bardak \u00e7ay i\u00e7ip bir \u015feyler at\u0131\u015ft\u0131rd\u0131m.<br \/>\nBu s\u0131rada da kad\u0131n polis benimle birlikteydi. Arama i\u015flemi tamamlan\u0131nca, polislerden biri &#8216;\u00dcst\u00fcn\u00fcze rahat bir \u015feyler giyin, gidiyoruz&#8217; deyince inanamad\u0131m. Yan\u0131ma hi\u00e7bir \u015fey almama izin vermediler. Ne para, ne tarak, ne de di\u015f f\u0131r\u00e7as\u0131. Ev i\u00e7inde yan\u0131mdan ayr\u0131lmayan kad\u0131n polis koluma girdi ve adeta bir su\u00e7lu gibi d\u0131\u015far\u0131 \u00e7\u0131kar\u0131ld\u0131m, polis arabas\u0131na bindirildim.<br \/>\n\u00d6nce G\u00f6kt\u00fcrk&#8217;te jandarma karakoluna u\u011frad\u0131k, oradaki baz\u0131 i\u015flemlerin tamamlanmas\u0131n\u0131n ard\u0131ndan sa\u011fl\u0131k kontrol\u00fc i\u00e7in Haseki Hastanesi&#8217;ne g\u00f6t\u00fcr\u00fcld\u00fcm. Orada g\u00f6revli doktor sa\u011fl\u0131k durumumu ve darpla ilgili bir \u015fik\u00e2yetimin olup olmad\u0131\u011f\u0131n\u0131 sordu.\n<\/p>\n<p style=\"text-align: justify;\"><strong>&#8216;Kendimi \u00e7ok k\u00f6t\u00fc hissettim&#8217; <\/strong><\/p>\n<p style=\"text-align: justify;\">Doktor kontrol\u00fcn\u00fcn de tamamlanmas\u0131n\u0131n ard\u0131ndan emniyete geldik. Emniyete garajdan giri\u015f yapt\u0131k. \u0130ki polis koluma girerek beni nezarethanenin bulundu\u011fu b\u00f6l\u00fcme do\u011fru g\u00f6t\u00fcrd\u00fc. Bir su\u00e7 i\u015flemi\u015f de ka\u00e7acakm\u0131\u015f\u0131m gibi davran\u0131lmas\u0131yla kendimi \u00e7ok k\u00f6t\u00fc hissettim. \u0130\u00e7erisinin \u00e7ok kalabal\u0131k oldu\u011funu belirten polisler, &#8216;Nereye oturtsak&#8217; diye kendi aralar\u0131nda konu\u015fuyorlard\u0131.<br \/>\nNezarethaneye giri\u015f i\u00e7in de bir belgeyi imzalamam gerekiyormu\u015f. Avukat\u0131m &#8216;Benden habersiz hi\u00e7bir \u015feye imza atma&#8217; dedi\u011fi i\u00e7in k\u00e2\u011f\u0131d\u0131 imzalamak istemedim. O koluma giren ve evde benimle &#8216;sizli, bizli&#8217; konu\u015fan kad\u0131n polis, birden sen&#8217;li ben&#8217;li konu\u015fmaya ba\u015flad\u0131. Okuma yazmam oldu\u011funu belirtip, \u00e7ok i\u015fi oldu\u011funu s\u00f6yleyerek k\u00e2\u011f\u0131d\u0131 imzalamam i\u00e7in zorlad\u0131.<br \/>\nDaha sonra yakla\u015f\u0131k \u00fc\u00e7 metre uzunlu\u011funda, iki metre geni\u015fli\u011finde karanl\u0131k bir odaya konuldum. Benimle birlikte bu h\u00fccrede ayn\u0131 operasyon kapsam\u0131nda g\u00f6zalt\u0131na al\u0131nan hukuk fak\u00fcltesinden bir \u00f6\u011frenci vard\u0131.\n<\/p>\n<p style=\"text-align: justify;\"><strong>&#8216;Battaniyeler kokuyordu&#8217; <\/strong><\/p>\n<p style=\"text-align: justify;\">Nezarethane emniyetin bodrum kat\u0131nda U \u015feklinde bir salondayd\u0131. U \u015feklindeki koridorun \u00e7evresinde h\u00fccreler s\u0131ralan\u0131yordu. Ortada da tuvaletlerle kilerin bulundu\u011fu bir yap\u0131 vard\u0131. Benim kald\u0131\u011f\u0131m h\u00fccre ba\u015fka bir h\u00fccreye bakm\u0131yordu, ama di\u011fer h\u00fccredekilerin seslerini duyabiliyorduk.<br \/>\nH\u00fccreye girmeden 2 battaniye ald\u0131m, kim bilir benden \u00f6nce ka\u00e7 ki\u015finin kullanm\u0131\u015f oldu\u011fu battaniyeler kokuyordu. H\u00fccrede yerde 2 plastik \u015filte vard\u0131. H\u00fccreye girdi\u011fimde san\u0131r\u0131m saat 15.00&#8217;ti. Saatin ak\u0131\u015f\u0131n\u0131 h\u00fccrenin \u00fcst k\u00f6\u015fesinde d\u0131\u015far\u0131ya bakan bir a\u00e7\u0131kl\u0131ktan gelen g\u00fcn \u0131\u015f\u0131\u011f\u0131 yard\u0131m\u0131yla kestirmeye \u00e7al\u0131\u015f\u0131yorduk.<br \/>\nH\u00fccrede beraber kald\u0131\u011f\u0131m\u0131z k\u0131z \u00f6\u011frenci benden 2 saat \u00f6nce gelmi\u015fti. Ba\u015f\u0131na gelenleri pek ciddiye almam\u0131\u015ft\u0131 ve o nedenle ailesine haber vermeye bile gerek duymam\u0131\u015ft\u0131. Anlatt\u0131\u011f\u0131na g\u00f6re Ayval\u0131k&#8217;ta memur olan babas\u0131 burs i\u00e7in \u00c7YDD&#8217;ye ba\u015fvurmu\u015f.<br \/>\nBurs veremeyen \u00c7YDD de k\u0131z\u0131n kalmas\u0131 i\u00e7in \u0130stanbul&#8217;da derne\u011fin yurt olarak kulland\u0131\u011f\u0131 bir yeri tahsis etmi\u015fti. \u00dcniversite s\u0131nav\u0131nda da T\u00fcrkiye 1200&#8217;\u00fcnc\u00fcs\u00fc olmu\u015f. \u00c7ok da ba\u015far\u0131l\u0131 bir k\u0131zm\u0131\u015f. O da ba\u015f\u0131na gelenlere bir anlam veremiyordu. 1 ay \u00f6nce kimli\u011fini kaybetmi\u015f. Acaba &#8216;Kimli\u011fi bulan birileri bir su\u00e7a m\u0131 kar\u0131\u015ft\u0131&#8217; diye d\u00fc\u015f\u00fcn\u00fcyordu.\n<\/p>\n<p style=\"text-align: justify;\"><strong>&#8216;Battaniyeyi yast\u0131k yapt\u0131m&#8217; <\/strong><\/p>\n<p style=\"text-align: justify;\">Benim kald\u0131\u011f\u0131m b\u00f6l\u00fcmden sadece duvar g\u00f6z\u00fck\u00fcyordu. Saatler ge\u00e7iyor ama hi\u00e7bir \u015fey yapam\u0131yorsun. S\u00fcrekli ak\u0131betini d\u00fc\u015f\u00fcn\u00fcyorsun. Sadece bekliyorsun. \u0130\u00e7eride s\u00fcrekli \u015felaleyi and\u0131r\u0131r gibi bir su sesi ve gardiyanlar\u0131n ta\u015f\u0131d\u0131\u011f\u0131 anahtarlar\u0131n \u00e7\u0131kard\u0131\u011f\u0131 sesi duyuyorsun. \u0130nsan \u00e7\u0131ld\u0131racak gibi oluyor. Sesin &#8216;havaland\u0131rmadan&#8217; kaynakland\u0131\u011f\u0131n\u0131 s\u00f6ylediler. Uyumak i\u00e7in battaniyenin birini yast\u0131k yapt\u0131m \u00fczerine de h\u0131rkam\u0131 serdim. Di\u011ferini de kokmas\u0131na ra\u011fmen \u00fczerime ald\u0131m.<\/p>\n<p style=\"text-align: justify;\"><strong><span style=\"color: #000000;\">&#8216;Feryatlar uyutmad\u0131&#8217; <\/span><\/strong><\/p>\n<p style=\"text-align: justify;\">Ancak sabaha kadar s\u00fcren feryatlar, ba\u011f\u0131rmalar nedeniyle hi\u00e7 uyuyamad\u0131m. S\u00fcrekli a\u011fl\u0131yordum. \u00c7ok a\u011flad\u0131m. Kald\u0131\u011f\u0131m\u0131z b\u00f6l\u00fcmdeki di\u011fer h\u00fccredelerde uyu\u015fturucu m\u00fcptelalar\u0131 kal\u0131yordu. Uyu\u015fturucu bulamay\u0131nca krize giriyorlar, s\u00fcrekli ba\u011f\u0131r\u0131p \u00e7a\u011f\u0131r\u0131yorlar, duvarlar\u0131 yumrukluyorlard\u0131. Sabaha kadar s\u00fcren o sesler aras\u0131nda uyumak ve sakin kalabilmek m\u00fcmk\u00fcn de\u011fil.<br \/>\nTuvaleti gelenler g\u00f6revli polis memurlar\u0131na sesleniyordu, ancak gece saatlerinde kad\u0131n g\u00f6revli bulunmad\u0131\u011f\u0131 i\u00e7in ba\u011fr\u0131\u015fmalar birbirine kar\u0131\u015f\u0131yordu. Yan h\u00fccredeki bir kad\u0131n 45 dakika kendisini tuvalete g\u00f6t\u00fcrecek g\u00f6revli polis bulamay\u0131nca a\u011flamaya ba\u015flad\u0131. Ben de gece yar\u0131m saat kad\u0131n g\u00f6revlinin gelip tuvalete g\u00f6t\u00fcrmesini bekledim.\n<\/p>\n<p style=\"text-align: justify;\">&#8216;<strong>Tijenci\u011fim sa\u011flam dur&#8217; <\/strong><\/p>\n<p style=\"text-align: justify;\">Tuvalete giderken \u00c7YDD y\u00f6neticileri Ay\u015fe (Y\u00fcksel) ve Filiz (Meri\u00e7li) hocay\u0131 g\u00f6r\u00fcyordum. O s\u0131rada konu\u015fup merhabala\u015f\u0131yorduk. Bize &#8216;Cuma&#8217;dan \u00f6nce \u00e7\u0131kamazs\u0131n\u0131z&#8217; dediler. Hepimiz cumaya kadar burada kalaca\u011f\u0131m\u0131z\u0131 d\u00fc\u015f\u00fcnd\u00fck. \u0130lk yeme\u011fimizi ak\u015fam be\u015f gibi getirdiler. Yemek pilav, etli patates, yo\u011furt ve armuttan olu\u015fuyordu. Pilav\u0131 ve yo\u011furdu yiyebildim.<br \/>\nBen armutla suyumu tekrar ac\u0131k\u0131rsam yiyecek bulamam diye saklad\u0131m. Avukatlar\u0131m\u0131z\u0131n ba\u015fvurusu \u00fczerine su ve tuvalet ka\u011f\u0131d\u0131 ihtiyac\u0131m\u0131z\u0131 giderdiler. Ay\u015fe Hoca&#8217;y\u0131 hi\u00e7 unutmayaca\u011f\u0131m.<br \/>\nBenim a\u011flad\u0131\u011f\u0131m\u0131 duyunca, kald\u0131\u011f\u0131 h\u00fccreden &#8216;Tijenci\u011fim seni \u00e7ok seviyoruz, sa\u011flam dur&#8217; diye ba\u011f\u0131rarak bana destek veriyordu. Yemek yerken de bize moral vermek i\u00e7in yiyeceklerimizin farkl\u0131 \u015feyler oldu\u011funu d\u00fc\u015f\u00fcnmemizi istiyordu.<br \/>\nYa\u015fad\u0131klar\u0131m\u0131n etkisiyle olacak \u00e7ok fena bir \u015fekilde ba\u015f\u0131m a\u011fr\u0131maya ba\u015flad\u0131. G\u00f6revli polislerden a\u011fr\u0131 kesici istedim ama &#8216;Doktor kontrol\u00fc olmadan <strong><\/strong>\n<\/p>\n<p style=\"text-align: justify;\"><strong>ila\u00e7 veremiyoruz&#8217; dediler. <\/strong><\/p>\n<p style=\"text-align: justify;\">Ancak talep edeni doktor kontrol\u00fcne g\u00f6t\u00fcr\u00fcyorlard\u0131. Diyabet hastas\u0131 olanlardan birini i\u011fnesini yapt\u0131rmas\u0131 i\u00e7in hastaneye g\u00f6t\u00fcrd\u00fcler. Yaln\u0131z o kad\u0131na da bizimle ayn\u0131 yeme\u011fi verdiler, diyabet hastalar\u0131 o yemeklerin hi\u00e7birini yiyemez. Polisler genel olarak kibar ve iyilerdi. \u0130ki polis d\u0131\u015f\u0131nda k\u00f6t\u00fc davranana rastlamad\u0131m.<br \/>\nAyn\u0131 h\u00fccrede kald\u0131\u011f\u0131m k\u0131z biraz uyuyabildi, ama ben sabaha kadar uyuyamad\u0131m. Sabah 07.00&#8217;de tuvalete \u00e7\u0131kt\u0131m, y\u00fcz\u00fcm\u00fc y\u0131kad\u0131m. Kah-valt\u0131 11.00&#8217;de verildi. Bir gazete k\u00e2\u011f\u0131d\u0131na sar\u0131l\u0131 ekme\u011fin i\u00e7inde 5-6 zeytin ve biraz peynir vard\u0131. \u00c7ay vermediler. Zeytinler ac\u0131 oldu\u011fu i\u00e7in yiyemedim. Bir par\u00e7a ekmek ve peynir yiyip, bir k\u0131sm\u0131n\u0131 da ac\u0131k\u0131r\u0131m diye saklad\u0131m.&#8221;\n<\/p>\n<p style=\"text-align: justify;\"><span style=\"color: #888888;\">Kaynak : Milliyet<\/span><\/p>\n","protected":false},"excerpt":{"rendered":"<p style=\"text-align: center;\">\n<p style=\"text-align: justify;\">Do\u011fan Gazetecilik \u0130cra Kurulu \u00dcyesi Tijen Mergen, &#8220;6 metrekarelik karanl\u0131k bir nezarethaneye konuldum. \u0130\u00e7eride s\u00fcrekli \u015felaleyi and\u0131r\u0131r gibi bir su sesi ve anahtar sesi vard\u0131. \u0130nsan \u00e7\u0131ld\u0131racak gibi oluyor. Ba\u011f\u0131r\u0131\u015flar nedeniyle uyuyamad\u0131m. S\u00fcrekli a\u011fl\u0131yordum&#8221; dedi.<\/p>\n<p style=\"text-align: justify;\">Ergenekon soru\u015fturmas\u0131n\u0131n 12. dalgas\u0131 kapsam\u0131nda evine yap\u0131lan polis bask\u0131n\u0131yla g\u00f6zalt\u0131na al\u0131nan Do\u011fan Gazetecilik <\/p>\n","protected":false},"author":1,"featured_media":0,"comment_status":"open","ping_status":"closed","sticky":false,"template":"","format":"standard","meta":{"footnotes":""},"categories":[105],"tags":[],"class_list":["post-8355","post","type-post","status-publish","format-standard","hentry","category-gundem","odd"],"_links":{"self":[{"href":"http:\/\/www.korhanyilmaz.com\/index.php?rest_route=\/wp\/v2\/posts\/8355","targetHints":{"allow":["GET"]}}],"collection":[{"href":"http:\/\/www.korhanyilmaz.com\/index.php?rest_route=\/wp\/v2\/posts"}],"about":[{"href":"http:\/\/www.korhanyilmaz.com\/index.php?rest_route=\/wp\/v2\/types\/post"}],"author":[{"embeddable":true,"href":"http:\/\/www.korhanyilmaz.com\/index.php?rest_route=\/wp\/v2\/users\/1"}],"replies":[{"embeddable":true,"href":"http:\/\/www.korhanyilmaz.com\/index.php?rest_route=%2Fwp%2Fv2%2Fcomments&post=8355"}],"version-history":[{"count":0,"href":"http:\/\/www.korhanyilmaz.com\/index.php?rest_route=\/wp\/v2\/posts\/8355\/revisions"}],"wp:attachment":[{"href":"http:\/\/www.korhanyilmaz.com\/index.php?rest_route=%2Fwp%2Fv2%2Fmedia&parent=8355"}],"wp:term":[{"taxonomy":"category","embeddable":true,"href":"http:\/\/www.korhanyilmaz.com\/index.php?rest_route=%2Fwp%2Fv2%2Fcategories&post=8355"},{"taxonomy":"post_tag","embeddable":true,"href":"http:\/\/www.korhanyilmaz.com\/index.php?rest_route=%2Fwp%2Fv2%2Ftags&post=8355"}],"curies":[{"name":"wp","href":"https:\/\/api.w.org\/{rel}","templated":true}]}}