{"id":8341,"date":"2009-04-17T08:49:51","date_gmt":"2009-04-17T05:49:51","guid":{"rendered":"http:\/\/www.korhanyilmaz.com\/?p=8341"},"modified":"2009-04-17T08:49:51","modified_gmt":"2009-04-17T05:49:51","slug":"akp-dusuyor-chp-cikiyor","status":"publish","type":"post","link":"http:\/\/www.korhanyilmaz.com\/?p=8341","title":{"rendered":"&#039;AKP d\u00fc\u015f\u00fcyor CHP \u00e7\u0131k\u0131yor&#039;"},"content":{"rendered":"<p style=\"text-align: center;\"><img loading=\"lazy\" decoding=\"async\" class=\"size-full wp-image-8342 aligncenter\" title=\"'AKP d\u00fc\u015f\u00fcyor CHP \u00e7\u0131k\u0131yor'\" src=\"http:\/\/www.korhanyilmaz.com\/wp-content\/uploads\/2009\/04\/fft28_mf157757.jpeg\" alt=\"'AKP d\u00fc\u015f\u00fcyor CHP \u00e7\u0131k\u0131yor'\" width=\"306\" height=\"204\" \/><\/p>\n<p style=\"text-align: center;\">\n<p style=\"text-align: justify;\">CHP Genel Ba\u015fkan\u0131 Deniz Baykal, 29 Mart yerel se\u00e7im sonu\u00e7lar\u0131n\u0131 de\u011ferlendirme \u00e7al\u0131\u015fmalar\u0131 kapsam\u0131nda g\u00f6r\u00fc\u015flerine A&amp;G Ara\u015ft\u0131rma \u015eirketi&#8217;nin sahibi Adil G\u00fcr&#8217;le g\u00f6r\u00fc\u015ft\u00fc.<\/p>\n<p style=\"text-align: justify;\">\nCHP Genel Merkezi&#8217;nde \u00f6nceki g\u00fcn ger\u00e7ekle\u015fen ve Merkez Y\u00f6netim Kurulu (MYK) toplant\u0131s\u0131 sonras\u0131nda yap\u0131lan g\u00f6r\u00fc\u015fmeye \u00e7ok say\u0131da MYK \u00fcyesi de kat\u0131ld\u0131. Burada bir brifing veren G\u00fcr &#8220;Se\u00e7im s\u00fcreci adeta devam ediyor. AKP inmeye CHP y\u00fckselmeye devam ediyor. \u015eu anda AKP y\u00fczde 37&#8217;lere inmi\u015f durumda, buna kar\u015f\u0131l\u0131k CHP y\u00fczde 25&#8217;leri yakalam\u0131\u015f bulunuyor.<!--more--> Bunun kal\u0131c\u0131 bir siyasi s\u00fcre\u00e7 oldu\u011funu d\u00fc\u015f\u00fcn\u00fcyoruz&#8221; dedi.<br \/>\nG\u00fcr, CHP&#8217;de se\u00e7im sonras\u0131 g\u00fcndeme gelen de\u011fi\u015fim taleplerini de\u011ferlendirirkense \u015funlar\u0131 s\u00f6yledi: &#8220;CHP&#8217;li vatanda\u015flar\u0131n \u0130stanbul&#8217;da Kemal K\u0131l\u0131\u00e7daro\u011flu ve G\u00fcrsel Tekin&#8217;in \u00f6nderli\u011finde uygulanan modelin \u015fimdi t\u00fcm T\u00fcrkiye&#8217;de uygulanmas\u0131ndan yana olduklar\u0131n\u0131 tespit etmi\u015f oluyoruz. CHP&#8217;nin gecekondular\u0131 da kapsayacak \u015fekilde halkla bire bir temas i\u00e7inde \u00e7al\u0131\u015fmalar\u0131n\u0131 y\u00fcr\u00fctmesi gerekiyor.&#8221;\n<\/p>\n<p style=\"text-align: justify;\"><span style=\"color: #888888;\">Kaynak : Zihni Erdem &#8211; Radikal<\/span><\/p>\n<p style=\"text-align: justify;\">\n","protected":false},"excerpt":{"rendered":"<p style=\"text-align: center;\">\n<p style=\"text-align: center;\">\n<p style=\"text-align: justify;\">CHP Genel Ba\u015fkan\u0131 Deniz Baykal, 29 Mart yerel se\u00e7im sonu\u00e7lar\u0131n\u0131 de\u011ferlendirme \u00e7al\u0131\u015fmalar\u0131 kapsam\u0131nda g\u00f6r\u00fc\u015flerine A&amp;G Ara\u015ft\u0131rma \u015eirketi&#8217;nin sahibi Adil G\u00fcr&#8217;le g\u00f6r\u00fc\u015ft\u00fc.<\/p>\n<p style=\"text-align: justify;\"> CHP Genel Merkezi&#8217;nde \u00f6nceki g\u00fcn ger\u00e7ekle\u015fen ve Merkez Y\u00f6netim Kurulu (MYK) toplant\u0131s\u0131 sonras\u0131nda yap\u0131lan g\u00f6r\u00fc\u015fmeye \u00e7ok say\u0131da MYK \u00fcyesi de kat\u0131ld\u0131. Burada bir <\/p>\n","protected":false},"author":1,"featured_media":0,"comment_status":"open","ping_status":"closed","sticky":false,"template":"","format":"standard","meta":{"footnotes":""},"categories":[105],"tags":[],"class_list":["post-8341","post","type-post","status-publish","format-standard","hentry","category-gundem","odd"],"_links":{"self":[{"href":"http:\/\/www.korhanyilmaz.com\/index.php?rest_route=\/wp\/v2\/posts\/8341","targetHints":{"allow":["GET"]}}],"collection":[{"href":"http:\/\/www.korhanyilmaz.com\/index.php?rest_route=\/wp\/v2\/posts"}],"about":[{"href":"http:\/\/www.korhanyilmaz.com\/index.php?rest_route=\/wp\/v2\/types\/post"}],"author":[{"embeddable":true,"href":"http:\/\/www.korhanyilmaz.com\/index.php?rest_route=\/wp\/v2\/users\/1"}],"replies":[{"embeddable":true,"href":"http:\/\/www.korhanyilmaz.com\/index.php?rest_route=%2Fwp%2Fv2%2Fcomments&post=8341"}],"version-history":[{"count":0,"href":"http:\/\/www.korhanyilmaz.com\/index.php?rest_route=\/wp\/v2\/posts\/8341\/revisions"}],"wp:attachment":[{"href":"http:\/\/www.korhanyilmaz.com\/index.php?rest_route=%2Fwp%2Fv2%2Fmedia&parent=8341"}],"wp:term":[{"taxonomy":"category","embeddable":true,"href":"http:\/\/www.korhanyilmaz.com\/index.php?rest_route=%2Fwp%2Fv2%2Fcategories&post=8341"},{"taxonomy":"post_tag","embeddable":true,"href":"http:\/\/www.korhanyilmaz.com\/index.php?rest_route=%2Fwp%2Fv2%2Ftags&post=8341"}],"curies":[{"name":"wp","href":"https:\/\/api.w.org\/{rel}","templated":true}]}}