{"id":8337,"date":"2009-04-17T08:47:38","date_gmt":"2009-04-17T05:47:38","guid":{"rendered":"http:\/\/www.korhanyilmaz.com\/?p=8337"},"modified":"2009-04-17T08:47:38","modified_gmt":"2009-04-17T05:47:38","slug":"tekirdagda-pompali-tufekle-katliam-4-olu","status":"publish","type":"post","link":"http:\/\/www.korhanyilmaz.com\/?p=8337","title":{"rendered":"Tekirda\u011f&#039;da pompal\u0131 t\u00fcfekle katliam: 4 \u00f6l\u00fc"},"content":{"rendered":"<p style=\"text-align: center;\"><img loading=\"lazy\" decoding=\"async\" class=\"size-full wp-image-8338 aligncenter\" title=\"Tekirda\u011f'da pompal\u0131 t\u00fcfekle katliam: 4 \u00f6l\u00fc \" src=\"http:\/\/www.korhanyilmaz.com\/wp-content\/uploads\/2009\/04\/fft28_mf157815.jpeg\" alt=\"Tekirda\u011f'da pompal\u0131 t\u00fcfekle katliam: 4 \u00f6l\u00fc \" width=\"306\" height=\"204\" \/><\/p>\n<p style=\"text-align: justify;\">Tekirda\u011f&#8217;\u0131n Muratl\u0131 il\u00e7esinde aralar\u0131nda daha \u00f6nceden husumet bulunan iki aile aras\u0131nda \u00e7\u0131kan kavgada silahlar konu\u015ftu, ayn\u0131 aileden 4 ki\u015fi \u00f6ld\u00fc. \u00d6len d\u00f6rt ki\u015finin ara\u00e7 i\u00e7erisindeyken 2 ki\u015fi taraf\u0131ndan pompal\u0131 t\u00fcfek ve tabanca ile tarand\u0131\u011f\u0131 ortaya \u00e7\u0131kt\u0131.<\/p>\n<p style=\"text-align: justify;\">Muratl\u0131 il\u00e7esinde oturan Beyret ailesinin fertleri bir y\u0131l \u00f6nce borcunu \u00f6demedi\u011fi i\u00e7in Demirci ailesinin evini ve kamyonetini ate\u015fe verdi. \u0130ki aile aras\u0131nda bu tarihten sonra s\u00fcrekli kavgalar ya\u015fand\u0131. \u0130ki aile aras\u0131nda devam eden kavga d\u00fcn gece yeniden alevlendi. 25 ya\u015f\u0131ndaki Ersin Beyret, 17 ya\u015f\u0131ndaki karde\u015fi Sel\u00e7uk Beyret, amca o\u011fullar\u0131 35 ya\u015f\u0131ndaki B\u00fclent Beyret ile 15 ya\u015f\u0131ndaki B\u00fclent Beyret&#8217;in o\u011flu Vural Beyret 59 UN 706 plakal\u0131 \u015eahin otomobille aralar\u0131nda husumet bulunan Demirci ailesinin oturdu\u011fu soka\u011fa gitti. Ald\u0131klar\u0131 alkol\u00fcn etkisi ile mahallede ara\u00e7la tur atamaya ba\u015flayan 4 ki\u015fiyi g\u00f6ren 22 ya\u015f\u0131ndaki Yal\u00e7\u0131n Demirci ve a\u011fabeyi 26 ya\u015f\u0131ndaki G\u00f6khan Demirci evde bulunan iki ruhsats\u0131z pompal\u0131 t\u00fcfe\u011fi ve bir ruhsatl\u0131 tabancay\u0131 alarak soka\u011fa \u00e7\u0131kt\u0131. Arac\u0131n \u00f6n\u00fcn\u00fc kesen iki karde\u015f, i\u00e7eridekilerin \u00e7\u0131kmas\u0131na f\u0131rsat vermeden otomobili \u00e7apraz ate\u015fe tuttu. \u0130ki karde\u015f otomobilde bulunan 4 ki\u015fiye pompal\u0131 t\u00fcfekle 20 domuz kur\u015funu fi\u015fek s\u0131kt\u0131. <!--more--><\/p>\n<p style=\"text-align: justify;\">Amca \u00e7ocuklar\u0131 B\u00fclent ve Ersin Beyret olay yerinde ya\u015fam\u0131n\u0131 yitirdi. Yaral\u0131lardan \u015eel\u00e7uk ve Vural Beyret&#8217;in ya\u015fad\u0131\u011f\u0131n\u0131 g\u00f6ren Yal\u00e7\u0131n Demirci, otomobilin yan\u0131na yakla\u015farak belinden \u00e7\u0131kartt\u0131\u011f\u0131 ruhsatl\u0131 7.65 \u00e7ap\u0131ndaki silahla yaral\u0131lar\u0131n kafas\u0131na birer el ate\u015f etti.<\/p>\n<p style=\"text-align: justify;\">A\u011f\u0131r yaral\u0131 Sel\u00e7uk ve Vural Beyret \u00e7evredekilerin yard\u0131m\u0131 ile Muratl\u0131 Devlet Hastanesi&#8217;ne kald\u0131r\u0131ld\u0131. Burada yap\u0131lan ilk m\u00fcdahalenin ard\u0131ndan iki yaral\u0131 Tekirda\u011f Devlet Hastanesi&#8217;ne sevk edildi. Sel\u00e7uk ve Vural Beyret yap\u0131lan t\u00fcm m\u00fcdahalelere ra\u011fmen kurtar\u0131lamad\u0131.<\/p>\n<p style=\"text-align: justify;\">Geni\u015f \u00e7apl\u0131 ara\u015ft\u0131rma ba\u015flatan polisler olay\u0131n faili Yal\u00e7\u0131n ve G\u00f6khan Demirci karde\u015fleri iki sokak \u00f6tede bulunan evlerinde su\u00e7 aletleri pompal\u0131 t\u00fcfekle yakalad\u0131. Poliste sorguya al\u0131nan \u015fah\u0131slar\u0131n cinayette kullan\u0131lan tabancay\u0131 saklad\u0131klar\u0131 \u00f6\u011frenildi. Poliste verdikler ifadede cinayeti i\u015flediklerini ifade eden Demirci karde\u015fler, aralar\u0131nda bir y\u0131l \u00f6nceden alacak verecek meselesi bulundu\u011funu ve Beyret ailesinin evlerini ve kamyonetlerini ate\u015fe verdiklerini s\u00f6yledi. D\u00fcn gecede kendilerini tehdit edip \u00f6ld\u00fcreceklerini s\u00f6ylediklerini belirten Demirci karde\u015fler, &#8221;Biz onlar\u0131 \u00f6ld\u00fcrmesek onlar bizi \u00f6ld\u00fcrecekti. Daha \u00f6ncede bizim evimizi ve kamyonetimizi yakt\u0131lar. \u00d6l\u00fcmden d\u00f6nd\u00fck&#8221; dedi.<\/p>\n<p style=\"text-align: justify;\">\u0130ki ailenin kavga etme olas\u0131l\u0131\u011f\u0131na kar\u015f\u0131 mahalleye \u00e7ok say\u0131da polis ekibi sevk edildi. Polis ekipleri gece boyunca kavga \u00e7\u0131kmamas\u0131 i\u00e7in mahallede n\u00f6bet tuttu. Polis ekipleri iki aile aras\u0131ndaki kavgan\u0131n devam etmemesi i\u00e7in Demirci ailesinin 7 ki\u015filik ferdini \u015fehir d\u0131\u015f\u0131na g\u00f6t\u00fcrd\u00fc.<\/p>\n<p style=\"text-align: justify;\"><span style=\"color: #888888;\">Kaynak : Radikal<\/span><\/p>\n<p style=\"text-align: justify;\">\n","protected":false},"excerpt":{"rendered":"<p style=\"text-align: center;\">\n<p style=\"text-align: justify;\">Tekirda\u011f&#8217;\u0131n Muratl\u0131 il\u00e7esinde aralar\u0131nda daha \u00f6nceden husumet bulunan iki aile aras\u0131nda \u00e7\u0131kan kavgada silahlar konu\u015ftu, ayn\u0131 aileden 4 ki\u015fi \u00f6ld\u00fc. \u00d6len d\u00f6rt ki\u015finin ara\u00e7 i\u00e7erisindeyken 2 ki\u015fi taraf\u0131ndan pompal\u0131 t\u00fcfek ve tabanca ile tarand\u0131\u011f\u0131 ortaya \u00e7\u0131kt\u0131.<\/p>\n<p style=\"text-align: justify;\">Muratl\u0131 il\u00e7esinde oturan Beyret ailesinin fertleri bir y\u0131l \u00f6nce borcunu \u00f6demedi\u011fi i\u00e7in <\/p>\n","protected":false},"author":1,"featured_media":0,"comment_status":"open","ping_status":"closed","sticky":false,"template":"","format":"standard","meta":{"footnotes":""},"categories":[105],"tags":[],"class_list":["post-8337","post","type-post","status-publish","format-standard","hentry","category-gundem","odd"],"_links":{"self":[{"href":"http:\/\/www.korhanyilmaz.com\/index.php?rest_route=\/wp\/v2\/posts\/8337","targetHints":{"allow":["GET"]}}],"collection":[{"href":"http:\/\/www.korhanyilmaz.com\/index.php?rest_route=\/wp\/v2\/posts"}],"about":[{"href":"http:\/\/www.korhanyilmaz.com\/index.php?rest_route=\/wp\/v2\/types\/post"}],"author":[{"embeddable":true,"href":"http:\/\/www.korhanyilmaz.com\/index.php?rest_route=\/wp\/v2\/users\/1"}],"replies":[{"embeddable":true,"href":"http:\/\/www.korhanyilmaz.com\/index.php?rest_route=%2Fwp%2Fv2%2Fcomments&post=8337"}],"version-history":[{"count":0,"href":"http:\/\/www.korhanyilmaz.com\/index.php?rest_route=\/wp\/v2\/posts\/8337\/revisions"}],"wp:attachment":[{"href":"http:\/\/www.korhanyilmaz.com\/index.php?rest_route=%2Fwp%2Fv2%2Fmedia&parent=8337"}],"wp:term":[{"taxonomy":"category","embeddable":true,"href":"http:\/\/www.korhanyilmaz.com\/index.php?rest_route=%2Fwp%2Fv2%2Fcategories&post=8337"},{"taxonomy":"post_tag","embeddable":true,"href":"http:\/\/www.korhanyilmaz.com\/index.php?rest_route=%2Fwp%2Fv2%2Ftags&post=8337"}],"curies":[{"name":"wp","href":"https:\/\/api.w.org\/{rel}","templated":true}]}}