{"id":8333,"date":"2009-04-16T16:00:41","date_gmt":"2009-04-16T13:00:41","guid":{"rendered":"http:\/\/www.korhanyilmaz.com\/?p=8333"},"modified":"2009-04-16T16:00:41","modified_gmt":"2009-04-16T13:00:41","slug":"ilkogretim-okulunda-nesterli-harac-cinayeti","status":"publish","type":"post","link":"http:\/\/www.korhanyilmaz.com\/?p=8333","title":{"rendered":"\u0130lk\u00f6\u011fretim okulunda ne\u015fterli hara\u00e7 cinayeti"},"content":{"rendered":"<p style=\"text-align: center;\"><img loading=\"lazy\" decoding=\"async\" class=\"size-full wp-image-8334 aligncenter\" title=\"\u0130lk\u00f6\u011fretim okulunda ne\u015fterli hara\u00e7 cinayeti \" src=\"http:\/\/www.korhanyilmaz.com\/wp-content\/uploads\/2009\/04\/c3cee9543923ea4d9a574c83x.jpg\" alt=\"\u0130lk\u00f6\u011fretim okulunda ne\u015fterli hara\u00e7 cinayeti \" width=\"333\" height=\"175\" \/><\/p>\n<p style=\"text-align: justify;\">Diyarbak\u0131r&#8217;da bir ilk\u00f6\u011fretim okulunda hara\u00e7 vermekten \u00e7\u0131kan kavgada 15 ya\u015f\u0131ndaki 7&#8217;nci s\u0131n\u0131f \u00f6\u011frencisi, 6&#8217;nc\u0131 s\u0131n\u0131f \u00f6\u011frencisi Recep \u00c7ekme&#8217;yi kalbine ne\u015fter saplayarak \u00f6ld\u00fcrd\u00fc..<\/p>\n<p style=\"text-align: justify;\">Diyarbak\u0131r&#8217;da ilk\u00f6\u011fretim okulunda okuyan iki \u00f6\u011frenci aras\u0131nda \u00e7\u0131kan tart\u0131\u015fma, \u00f6l\u00fcmle sonu\u00e7land\u0131. \u0130ddiaya g\u00f6re, R.B. (15) isimli 7&#8217;nci s\u0131n\u0131f \u00f6\u011frencisi, hara\u00e7 isteyip alamad\u0131\u011f\u0131 6&#8217;nc\u0131 s\u0131n\u0131f \u00f6\u011frencisi Recep \u00c7ekme&#8217;yi (13) ameliyat ne\u015fteri ile \u00f6ld\u00fcrd\u00fc. Katil zanl\u0131s\u0131 R.B. cinayet sonras\u0131 ka\u00e7mak isterken yakaland\u0131. \u00c7ar\u0131kl\u0131 Fabrika \u0130lk\u00f6\u011fretim Okulu&#8217;ndaki kanl\u0131 olay, d\u00fcn sabah ilk ders zili \u00e7almadan \u00f6nce ya\u015fand\u0131. \u0130ki \u00f6\u011frenci aras\u0131nda tart\u0131\u015fma \u00e7\u0131kt\u0131. Okul bah\u00e7esinde ba\u015flayan ve iki taraf\u0131n arkada\u015flar\u0131n\u0131n da kat\u0131ld\u0131\u011f\u0131 tart\u0131\u015fma, k\u0131sa s\u00fcrede kavgaya d\u00f6n\u00fc\u015ft\u00fc. Ya\u015fanan karga\u015fa s\u0131ras\u0131nda R.B., \u00fczerinde ta\u015f\u0131d\u0131\u011f\u0131 ameliyat ne\u015fterini \u00e7ekerek Recep \u00c7ekme&#8217;nin g\u00f6\u011fs\u00fcne saplad\u0131. <!--more-->Ne\u015fterin kalbine isabet etti\u011fi \u00c7ekme, kanlar i\u00e7erisinde yere y\u0131\u011f\u0131ld\u0131. Hastaneye kald\u0131r\u0131lmak istenen k\u00fc\u00e7\u00fck \u00e7ocuk, okul bah\u00e7esinde hayat\u0131n\u0131 kaybetti. Cinayet sonras\u0131 korkarak ka\u00e7mak isteyen R.B., k\u0131sa s\u00fcrede olay yerine giden polis taraf\u0131ndan yakaland\u0131. R.B.&#8217;nin, polisteki ifadesinde Recep \u00c7ekme&#8217;nin kendisine k\u00fcf\u00fcr etti\u011fini, sinirlenip b\u0131\u00e7aklad\u0131\u011f\u0131n\u0131 s\u00f6yledi\u011fi \u00f6\u011frenildi. R.B.&#8217;nin, babas\u0131n\u0131n sa\u011fl\u0131k oca\u011f\u0131nda g\u00f6revli oldu\u011fu, ne\u015fteri bu yolla elde etti\u011fi ileri s\u00fcr\u00fcld\u00fc.<\/p>\n<p><strong>OKUL TAT\u0130L ED\u0130LD\u0130 <\/strong><\/p>\n<p style=\"text-align: justify;\"><strong><br \/>\n<\/strong>E\u011fitim amac\u0131yla gitti\u011fi okul bah\u00e7esinde ya\u015fam\u0131n\u0131 yitiren Recep \u00c7ekme&#8217;nin cenazesi Diyarbak\u0131r Ara\u015ft\u0131rma Hastanesi&#8217;nde yap\u0131lan otopsinin ard\u0131ndan g\u00f6zya\u015flar\u0131 aras\u0131nda \u00c7ar\u0131kl\u0131&#8217;da topra\u011fa verildi. Cenazenin ard\u0131ndan \u00c7ekme ailesinin fertleri, okul \u00f6n\u00fcne gelerek ya\u015fanan olaya tepki g\u00f6sterdi. Cinayet olay\u0131n\u0131n ard\u0131ndan okul tatil edilirken, tepkilerin oda\u011f\u0131ndaki idareci ve \u00f6\u011fretmenler de okuldan ayr\u0131ld\u0131. \u00d6fkeli aile \u00fcyeleri, okulda kimseyi bulamay\u0131nca \u00e7ekim yapmak isteyen bas\u0131n mensuplar\u0131na sald\u0131rd\u0131. Polis ekipleri de gelerek okul \u00e7evresinde g\u00fcvenlik \u00f6nlemi ald\u0131.\n<\/p>\n<p style=\"text-align: justify;\"><strong>&#8216;\u00d6NLEM ALINMADI&#8217; <\/strong><\/p>\n<p style=\"text-align: justify;\"><strong><br \/>\n<\/strong>\u00c7ekme&#8217;nin a\u011fabeyi Sinan \u00c7ekme, bir s\u00fcredir okuldaki b\u00fcy\u00fck \u00f6\u011frencilerin k\u00fc\u00e7\u00fck olanlardan zorla hara\u00e7 toplad\u0131\u011f\u0131n\u0131 belirterek &#8220;Karde\u015fim kendisinden de para istediklerini s\u00f6yledi. Biz bir\u00e7ok kez okul idaresine \u015fik\u00e2yette bulunarak \u00f6nlem al\u0131nmas\u0131n\u0131 istedik. Ancak, \u00f6nlem al\u0131nmad\u0131 ve sonunda bu y\u00fczden karde\u015fim \u00f6ld\u00fcr\u00fcld\u00fc. \u00d6ld\u00fcr\u00fclmese onu buradan al\u0131p ba\u015fka bir okula vermeyi d\u00fc\u015f\u00fcn\u00fcyorduk&#8221; dedi.<\/p>\n<h5 style=\"text-align: justify;\">&#8216;Ailedeki \u015fiddetin d\u0131\u015fa yans\u0131mas\u0131&#8217;<\/h5>\n<\/p>\n<p style=\"text-align: justify;\"><strong><em>Psikolog \/ Pedagog Rana \u00c7epelio\u011fullar: <\/em><\/strong>Okulda g\u00f6r\u00fclen \u015fiddet, aile i\u00e7inde ya\u015fanan \u015fiddetin bir yans\u0131mas\u0131. \u00c7ocuklar, aile i\u00e7inde edindikleri davran\u0131\u015f kal\u0131plar\u0131n\u0131 her ortamda uygulayabiliyor. Ailedeki \u015fiddet, okuldaki \u015fiddeti k\u00f6r\u00fckl\u00fcyor. \u00d6zellikle k\u0131rsal kesimde aile i\u00e7i \u015fiddet \u00e7ok fazla. Ergen olduklar\u0131 i\u00e7in \u00f6fke kontrolleri yok. Sonu\u00e7lar\u0131 kestiremiyorlar. Ailede ve televizyonda \u00f6\u011frendikleri \u015fiddet i\u00e7erikli davran\u0131\u015f kal\u0131plar\u0131n\u0131 her ortama ta\u015f\u0131yorlar.&#8221;<\/p>\n<h5 style=\"text-align: justify;\">&#8216;Hara\u00e7 yok ama uyu\u015fturucu bulduk&#8217;<\/h5>\n<p style=\"text-align: justify;\">\u0130l Milli E\u011fitim M\u00fcd\u00fcr\u00fc Z\u00fclfi Toman, hara\u00e7 istenmesi iddias\u0131yla ilgili idari inceleme ba\u015flatt\u0131klar\u0131n\u0131 belirterek &#8220;Daha \u00f6nce okulda b\u00f6yle bir \u015fik\u00e2yet almad\u0131k. Ama ayn\u0131 okulda daha \u00f6nce \u00fcst\u00fcnde uyu\u015fturucu hap bulunan 8&#8217;inci s\u0131n\u0131f \u00f6\u011frencisi hemen okuldan uzakla\u015ft\u0131r\u0131lm\u0131\u015ft\u0131. Y\u00f6neticilerin ihmalinin oldu\u011funu sanm\u0131yorum. Ancak, buna ra\u011fmen idari inceleme ba\u015flatt\u0131k&#8221; dedi. Diyarbak\u0131r&#8217;da benzer bir hara\u00e7 alma olay\u0131 ge\u00e7en y\u0131l ya\u015fanm\u0131\u015ft\u0131. 18 ya\u015f\u0131ndaki \u00dc.E., ilk\u00f6\u011fretim okulu 5&#8217;inci s\u0131n\u0131f \u00f6\u011frencisi 11 ya\u015f\u0131ndaki D.A.&#8217;dan 7 ay boyunca b\u0131\u00e7ak zoruyla hara\u00e7 ald\u0131\u011f\u0131 iddias\u0131yla yakalanm\u0131\u015ft\u0131.                    <img loading=\"lazy\" decoding=\"async\" src=\"http:\/\/img.sabah.com.tr\/i3\/sp.gif\" alt=\"\" width=\"1\" height=\"1\" \/><\/p>\n<p style=\"text-align: justify;\"><span style=\"color: #888888;\">Kaynak : Sabah<\/span><\/p>\n","protected":false},"excerpt":{"rendered":"<p style=\"text-align: center;\">\n<p style=\"text-align: justify;\">Diyarbak\u0131r&#8217;da bir ilk\u00f6\u011fretim okulunda hara\u00e7 vermekten \u00e7\u0131kan kavgada 15 ya\u015f\u0131ndaki 7&#8217;nci s\u0131n\u0131f \u00f6\u011frencisi, 6&#8217;nc\u0131 s\u0131n\u0131f \u00f6\u011frencisi Recep \u00c7ekme&#8217;yi kalbine ne\u015fter saplayarak \u00f6ld\u00fcrd\u00fc..<\/p>\n<p style=\"text-align: justify;\">Diyarbak\u0131r&#8217;da ilk\u00f6\u011fretim okulunda okuyan iki \u00f6\u011frenci aras\u0131nda \u00e7\u0131kan tart\u0131\u015fma, \u00f6l\u00fcmle sonu\u00e7land\u0131. \u0130ddiaya g\u00f6re, R.B. (15) isimli 7&#8217;nci s\u0131n\u0131f \u00f6\u011frencisi, hara\u00e7 isteyip alamad\u0131\u011f\u0131 6&#8217;nc\u0131 s\u0131n\u0131f \u00f6\u011frencisi Recep <\/p>\n","protected":false},"author":1,"featured_media":0,"comment_status":"open","ping_status":"closed","sticky":false,"template":"","format":"standard","meta":{"footnotes":""},"categories":[105],"tags":[],"class_list":["post-8333","post","type-post","status-publish","format-standard","hentry","category-gundem","odd"],"_links":{"self":[{"href":"http:\/\/www.korhanyilmaz.com\/index.php?rest_route=\/wp\/v2\/posts\/8333","targetHints":{"allow":["GET"]}}],"collection":[{"href":"http:\/\/www.korhanyilmaz.com\/index.php?rest_route=\/wp\/v2\/posts"}],"about":[{"href":"http:\/\/www.korhanyilmaz.com\/index.php?rest_route=\/wp\/v2\/types\/post"}],"author":[{"embeddable":true,"href":"http:\/\/www.korhanyilmaz.com\/index.php?rest_route=\/wp\/v2\/users\/1"}],"replies":[{"embeddable":true,"href":"http:\/\/www.korhanyilmaz.com\/index.php?rest_route=%2Fwp%2Fv2%2Fcomments&post=8333"}],"version-history":[{"count":0,"href":"http:\/\/www.korhanyilmaz.com\/index.php?rest_route=\/wp\/v2\/posts\/8333\/revisions"}],"wp:attachment":[{"href":"http:\/\/www.korhanyilmaz.com\/index.php?rest_route=%2Fwp%2Fv2%2Fmedia&parent=8333"}],"wp:term":[{"taxonomy":"category","embeddable":true,"href":"http:\/\/www.korhanyilmaz.com\/index.php?rest_route=%2Fwp%2Fv2%2Fcategories&post=8333"},{"taxonomy":"post_tag","embeddable":true,"href":"http:\/\/www.korhanyilmaz.com\/index.php?rest_route=%2Fwp%2Fv2%2Ftags&post=8333"}],"curies":[{"name":"wp","href":"https:\/\/api.w.org\/{rel}","templated":true}]}}