{"id":8329,"date":"2009-04-17T09:00:53","date_gmt":"2009-04-17T06:00:53","guid":{"rendered":"http:\/\/www.korhanyilmaz.com\/?p=8329"},"modified":"2009-04-17T09:00:53","modified_gmt":"2009-04-17T06:00:53","slug":"saylan-ulkemiz-icin-bir-sure-daha-yasamam-gerek","status":"publish","type":"post","link":"http:\/\/www.korhanyilmaz.com\/?p=8329","title":{"rendered":"Saylan: \u00dclkemiz i\u00e7in bir s\u00fcre daha ya\u015famam gerek"},"content":{"rendered":"<p style=\"text-align: center;\"><img loading=\"lazy\" decoding=\"async\" class=\"size-full wp-image-8330 aligncenter\" src=\"http:\/\/www.korhanyilmaz.com\/wp-content\/uploads\/2009\/04\/14a9a6410a8ff842b2107544x.jpg\" alt=\"\" width=\"333\" height=\"175\" \/><\/p>\n<p style=\"text-align: justify;\">\u00c7apa T\u0131p Fak\u00fcltesi Hastanesi&#8217;nde kemoterapi tedavisine al\u0131nan \u00c7a\u011fda\u015f Ya\u015fam\u0131 Destekleme Derne\u011fi (\u00c7YDD) Genel Ba\u015fkan\u0131 Prof. Dr. T\u00fcrkan Saylan, &#8220;Bir iftira att\u0131lar, onu temizleyece\u011fim&#8221; dedi. Saylan, darbe istedikleri iddialar\u0131na &#8220;Darbelerin T\u00fcrkiye&#8217;den neler g\u00f6t\u00fcrd\u00fc\u011f\u00fcn\u00fc g\u00f6rd\u00fck, ya\u015fad\u0131k.<\/p>\n<p style=\"text-align: justify;\">Hi\u00e7bir zaman istemeyiz b\u00f6yle bir \u015feyi&#8221; kar\u015f\u0131l\u0131\u011f\u0131n\u0131 verdi. Saylan, doktorlar\u0131ndan izin alarak bas\u0131n mensuplar\u0131n\u0131n sorular\u0131n\u0131 yan\u0131tlad\u0131. Saylan, &#8220;Bir s\u00fcre daha ya\u015famam gerekiyor. Bunlar\u0131n hepsi daha iyi bir d\u00fcnya b\u0131rakmak i\u00e7in&#8221; dedi. Saylan, &#8220;Yap\u0131lanlar y\u00fcz\u00fcnden ben daha \u00e7ok hastaland\u0131m. Bir eczac\u0131 arkada\u015f\u0131m\u0131z eczanesini kapatmak zorunda kald\u0131. <!--more-->\u00d6\u011fretmen olan, derse giremedi. Kendim ve arkada\u015flar\u0131m ayr\u0131 ayr\u0131 tazminat davalar\u0131 a\u00e7aca\u011f\u0131z. Tutuklamalar, telefonlar\u0131m\u0131z\u0131 dinlemeler, kopyas\u0131 olmadan belgeleri al\u0131p g\u00f6t\u00fcrmeleri. Bunlara haklar\u0131 var m\u0131? Hepimiz hakk\u0131m\u0131z\u0131 arayaca\u011f\u0131z&#8221; dedi. Saylan, &#8220;Giderken daha namuslu bir d\u00fcnya b\u0131rakmak istiyoruz. Bunlar\u0131n hepsi sizler i\u00e7in. \u00dclkemizi satt\u0131rmay\u0131z, b\u00f6ld\u00fcrmeyiz. Hep birlikte bunun i\u00e7in \u00e7al\u0131\u015faca\u011f\u0131z&#8221; dedi. \u00d6te yandan, T\u00fcrkan Saylan&#8217;\u0131n ifadesinin al\u0131naca\u011f\u0131 \u00f6\u011frenildi.<\/p>\n<h5>\u00c7YDD&#8217;ye \u00e7\u0131\u011f gibi ba\u011f\u0131\u015f ya\u011fd\u0131<\/h5>\n<p style=\"text-align: justify;\">39 bin<strong> <\/strong>k\u0131z \u00e7ocu\u011funu okulla tan\u0131\u015ft\u0131ran, 29 bin \u00fcniversiteliye burs veren \u00c7YDD&#8217;nin Genel Ba\u015fkan Yard\u0131mc\u0131s\u0131 Nihal K\u0131z\u0131l, operasyonlardan sonra derne\u011fe olan ilginin ve yard\u0131mlar\u0131n \u00f6nemli \u00f6l\u00e7\u00fcde artt\u0131\u011f\u0131n\u0131 savundu. K\u0131z\u0131l, \u015funlar\u0131 s\u00f6yledi: &#8220;Her arayan &#8216;ne yapabiliriz?&#8217; diye soruyor. \u0130lk kez ba\u011f\u0131\u015f yapanlar var. Tedirginlik yok. Hi\u00e7 ummad\u0131\u011f\u0131m\u0131z ki\u015filer, burs i\u00e7in kap\u0131m\u0131z\u0131 \u00e7al\u0131yor.&#8221; Hesaplarda blokaj olmad\u0131\u011f\u0131n\u0131 belirten K\u0131z\u0131l, &#8220;\u0130lk g\u00fcn 3 bankaya sorduk. 120 bin TL vard\u0131. 60 ayr\u0131 projede 60 banka hesab\u0131m\u0131z var. Toplam\u0131 t\u00fcm hesaplar\u0131m\u0131za bakt\u0131\u011f\u0131m\u0131zda \u00f6\u011frenebilece\u011fiz&#8221; dedi.<\/p>\n<p style=\"text-align: justify;\"><span style=\"color: #888888;\">Kaynak : Sabah<\/span><\/p>\n","protected":false},"excerpt":{"rendered":"<p style=\"text-align: center;\">\n<p style=\"text-align: justify;\">\u00c7apa T\u0131p Fak\u00fcltesi Hastanesi&#8217;nde kemoterapi tedavisine al\u0131nan \u00c7a\u011fda\u015f Ya\u015fam\u0131 Destekleme Derne\u011fi (\u00c7YDD) Genel Ba\u015fkan\u0131 Prof. Dr. T\u00fcrkan Saylan, &#8220;Bir iftira att\u0131lar, onu temizleyece\u011fim&#8221; dedi. Saylan, darbe istedikleri iddialar\u0131na &#8220;Darbelerin T\u00fcrkiye&#8217;den neler g\u00f6t\u00fcrd\u00fc\u011f\u00fcn\u00fc g\u00f6rd\u00fck, ya\u015fad\u0131k.<\/p>\n<p style=\"text-align: justify;\">Hi\u00e7bir zaman istemeyiz b\u00f6yle bir \u015feyi&#8221; kar\u015f\u0131l\u0131\u011f\u0131n\u0131 verdi. Saylan, doktorlar\u0131ndan izin alarak bas\u0131n mensuplar\u0131n\u0131n <\/p>\n","protected":false},"author":1,"featured_media":0,"comment_status":"open","ping_status":"closed","sticky":false,"template":"","format":"standard","meta":{"footnotes":""},"categories":[105],"tags":[],"class_list":["post-8329","post","type-post","status-publish","format-standard","hentry","category-gundem","odd"],"_links":{"self":[{"href":"http:\/\/www.korhanyilmaz.com\/index.php?rest_route=\/wp\/v2\/posts\/8329","targetHints":{"allow":["GET"]}}],"collection":[{"href":"http:\/\/www.korhanyilmaz.com\/index.php?rest_route=\/wp\/v2\/posts"}],"about":[{"href":"http:\/\/www.korhanyilmaz.com\/index.php?rest_route=\/wp\/v2\/types\/post"}],"author":[{"embeddable":true,"href":"http:\/\/www.korhanyilmaz.com\/index.php?rest_route=\/wp\/v2\/users\/1"}],"replies":[{"embeddable":true,"href":"http:\/\/www.korhanyilmaz.com\/index.php?rest_route=%2Fwp%2Fv2%2Fcomments&post=8329"}],"version-history":[{"count":0,"href":"http:\/\/www.korhanyilmaz.com\/index.php?rest_route=\/wp\/v2\/posts\/8329\/revisions"}],"wp:attachment":[{"href":"http:\/\/www.korhanyilmaz.com\/index.php?rest_route=%2Fwp%2Fv2%2Fmedia&parent=8329"}],"wp:term":[{"taxonomy":"category","embeddable":true,"href":"http:\/\/www.korhanyilmaz.com\/index.php?rest_route=%2Fwp%2Fv2%2Fcategories&post=8329"},{"taxonomy":"post_tag","embeddable":true,"href":"http:\/\/www.korhanyilmaz.com\/index.php?rest_route=%2Fwp%2Fv2%2Ftags&post=8329"}],"curies":[{"name":"wp","href":"https:\/\/api.w.org\/{rel}","templated":true}]}}