{"id":8325,"date":"2009-04-17T08:50:52","date_gmt":"2009-04-17T05:50:52","guid":{"rendered":"http:\/\/www.korhanyilmaz.com\/?p=8325"},"modified":"2009-04-17T08:50:52","modified_gmt":"2009-04-17T05:50:52","slug":"haberal-manisali-ve-rektorler-tutuklandi","status":"publish","type":"post","link":"http:\/\/www.korhanyilmaz.com\/?p=8325","title":{"rendered":"Haberal, Manisal\u0131 ve rekt\u00f6rler tutukland\u0131"},"content":{"rendered":"<p style=\"text-align: center;\"><img loading=\"lazy\" decoding=\"async\" class=\"size-full wp-image-8327 aligncenter\" src=\"http:\/\/www.korhanyilmaz.com\/wp-content\/uploads\/2009\/04\/c550d9b76613934f856d2819r.jpg\" alt=\"\" width=\"200\" height=\"126\" \/><\/p>\n<p style=\"text-align: justify;\">&#8221;Ergenekon&#8221; soru\u015fturmas\u0131 kapsam\u0131nda g\u00f6zalt\u0131na al\u0131narak mahkemeye sevk edilen Ba\u015fkent \u00dcniversitesi Rekt\u00f6r\u00fc Prof. Dr. Mehmet Haberal tutukland\u0131.<\/p>\n<p style=\"text-align: justify;\">Be\u015fikta\u015f&#8217;taki \u0130stanbul Adliyesinde, soru\u015fturmay\u0131 y\u00fcr\u00fcten Cumhuriyet Savc\u0131lar\u0131nca sorgulanan Prof. Dr. Haberal, tutuklanmas\u0131 istemiyle sevk edildi\u011fi n\u00f6bet\u00e7i mahkemede hakim kar\u015f\u0131s\u0131na \u00e7\u0131kt\u0131.<\/p>\n<p style=\"text-align: justify;\">Mahkeme, Haberal&#8217;\u0131n tutuklanmas\u0131na karar verdi.<!--more--><\/p>\n<p style=\"text-align: justify;\">Bu arada Prof. Dr. Haberal, mahkemenin tutuklama karar\u0131n\u0131n ard\u0131ndan rahats\u0131zland\u0131. Ambulansla adliyeye gelen sa\u011fl\u0131k ekibi, Haberal&#8217;a m\u00fcdahalede bulundu. Bu s\u0131rada adliye \u00f6n\u00fcnde bekleyen bir grup ile i\u00e7eriye giren sa\u011fl\u0131k g\u00f6revlilerini g\u00f6r\u00fcnt\u00fcleyen gazeteciler aras\u0131nda arbede ya\u015fand\u0131.<\/p>\n<p style=\"text-align: justify;\"><strong>8 K\u0130\u015e\u0130DEN, 7&#8217;S\u0130 TUTUKLANDI<br \/>\n<\/strong><br \/>\n\u00d6te yandan &#8221;Ergenekon&#8221; soru\u015fturmas\u0131 kapsam\u0131nda g\u00f6zalt\u0131na al\u0131narak mahkemeye sevk edilen 8 ki\u015fiden, 3 eski rekt\u00f6r\u00fcn de aralar\u0131nda bulundu\u011fu 7&#8217;si tutukland\u0131.<\/p>\n<p style=\"text-align: justify;\">Be\u015fikta\u015f&#8217;taki \u0130stanbul Adliyesi&#8217;nde Cumhuriyet savc\u0131lar\u0131nca sorguland\u0131ktan sonra mahkemeye sevk edilen eski 19 May\u0131s \u00dcniversitesi Rekt\u00f6r\u00fc Prof. Dr. Ferit Bernay, eski Uluda\u011f \u00dcniversitesi Rekt\u00f6r\u00fc Prof. Dr. Mustafa Yurtkuran, eski \u0130n\u00f6n\u00fc \u00dcniversitesi Rekt\u00f6r\u00fc Prof. Dr. Fatih Hilmio\u011flu, Van Y\u00fcz\u00fcnc\u00fc Y\u0131l \u00dcniversitesi \u00d6\u011fretim \u00dcyesi Prof. Dr. Ay\u015fe Y\u00fcksel, emekli \u00f6\u011fretim \u00fcyesi Prof. Dr. Erol Manisal\u0131, Hamdi G\u00f6khan Ecevit ve \u00d6mer Sadun Oky\u0131lt\u0131r\u0131k&#8217;\u0131n tutuklanmas\u0131na karar verildi.<\/p>\n<p style=\"text-align: justify;\">68&#8217;liler Birli\u011fi Vakf\u0131 Genel Sekreteri Nam\u0131k Kemal Boya ise mahkemeden serbest kald\u0131.<\/p>\n<p style=\"text-align: justify;\">Daha \u00f6nce adli kontrol uygulanmas\u0131 talebiyle sevk edildi\u011fi mahkemece serbest b\u0131rak\u0131ld\u0131\u011f\u0131 bildirilen Dervi\u015f \u00d6z\u00e7elik&#8217;in, savc\u0131l\u0131k sorgusunun ard\u0131ndan serbest kald\u0131\u011f\u0131 \u00f6\u011frenildi.<\/p>\n<p style=\"text-align: justify;\"><span style=\"color: #888888;\">Kaynak : Sabah<\/span><\/p>\n","protected":false},"excerpt":{"rendered":"<p style=\"text-align: center;\">\n<p style=\"text-align: justify;\">&#8221;Ergenekon&#8221; soru\u015fturmas\u0131 kapsam\u0131nda g\u00f6zalt\u0131na al\u0131narak mahkemeye sevk edilen Ba\u015fkent \u00dcniversitesi Rekt\u00f6r\u00fc Prof. Dr. Mehmet Haberal tutukland\u0131.<\/p>\n<p style=\"text-align: justify;\">Be\u015fikta\u015f&#8217;taki \u0130stanbul Adliyesinde, soru\u015fturmay\u0131 y\u00fcr\u00fcten Cumhuriyet Savc\u0131lar\u0131nca sorgulanan Prof. Dr. Haberal, tutuklanmas\u0131 istemiyle sevk edildi\u011fi n\u00f6bet\u00e7i mahkemede hakim kar\u015f\u0131s\u0131na \u00e7\u0131kt\u0131.<\/p>\n<p style=\"text-align: justify;\">Mahkeme, Haberal&#8217;\u0131n tutuklanmas\u0131na karar verdi.<\/p>\n","protected":false},"author":1,"featured_media":0,"comment_status":"open","ping_status":"closed","sticky":false,"template":"","format":"standard","meta":{"footnotes":""},"categories":[105],"tags":[],"class_list":["post-8325","post","type-post","status-publish","format-standard","hentry","category-gundem","odd"],"_links":{"self":[{"href":"http:\/\/www.korhanyilmaz.com\/index.php?rest_route=\/wp\/v2\/posts\/8325","targetHints":{"allow":["GET"]}}],"collection":[{"href":"http:\/\/www.korhanyilmaz.com\/index.php?rest_route=\/wp\/v2\/posts"}],"about":[{"href":"http:\/\/www.korhanyilmaz.com\/index.php?rest_route=\/wp\/v2\/types\/post"}],"author":[{"embeddable":true,"href":"http:\/\/www.korhanyilmaz.com\/index.php?rest_route=\/wp\/v2\/users\/1"}],"replies":[{"embeddable":true,"href":"http:\/\/www.korhanyilmaz.com\/index.php?rest_route=%2Fwp%2Fv2%2Fcomments&post=8325"}],"version-history":[{"count":0,"href":"http:\/\/www.korhanyilmaz.com\/index.php?rest_route=\/wp\/v2\/posts\/8325\/revisions"}],"wp:attachment":[{"href":"http:\/\/www.korhanyilmaz.com\/index.php?rest_route=%2Fwp%2Fv2%2Fmedia&parent=8325"}],"wp:term":[{"taxonomy":"category","embeddable":true,"href":"http:\/\/www.korhanyilmaz.com\/index.php?rest_route=%2Fwp%2Fv2%2Fcategories&post=8325"},{"taxonomy":"post_tag","embeddable":true,"href":"http:\/\/www.korhanyilmaz.com\/index.php?rest_route=%2Fwp%2Fv2%2Ftags&post=8325"}],"curies":[{"name":"wp","href":"https:\/\/api.w.org\/{rel}","templated":true}]}}