{"id":8317,"date":"2009-04-16T16:45:04","date_gmt":"2009-04-16T13:45:04","guid":{"rendered":"http:\/\/www.korhanyilmaz.com\/?p=8317"},"modified":"2009-04-16T16:45:04","modified_gmt":"2009-04-16T13:45:04","slug":"pfdk-devlere-aman-vermedi","status":"publish","type":"post","link":"http:\/\/www.korhanyilmaz.com\/?p=8317","title":{"rendered":"PFDK devlere aman vermedi"},"content":{"rendered":"<p style=\"text-align: center;\"><img loading=\"lazy\" decoding=\"async\" class=\"size-full wp-image-8318 aligncenter\" title=\"PFDK devlere aman vermedi \" src=\"http:\/\/www.korhanyilmaz.com\/wp-content\/uploads\/2009\/04\/170420090448259353114.jpg\" alt=\"PFDK devlere aman vermedi \" width=\"329\" height=\"210\" \/><\/p>\n<p style=\"text-align: justify;\"><strong>Olayl\u0131 derbiyi masaya yat\u0131ran Profesyonel Futbol Disiplin Kurulu&#8217;nun 5 saatlik toplant\u0131s\u0131ndan beklenen cezalar \u00e7\u0131kt\u0131<\/strong>.<\/p>\n<p style=\"text-align: justify;\">PROFESYONEL Futbol Disiplin Kurulu (PFDK), G.Saray-F.Bah\u00e7e derbisine a\u011f\u0131r fatura \u00e7\u0131kard\u0131. G.Saray Ba\u015fkan\u0131 Adnan Polat&#8217;a 45 g\u00fcn hak mahrumiyeti cezas\u0131 bi\u00e7en kurul sar\u0131-k\u0131rm\u0131z\u0131l\u0131 ekibin sahas\u0131n\u0131 1 ma\u00e7 kapatt\u0131 ve 1 ma\u00e7 da seyircisiz oynama cezas\u0131 verdi. PFDK ayr\u0131ca, F.Bah\u00e7eli futbolculardan Lugano&#8217;yu 5, Semih ve Volkan&#8217;\u0131 ise 3&#8217;er ma\u00e7 oynamama cezas\u0131na \u00e7arpt\u0131rd\u0131. G.Sarayl\u0131 futbolcular da furyadan nasiplerini ald\u0131. Arda 3, Emre ile Sabri ise 2&#8217;\u015fer kar\u015f\u0131la\u015fmada forma giyemeyecekler. <!--more--><\/p>\n<p style=\"text-align: justify;\"><strong>CEZA YA\u011eDI<\/strong><\/p>\n<p style=\"text-align: justify;\">D\u00dcN Futbol Federasyonu&#8217;nun \u0130stinye&#8217;deki yeni binas\u0131nda Avukat Re\u015fat Bostan ba\u015fkanl\u0131\u011f\u0131nda toplanan PFDK, olayl\u0131 ma\u00e7la ilgili olarak \u00f6nce Hukuk Kurulu&#8217;ndan gelen dosyay\u0131 inceledi. Ard\u0131ndan (Volkan Demirel ile Sabri Sar\u0131o\u011flu g\u00f6r\u00fcnt\u00fclere dayan\u0131larak disipline sevkedildi\u011fi i\u00e7in) kar\u015f\u0131la\u015fman\u0131n videosu bir kez daha izlendi. Daha sonra ba\u015fta G.Saray Ba\u015fkan\u0131 Adnan Polat ve G.Saray Kul\u00fcb\u00fc&#8217;n\u00fcn savunmalar\u0131 olmak \u00fczere disipline g\u00f6nderilen t\u00fcm dosyalarla ilgili savunmalar tek tek okundu.<\/p>\n<p style=\"text-align: justify;\">T\u00dcM bu prosed\u00fcr\u00fc tamamlayan kurul yakla\u015f\u0131k 5 saat s\u00fcren toplant\u0131 sonunda, G.Saray Ba\u015fkan\u0131 Adnan Polat&#8217;a, TFF&#8217;nin sayg\u0131nl\u0131\u011f\u0131n\u0131 zedelemesi ve futbolun de\u011ferini d\u00fc\u015f\u00fcrmesi gerek\u00e7esiyle 45 g\u00fcn hak mahrumiyeti cezas\u0131 verdi. Kurul ayr\u0131ca Galatasaray&#8217;a, toplu olarak \u00e7irkin ve k\u00f6t\u00fc tezah\u00fcrat nedeniyle (41.madde) 1 ma\u00e7 seyircisiz oynama ve ayn\u0131 ma\u00e7ta meydana gelen saha olaylar\u0131 sebebiyle (40.madde ) 1 ma\u00e7 da saha kapama cezas\u0131 verdi.<\/p>\n<p style=\"text-align: justify;\"><strong>OYB\u0130RL\u0130\u011e\u0130YLE!<\/strong><\/p>\n<p style=\"text-align: justify;\">KARARLARINI oybirli\u011fiyle alan PFDK futbolcular i\u00e7inde en a\u011f\u0131r cezay\u0131 olaylar\u0131n ba\u015flamas\u0131nda 1 numaral\u0131 sorumlu olarak belirledi\u011fi F.Bah\u00e7eli Diego Lugano&#8217;ya verdi. Uruguayl\u0131 y\u0131ld\u0131z tam 5 ma\u00e7 oynamama cezas\u0131 ald\u0131. Tedbirsiz olarak disipline verilmesine kar\u015f\u0131n g\u00f6r\u00fcnt\u00fclerde G.Saray seyircisini tahrik etti\u011fi saptanan Volkan Demirel (temsilci ve hakem raporlar\u0131nda yapt\u0131\u011f\u0131 eylem yazm\u0131yor) de 3 ma\u00e7 ceza ald\u0131. Di\u011fer F.Bah\u00e7eli futbolcu Semih \u015eent\u00fcrk de 3 ma\u00e7 cezaya \u00e7arpt\u0131r\u0131lanlar i\u00e7inde yer ald\u0131.<\/p>\n<p style=\"text-align: justify;\">D\u0130S\u0130PL\u0130N Kurulu G.Sarayl\u0131 futbolculardan Arda Turan ile Emre A\u015f\u0131k&#8217;a da hakem-temsilci raporlar\u0131n\u0131n yan\u0131 s\u0131ra g\u00f6r\u00fcnt\u00fclere dayanarak hi\u00e7bir tart\u0131\u015fma olmadan cezalar\u0131 verdi. Arda 3 ma\u00e7 Emre ise 2 ma\u00e7 ald\u0131. Ancak di\u011fer sar\u0131-k\u0131rm\u0131l\u0131 oyuncu Sabri Sar\u0131o\u011flu dosyas\u0131 ise \u00fcyeler aras\u0131nda tart\u0131\u015fma yaratt\u0131. Ma\u00e7\u0131n g\u00f6r\u00fcnt\u00fclerine dayan\u0131larak disipline verilen Sabri&#8217;nin t\u00fcm bu eylemleri hakemin g\u00f6r\u00fc\u015f alan\u0131 i\u00e7inde yapm\u0131\u015f olmas\u0131 ve hakemin de bunlar\u0131 raporuna yazmamas\u0131 PFDK&#8217;y\u0131 s\u0131k\u0131nt\u0131ya soktu. Sabri&#8217;ye de &#8220;kural d\u0131\u015f\u0131 hareket&#8221; gerek\u00e7esiyle 2 ma\u00e7 oynamama cezas\u0131 verildi.<\/p>\n<p style=\"text-align: justify;\"><strong>PARA CEZASI DA VAR<\/strong><\/p>\n<p style=\"text-align: justify;\">SARI-KIRMIZILI kul\u00fcbe hem saha kapama hem de seyircisiz oynama cezas\u0131 veren PFDK, bu cezalar\u0131n hangi ma\u00e7larda infaz edilece\u011fini de belirledi. Buna g\u00f6re G.Saray 29. haftada evindeki Ankaraspor ma\u00e7\u0131n\u0131 seyircisiz oynayacak. 31. haftadaki G.Saray-A.G\u00fcc\u00fc ma\u00e7\u0131nda ise Sami Yen kapanacak. Ve muhtemelen bu kar\u015f\u0131la\u015fma \u0130zmir&#8217;de olacak Alternatif \u015fehirler ise Ankara ve Bursa.. PFDK ayr\u0131ca G.Saray&#8217;a toplam 80 bin, F.Bah\u00e7e&#8217;ye ise 40 bin 500 TL para cezas\u0131 kesti.<\/p>\n<p style=\"text-align: justify;\"><strong>G.SARAY TAHK\u0130M&#8217;E<\/strong><\/p>\n<p style=\"text-align: justify;\">BU arada G.Saray, PFDK toplant\u0131s\u0131 \u00f6ncesi Emre A\u015f\u0131k&#8217;\u0131n su\u00e7suz oldu\u011funu belirterek, kart\u0131n iptal edilmesi i\u00e7in itirazda bulundu. Ancak bu talep TFF taraf\u0131ndan reddedildi. Sar\u0131-k\u0131rm\u0131z\u0131l\u0131lar cezalar\u0131n a\u00e7\u0131klanmas\u0131n\u0131n ard\u0131ndan Tahkim Kurulu&#8217;na ba\u015fvuracaklar\u0131n\u0131 duyurdu.<\/p>\n<p style=\"text-align: justify;\"><span style=\"color: #888888;\">Kaynak : Tayfun Bay\u0131nd\u0131r &#8211; Vatan<\/span><\/p>\n<p style=\"text-align: justify;\">\n","protected":false},"excerpt":{"rendered":"<p style=\"text-align: center;\">\n<p style=\"text-align: justify;\">Olayl\u0131 derbiyi masaya yat\u0131ran Profesyonel Futbol Disiplin Kurulu&#8217;nun 5 saatlik toplant\u0131s\u0131ndan beklenen cezalar \u00e7\u0131kt\u0131.<\/p>\n<p style=\"text-align: justify;\">PROFESYONEL Futbol Disiplin Kurulu (PFDK), G.Saray-F.Bah\u00e7e derbisine a\u011f\u0131r fatura \u00e7\u0131kard\u0131. G.Saray Ba\u015fkan\u0131 Adnan Polat&#8217;a 45 g\u00fcn hak mahrumiyeti cezas\u0131 bi\u00e7en kurul sar\u0131-k\u0131rm\u0131z\u0131l\u0131 ekibin sahas\u0131n\u0131 1 ma\u00e7 kapatt\u0131 ve 1 ma\u00e7 da seyircisiz oynama cezas\u0131 <\/p>\n","protected":false},"author":1,"featured_media":0,"comment_status":"open","ping_status":"closed","sticky":false,"template":"","format":"standard","meta":{"footnotes":""},"categories":[42],"tags":[],"class_list":["post-8317","post","type-post","status-publish","format-standard","hentry","category-spor","odd"],"_links":{"self":[{"href":"http:\/\/www.korhanyilmaz.com\/index.php?rest_route=\/wp\/v2\/posts\/8317","targetHints":{"allow":["GET"]}}],"collection":[{"href":"http:\/\/www.korhanyilmaz.com\/index.php?rest_route=\/wp\/v2\/posts"}],"about":[{"href":"http:\/\/www.korhanyilmaz.com\/index.php?rest_route=\/wp\/v2\/types\/post"}],"author":[{"embeddable":true,"href":"http:\/\/www.korhanyilmaz.com\/index.php?rest_route=\/wp\/v2\/users\/1"}],"replies":[{"embeddable":true,"href":"http:\/\/www.korhanyilmaz.com\/index.php?rest_route=%2Fwp%2Fv2%2Fcomments&post=8317"}],"version-history":[{"count":0,"href":"http:\/\/www.korhanyilmaz.com\/index.php?rest_route=\/wp\/v2\/posts\/8317\/revisions"}],"wp:attachment":[{"href":"http:\/\/www.korhanyilmaz.com\/index.php?rest_route=%2Fwp%2Fv2%2Fmedia&parent=8317"}],"wp:term":[{"taxonomy":"category","embeddable":true,"href":"http:\/\/www.korhanyilmaz.com\/index.php?rest_route=%2Fwp%2Fv2%2Fcategories&post=8317"},{"taxonomy":"post_tag","embeddable":true,"href":"http:\/\/www.korhanyilmaz.com\/index.php?rest_route=%2Fwp%2Fv2%2Ftags&post=8317"}],"curies":[{"name":"wp","href":"https:\/\/api.w.org\/{rel}","templated":true}]}}