{"id":8313,"date":"2009-04-16T15:28:10","date_gmt":"2009-04-16T12:28:10","guid":{"rendered":"http:\/\/www.korhanyilmaz.com\/?p=8313"},"modified":"2009-04-16T15:28:10","modified_gmt":"2009-04-16T12:28:10","slug":"kurul-%e2%80%98bc-hayat-kadini-psikolojisi-bozulmaz%e2%80%99-diyor","status":"publish","type":"post","link":"http:\/\/www.korhanyilmaz.com\/?p=8313","title":{"rendered":"Kurul, \u2018B.\u00c7. hayat kad\u0131n\u0131 psikolojisi bozulmaz\u2019 diyor"},"content":{"rendered":"<p style=\"text-align: center;\"><img loading=\"lazy\" decoding=\"async\" class=\"size-full wp-image-8314 aligncenter\" title=\"Kurul, \u2018B.\u00c7. hayat kad\u0131n\u0131 psikolojisi bozulmaz\u2019 diyor \" src=\"http:\/\/www.korhanyilmaz.com\/wp-content\/uploads\/2009\/04\/170420090357300818550.jpg\" alt=\"Kurul, \u2018B.\u00c7. hayat kad\u0131n\u0131 psikolojisi bozulmaz\u2019 diyor \" width=\"329\" height=\"210\" \/><\/p>\n<p style=\"text-align: justify;\"><strong>\u00dczmez&#8217;in taciz etti\u011fi B.\u00c7.&#8217;yi dinleyecek psikiyatrist Kurul&#8217;u su\u00e7lay\u0131p istifa etti<\/strong>.<\/p>\n<p style=\"text-align: justify;\">4 ay \u00f6nce g\u00f6reve gelen Do\u00e7. Dr. Ayten Erdo\u011fan, \u00dczmez davas\u0131n\u0131n ma\u011fduru 14 ya\u015f\u0131ndaki B.\u00c7. i\u00e7in Genel Kurul&#8217;un yine ruh sa\u011fl\u0131\u011f\u0131 bozulmam\u0131\u015f y\u00f6n\u00fcnde rapor verecek olmas\u0131na tepki g\u00f6sterip g\u00f6revinden istifa etti<\/p>\n<p style=\"text-align: justify;\">Vakit yazar\u0131 H\u00fcseyin \u00dczmez (76) ge\u00e7en y\u0131l Mudanya&#8217;da 14 ya\u015f\u0131ndaki B.\u00c7&#8217;ye cinsel istismarda bulundu\u011fu gerek\u00e7esiyle tutuklan\u0131p, 25 y\u0131la kadar hapis cezas\u0131 istemiyle Bursa 4. A\u011f\u0131r Ceza Mahkemesi&#8217;nde yarg\u0131lanmaya ba\u015flanm\u0131\u015ft\u0131. Ancak Adli T\u0131p Kurumu 6. \u0130htisas Kurulu&#8217;nun B.\u00c7 i\u00e7in &#8216;Ruh sa\u011fl\u0131\u011f\u0131 bozulmam\u0131\u015ft\u0131r&#8217; y\u00f6n\u00fcndeki raporuyla \u00dczmez&#8217;in tutuksuz yarg\u0131lanmak \u00fczere serbest b\u0131rak\u0131lmas\u0131 kamuoyunda infial uyand\u0131rm\u0131\u015ft\u0131. Bunun \u00fczerine mahkeme 6. \u0130htisas Kurulu&#8217;-nun raporunu yok say\u0131p yeni bir rapor haz\u0131rlanmas\u0131n\u0131 istemi\u015fti. Bu s\u0131rada gelen tepkiler nedeniyle Adli T\u0131p Kurumu&#8217;unda \u00e7ocuklar\u0131n muayene edilebilece\u011fi \u00f6zel aynal\u0131 oda kuruldu. <!--more-->Zonguldak Karaelmas \u00dcniversitesi \u00f6\u011fretim \u00fcyesi Do\u00e7. Dr. Ayten Erdo\u011fan ise yeni \u00fcye olarak kurula atand\u0131. \u00dczmez&#8217;in kaderini etkileyecek rapor \u00f6ncesi istifa \u015foku ya\u015fand\u0131. 4 ay \u00f6nce Adalet Bakan\u0131 Mehmet Ali \u015eahin&#8217;in &#8216;oluruyla&#8217; atanan \u00e7ocuk psikiyatristi Do\u00e7. Dr. Erdo\u011fan ruh sa\u011fl\u0131\u011f\u0131 bozuldu\u011fu halde B.\u00c7 yine i\u00e7in &#8216;bozulmam\u0131\u015ft\u0131r&#8217; raporu verilece\u011fi i\u00e7in istifa etti\u011fini a\u00e7\u0131klad\u0131. Erdo\u011fan&#8217;\u0131n \u00e7evresine &#8220;Kurul \u00fcyeleri B.\u00c7.&#8217;yi hayat kad\u0131n\u0131 gibi g\u00f6r\u00fcyorlar. Bu nedenle ruh sa\u011fl\u0131\u011f\u0131 bozulmam\u0131\u015ft\u0131r diye rapor vermek istiyorlar&#8221; dedi\u011fi \u00f6\u011frenildi.<\/p>\n<p style=\"text-align: justify;\"><strong>\u015eok istifa<\/strong><\/p>\n<p style=\"text-align: justify;\">Erdo\u011fan d\u00fcn Adli T\u0131p Kurumu Ba\u015fkanl\u0131\u011f\u0131&#8217;na verdi\u011fi dilek\u00e7esinde istifa gerek\u00e7elerini 27 maddede anlatt\u0131 ve kurumdaki \u00e7arp\u0131kl\u0131klar\u0131 g\u00f6z \u00f6n\u00fcne serdi. Erdo\u011fan, aynal\u0131 oda kurulmas\u0131na ra\u011fmen kurul \u00fcyelerinin taciz ma\u011fduru \u00e7ocuklar\u0131 eski y\u00f6ntemle muayene etme konusunda \u0131srarl\u0131 olduklar\u0131n\u0131 belirtti. Adli T\u0131p&#8217;taki y\u00fczlerce dava dosyas\u0131nda \u00e7ocuklar i\u00e7in uzman olmayan ki\u015filerce ruh sa\u011fl\u0131\u011f\u0131 bozulmam\u0131\u015ft\u0131r raporu verildi\u011fi i\u00e7in \u00e7ocuklar\u0131n \u00f6rselendi\u011fini s\u00f6yledi. \u0130\u015fte Do\u00e7. Dr. Ayten Erdo\u011fan&#8217;\u0131n 7 sayfal\u0131k istifa dilek\u00e7esi \u00f6zetle \u015f\u00f6yle;<\/p>\n<p style=\"text-align: justify;\">-Dava dosyas\u0131n\u0131 tetkik etti\u011fimde cinsel istismar olay\u0131n\u0131n var oldu\u011fu, ruh sa\u011fl\u0131\u011f\u0131n\u0131n bozuklu\u011funa dair ilgili bran\u015ftan raporun oldu\u011fu ve hem cinsel istismara u\u011frayan hem de annesi taraf\u0131ndan desteklenen bir \u00e7ocukta bilimsel verilere g\u00f6re ruh sa\u011fl\u0131\u011f\u0131n\u0131n bozulmamas\u0131 m\u00fcmk\u00fcn g\u00f6r\u00fclmemektedir. Bu y\u00f6ndeki tespit ve de\u011ferlendirmelerimi kurul \u00fcyelerine bildirmemden itibaren ba\u015fta ma\u011fdureye ruh sa\u011fl\u0131\u011f\u0131 bozulmam\u0131\u015f raporu veren eski kuru \u00fcyeleri ve Adli T\u0131p&#8217;ta \u00e7al\u0131\u015fan bir\u00e7ok \u00fcye ve y\u00f6netici taraf\u0131ndan ele\u015ftirilere ve y\u0131pratmalara maruz kalmaktay\u0131m.<\/p>\n<p style=\"text-align: justify;\"><strong>Adalet yan\u0131l\u0131yor<\/strong><\/p>\n<p style=\"text-align: justify;\">Bu ortamda genel kurula girip vakay\u0131 sa\u011fl\u0131kl\u0131 bir \u015fekilde de\u011ferlendirmem m\u00fcmk\u00fcn olmayacakt\u0131r. Tek \u00e7ocuk psikiyatrist ve 40 kadar konu d\u0131\u015f\u0131nda bran\u015f hekiminin karar verdi\u011fi genel kuruldan ma\u011fdurenin ruh sa\u011fl\u0131\u011f\u0131n\u0131n bozulmad\u0131\u011f\u0131 \u015feklinde rapor \u00e7\u0131kart\u0131laca\u011f\u0131 izlenimindeyim. Bu y\u00f6ndeki raporlar\u0131n adaletin yan\u0131lmas\u0131na sebep oldu\u011fu a\u00e7\u0131k\u00e7a g\u00f6r\u00fclmektedir.<\/p>\n<p style=\"text-align: justify;\"><strong>Aynal\u0131 oda istemediler<\/strong><\/p>\n<p style=\"text-align: justify;\">\u00c7ocu\u011fun tekrar tekrar \u00f6rselenmemesini \u00f6nlemek i\u00e7in ayr\u0131 bir odada \u00e7ocuk psikiyatrisi uzman\u0131 ile muayenesinin yap\u0131lmas\u0131 gerekmektedir. Sistem de\u011fi\u015fikli\u011fi yapmak istemeyen \u00fcyelerlerle aramdaki tart\u0131\u015fmalar k\u0131r\u0131c\u0131 boyutlara ula\u015ft\u0131. Eski sistemdeki gibi 15-20 ki\u015finin ortas\u0131nda muayene edilmesi ya da \u00e7ocu\u011fun muyane edildi\u011fi odaya uzmanl\u0131k alanlar\u0131 farkl\u0131 olan 7 kurul \u00fcyesinin istedi\u011fi zaman girip \u00e7ocu\u011fa istedi\u011fi soruyu sormas\u0131n\u0131n sa\u011flanmas\u0131 talep edildi. 6.\u0130htisas Kurulu Ba\u015fkan\u0131 Prof.Dr.Mert Savrun ve Do\u00e7.Dr.\u00dcmit G\u00fcndo\u011fmu\u015f, aynal\u0131 oda muayene sisteminin kanuna ayk\u0131r\u0131 oldu\u011funu, di\u011fer uzmanlar\u0131n da odaya girip istedi\u011fi soruyu sorabileceklerini s\u00f6ylediler.<\/p>\n<p style=\"text-align: justify;\"><strong>10 kez genital muayene <\/strong><\/p>\n<p style=\"text-align: justify;\">Yasalarda \u00e7ocuklar\u0131n s\u00fcrekli ifade vermesinin \u00f6n\u00fcne ge\u00e7ilmektedir. Fakat uygulamada ma\u011fdur \u00e7ocuklar bazen 6-7 kez \u00e7ocuk ruh sa\u011fl\u0131\u011f\u0131 uzman\u0131 olmayan ki\u015filere g\u00f6nderilmekte, en son ise kuruma yollanmaktad\u0131r. Bir cinsel istismar olay\u0131nda \u00e7ocuk 10&#8217;a yak\u0131n kez genital ve ruhsal muayeneye g\u00f6nderilmi\u015ftir. \u0130nsan haklar\u0131na ayk\u0131r\u0131 bi\u00e7imde yap\u0131lan bu uygulamalara son verilmelidir.<\/p>\n<p style=\"text-align: justify;\"><strong>Yine psikiyatristi olmayan heyetin kar\u015f\u0131s\u0131na \u00e7\u0131kt\u0131<\/strong><\/p>\n<p style=\"text-align: justify;\">Yazar H\u00fcseyin \u00dczmez&#8217;in cinsel istismar\u0131na u\u011frad\u0131\u011f\u0131 \u00f6ne s\u00fcr\u00fclen B.\u00c7, Adli T\u0131p Kurumu Genel Kurulu&#8217;nda muayeneden ge\u00e7irilmek \u00fczere \u0130stanbul&#8217;a g\u00f6t\u00fcr\u00fcld\u00fc. Bursa 4. A\u011f\u0131r Ceza Mahkemesi&#8217;nin, &#8220;San\u0131k H\u00fcseyin \u00dczmez taraf\u0131ndan kendisine kar\u015f\u0131 i\u015flendi\u011fi iddia olunan fiilden dolay\u0131 T\u00fcrk Ceza Kanunu&#8217;nun (TCK) 103\/6. maddesi a\u00e7\u0131s\u0131ndan beden ve ruh sa\u011fl\u0131\u011f\u0131n\u0131n bozulup bozulmad\u0131\u011f\u0131 y\u00f6n\u00fcnde&#8221; Adli T\u0131p Kurumu Genel Kurulu&#8217;ndan hakk\u0131nda rapor istedi\u011fi 14 ya\u015f\u0131ndaki B.\u00c7, bar\u0131nd\u0131\u011f\u0131 Sosyal Hizmetler M\u00fcd\u00fcrl\u00fc\u011f\u00fc&#8217;ne ba\u011fl\u0131 yurttan al\u0131narak \u00f6nce Bursa Adliye Saray\u0131&#8217;na getirildi. Ma\u011fdur \u00e7ocuk, adliyedeki i\u015flemlerin ard\u0131ndan sosyal hizmet uzmanlar\u0131 taraf\u0131ndan feribotla \u0130stanbul&#8217;a, oradan da Adli T\u0131p Kurumu&#8217;na sevk edildi. B.\u00c7, Adli T\u0131p kurumunda g\u00f6r\u00fc\u015fmeye tek ba\u015f\u0131na al\u0131nd\u0131\u011f\u0131 \u00f6\u011frenildi.<\/p>\n<p style=\"text-align: justify;\"><strong>&#8216;Kay\u0131r\u0131lan vakalar var&#8217; <\/strong><\/p>\n<p style=\"text-align: justify;\">DO\u00c7. ERDO\u011eAN \u015fu iddialarda bulundu: Kurul muayeneleri haftan\u0131n her g\u00fcn\u00fc b\u00fct\u00fcn g\u00fcn devam etmesine ra\u011fmen Kurul Ba\u015fkan\u0131 Prof. Dr. Mert Savrun 3 yar\u0131m g\u00fcn gelmekte. Bu da ba\u015fka bir soruna yol a\u00e7m\u0131\u015ft\u0131r. Muayene salonunda 10-15 ki\u015fi bulunmakta ben onlar\u0131n ortas\u0131nda ma\u011fdur \u00e7ocuklar\u0131n anne babas\u0131n\u0131 muayene ederken kimi sohbet etmekte, kimi g\u00fcl\u00fc\u015fmektedir. Kurulda tek \u00e7ocuk psikiyatrisi olmas\u0131 dosyalar\u0131n titizlikle de\u011ferlendirilmesini engelleyerek ve vakalarda hatal\u0131 karar verilmesi tehlikesini ortaya \u00e7\u0131karmaktad\u0131r. Randevulu olanlar\u0131n d\u0131\u015f\u0131nda her g\u00fcn 5-10 \u00e7ocuk vakas\u0131 randevu almadan, birilerinin istedi\u011fi \u00fczerine muayeneye eklenmeye ba\u015flanm\u0131\u015ft\u0131r. Bu durum baz\u0131 kayr\u0131lan vakalar\u0131n araya sokulmas\u0131 tehlikesini de do\u011furmaktad\u0131r.<\/p>\n<p style=\"text-align: justify;\"><span style=\"color: #888888;\">Kaynak : Vatan<\/span><\/p>\n","protected":false},"excerpt":{"rendered":"<p style=\"text-align: center;\">\n<p style=\"text-align: justify;\">\u00dczmez&#8217;in taciz etti\u011fi B.\u00c7.&#8217;yi dinleyecek psikiyatrist Kurul&#8217;u su\u00e7lay\u0131p istifa etti.<\/p>\n<p style=\"text-align: justify;\">4 ay \u00f6nce g\u00f6reve gelen Do\u00e7. Dr. Ayten Erdo\u011fan, \u00dczmez davas\u0131n\u0131n ma\u011fduru 14 ya\u015f\u0131ndaki B.\u00c7. i\u00e7in Genel Kurul&#8217;un yine ruh sa\u011fl\u0131\u011f\u0131 bozulmam\u0131\u015f y\u00f6n\u00fcnde rapor verecek olmas\u0131na tepki g\u00f6sterip g\u00f6revinden istifa etti<\/p>\n<p style=\"text-align: justify;\">Vakit yazar\u0131 H\u00fcseyin \u00dczmez (76) <\/p>\n","protected":false},"author":1,"featured_media":0,"comment_status":"open","ping_status":"closed","sticky":false,"template":"","format":"standard","meta":{"footnotes":""},"categories":[105],"tags":[],"class_list":["post-8313","post","type-post","status-publish","format-standard","hentry","category-gundem","odd"],"_links":{"self":[{"href":"http:\/\/www.korhanyilmaz.com\/index.php?rest_route=\/wp\/v2\/posts\/8313","targetHints":{"allow":["GET"]}}],"collection":[{"href":"http:\/\/www.korhanyilmaz.com\/index.php?rest_route=\/wp\/v2\/posts"}],"about":[{"href":"http:\/\/www.korhanyilmaz.com\/index.php?rest_route=\/wp\/v2\/types\/post"}],"author":[{"embeddable":true,"href":"http:\/\/www.korhanyilmaz.com\/index.php?rest_route=\/wp\/v2\/users\/1"}],"replies":[{"embeddable":true,"href":"http:\/\/www.korhanyilmaz.com\/index.php?rest_route=%2Fwp%2Fv2%2Fcomments&post=8313"}],"version-history":[{"count":0,"href":"http:\/\/www.korhanyilmaz.com\/index.php?rest_route=\/wp\/v2\/posts\/8313\/revisions"}],"wp:attachment":[{"href":"http:\/\/www.korhanyilmaz.com\/index.php?rest_route=%2Fwp%2Fv2%2Fmedia&parent=8313"}],"wp:term":[{"taxonomy":"category","embeddable":true,"href":"http:\/\/www.korhanyilmaz.com\/index.php?rest_route=%2Fwp%2Fv2%2Fcategories&post=8313"},{"taxonomy":"post_tag","embeddable":true,"href":"http:\/\/www.korhanyilmaz.com\/index.php?rest_route=%2Fwp%2Fv2%2Ftags&post=8313"}],"curies":[{"name":"wp","href":"https:\/\/api.w.org\/{rel}","templated":true}]}}