{"id":8299,"date":"2009-04-16T15:04:19","date_gmt":"2009-04-16T12:04:19","guid":{"rendered":"http:\/\/www.korhanyilmaz.com\/?p=8299"},"modified":"2009-04-16T15:04:19","modified_gmt":"2009-04-16T12:04:19","slug":"sillik-davasi","status":"publish","type":"post","link":"http:\/\/www.korhanyilmaz.com\/?p=8299","title":{"rendered":"\u015e\u0131ll\u0131k davas\u0131"},"content":{"rendered":"<p style=\"text-align: center;\"><img loading=\"lazy\" decoding=\"async\" class=\"aligncenter size-full wp-image-8300\" title=\"\u015e\u0131ll\u0131k davas\u0131\" src=\"http:\/\/www.korhanyilmaz.com\/wp-content\/uploads\/2009\/04\/170420090655070871576.jpg\" alt=\"\u015e\u0131ll\u0131k davas\u0131\" width=\"329\" height=\"210\" \/><\/p>\n<p style=\"text-align: justify;\"><strong>G\u00f6k\u00e7ek, &#8220;Melih daha \u015f\u0131ll\u0131kt\u0131r&#8221; diyen AKP&#8217;li Dengir Mir Mehmet F\u0131rat&#8217;a 50 bin TL&#8217;lik tazminat davas\u0131 a\u00e7t\u0131<\/strong><\/p>\n<p style=\"text-align: justify;\">AKP&#8217;li Ankara B\u00fcy\u00fck\u015fehir Belediye Ba\u015fkan\u0131 Melih G\u00f6k\u00e7ek ile AKP Adana Milletvekili Dengir Mir Mehmet F\u0131rat mahkemelik oldu. Nedeni ise CHP&#8217;li Kemal K\u0131l\u0131\u00e7daro\u011flu!<\/p>\n<p style=\"text-align: justify;\">\u015e\u00f6yle ki&#8230; G\u00f6k\u00e7ek ile CHP&#8217;li K\u0131l\u0131\u00e7daro\u011flu 17 Aral\u0131k 2008&#8217;de canl\u0131 yay\u0131nda tart\u0131\u015ft\u0131. Kamuoyunun merakla bekledi\u011fi tart\u0131\u015fmay\u0131 U\u011fur D\u00fcndar y\u00f6netti. AKP&#8217;li F\u0131rat da tart\u0131\u015fma \u00f6ncesi bir televizyon kanal\u0131n\u0131n muhabirinin, &#8220;K\u0131l\u0131\u00e7daro\u011flu mu, yoksa G\u00f6k\u00e7ek mi galip \u00e7\u0131kacakt\u0131r&#8221; \u015feklindeki sorusuna &#8220;Valla Melih daha \u015f\u0131ll\u0131kt\u0131r, Melih PKK&#8217;dan girer, PKK&#8217;dan \u00e7\u0131kar&#8221; dedi. \u0130\u015fte bu a\u00e7\u0131klama nedeniyle G\u00f6k\u00e7ek, F\u0131rat&#8217;a 50 bin TL istemiyle tazminat davas\u0131 a\u00e7t\u0131. <!--more--><\/p>\n<p style=\"text-align: justify;\">Ankara 10. Asliye Hukuk Mahkemesi&#8217;ne a\u00e7\u0131lan davan\u0131n dilek\u00e7esinde, AKP&#8217;li F\u0131rat&#8217;\u0131n, &#8220;Valla Melih daha \u015f\u0131ll\u0131kt\u0131r, Melih PKK&#8217;dan girer, PKK&#8217;dan \u00e7\u0131kar&#8221; dedi\u011fi kaydedildi ve \u015f\u00f6yle dendi: &#8220;Milletvekilleri kamuoyuna \u00f6rnek olmal\u0131d\u0131r. Bu s\u00f6zc\u00fckleri de\u011fil milletvekili, normal zeka seviyesindeki vatanda\u015flar dahi kullanmaktan \u00f6zenle ka\u00e7\u0131n\u0131r. Kanun yapan, toplumu y\u00f6neten, toplumu temsil eden insanlar\u0131n, temsil etti\u011fi topluma, gerek etik de\u011ferlere ba\u011fl\u0131l\u0131k ve gerekse yasalara sayg\u0131 noktas\u0131nda, s\u00f6z ve davran\u0131\u015flar\u0131yla \u00f6rnek olmak durumundad\u0131rlar. G\u00f6zard\u0131 eden ki\u015fi hem hukuk\u00e7udur, hem de milletvekilidir. Ayn\u0131 \u00e7at\u0131 alt\u0131nda siyaset yapt\u0131\u011f\u0131 ki\u015fiye pervas\u0131zca sald\u0131ran ki\u015finin, eylemindeki kast\u0131n yo\u011funlu\u011fu tart\u0131\u015fmas\u0131zd\u0131r.&#8221;<\/p>\n<p style=\"text-align: justify;\"><strong>\u015e\u0131ll\u0131k ne demek?<\/strong><\/p>\n<p style=\"text-align: justify;\">&#8220;\u015e\u0131ll\u0131k&#8221; s\u00f6zc\u00fc\u011f\u00fcn\u00fcn &#8220;hafif me\u015frep kad\u0131n, a\u015f\u0131r\u0131 boyanm\u0131\u015f, yosma&#8221; anlam\u0131nda oldu\u011fu savunulan dilek\u00e7ede, F\u0131rat&#8217;\u0131n G\u00f6k\u00e7ek&#8217;e s\u00f6vd\u00fc\u011f\u00fc ve &#8220;Melih PKK&#8217;dan girer, genelevden \u00e7\u0131kar&#8221; diyerek de G\u00f6k\u00e7ek&#8217;i a\u015fa\u011f\u0131lad\u0131\u011f\u0131 ileri s\u00fcr\u00fcld\u00fc. F\u0131rat&#8217;\u0131n, G\u00f6k\u00e7ek&#8217;in insanlar\u0131n yararlanaca\u011f\u0131 bilgiler vermeyip, mugalata (yan\u0131ltmak) yapaca\u011f\u0131n\u0131 ima etti\u011fi belirtilen dilek\u00e7ede, &#8220;Sorumluluk ta\u015f\u0131yan vekil bu s\u00f6zleri sarfetmez&#8221; g\u00f6r\u00fc\u015f\u00fc savunuldu.<\/p>\n<p style=\"text-align: justify;\"><strong>\u015eahin: Pi\u015fmanl\u0131k&#8217;tan yararlanma kap\u0131s\u0131 a\u00e7\u0131kt\u0131r<\/strong><\/p>\n<p style=\"text-align: justify;\">ANKARA &#8211; Adalet Bakan\u0131 Mehmet Ali \u015eahin, TCK&#8217;n\u0131n etkin pi\u015fmanl\u0131kla ilgili maddesinin hala y\u00fcr\u00fcrl\u00fckte oldu\u011funu s\u00f6yledi. Gazetecilerin sorular\u0131n\u0131 yan\u0131tlayan \u015eahin, Genelkurmay Ba\u015fkan\u0131 Org. \u0130lker Ba\u015fbu\u011f&#8217;un a\u00e7\u0131klamalar\u0131n\u0131n ard\u0131ndan TCK&#8217;n\u0131n 221. maddesine ili\u015fkin de\u011ferlendirmeleri hat\u0131rlatan bir gazetecinin, &#8220;Bas\u0131nda, 221. maddede de\u011fi\u015fiklik yap\u0131laca\u011f\u0131 haberleri var&#8221; demesi \u00fczerine, \u015funlar\u0131 s\u00f6yledi:<\/p>\n<p style=\"text-align: justify;\">&#8220;B\u00f6yle bir konunun Adalet Bakanl\u0131\u011f\u0131 olarak \u015fu an itibar\u0131yla g\u00fcndemimizde olmad\u0131\u011f\u0131n\u0131 \u0130stanbul&#8217;da da ifade etmi\u015ftim. Genelkurmay Ba\u015fkan\u0131m\u0131z, bas\u0131n toplant\u0131s\u0131nda bu konuyla ilgili de g\u00f6r\u00fc\u015flerini kamuoyuyla payla\u015ft\u0131. Ancak biz, H\u00fck\u00fcmet olarak bu t\u00fcr \u00f6nemli konular\u0131, bas\u0131n arac\u0131l\u0131\u011f\u0131yla konu\u015fmay\u0131z. Genelkurmay Ba\u015fkan\u0131m\u0131z ve Silahl\u0131 Kuvvetlerimizin yetkilileri ile bir araya geldi\u011fimiz \u00f6nemli kurullar\u0131m\u0131z var. Burada tart\u0131\u015f\u0131r\u0131z.&#8221;<\/p>\n<p style=\"text-align: justify;\">\u015eahin, &#8220;Sizce etkin pi\u015fmanl\u0131\u011f\u0131n uygulamas\u0131nda bir sorun var m\u0131?&#8221; sorusuna da \u015f\u00f6yle yan\u0131tlad\u0131:<\/p>\n<p style=\"text-align: justify;\">&#8220;Bu maddeden yararlanan ter\u00f6r \u00f6rg\u00fct\u00fc mensuplar\u0131 var. Say\u0131n\u0131n azl\u0131\u011f\u0131 ele\u015ftirilebilir. \u015eu anda bile bu maddeden yararlanma kap\u0131s\u0131 a\u00e7\u0131kt\u0131r. Yeniden de\u011ferlendirilip de\u011ferlendirilmeyece\u011fi konusu, tek ba\u015f\u0131ma verece\u011fim bir karar de\u011fildir.&#8221;<\/p>\n<p style=\"text-align: justify;\"><span style=\"color: #888888;\">Kaynak : Vatan<\/span><\/p>\n","protected":false},"excerpt":{"rendered":"<p style=\"text-align: center;\">\n<p style=\"text-align: justify;\">G\u00f6k\u00e7ek, &#8220;Melih daha \u015f\u0131ll\u0131kt\u0131r&#8221; diyen AKP&#8217;li Dengir Mir Mehmet F\u0131rat&#8217;a 50 bin TL&#8217;lik tazminat davas\u0131 a\u00e7t\u0131<\/p>\n<p style=\"text-align: justify;\">AKP&#8217;li Ankara B\u00fcy\u00fck\u015fehir Belediye Ba\u015fkan\u0131 Melih G\u00f6k\u00e7ek ile AKP Adana Milletvekili Dengir Mir Mehmet F\u0131rat mahkemelik oldu. Nedeni ise CHP&#8217;li Kemal K\u0131l\u0131\u00e7daro\u011flu!<\/p>\n<p style=\"text-align: justify;\">\u015e\u00f6yle ki&#8230; G\u00f6k\u00e7ek ile CHP&#8217;li K\u0131l\u0131\u00e7daro\u011flu 17 Aral\u0131k <\/p>\n","protected":false},"author":1,"featured_media":0,"comment_status":"open","ping_status":"closed","sticky":false,"template":"","format":"standard","meta":{"footnotes":""},"categories":[105],"tags":[],"class_list":["post-8299","post","type-post","status-publish","format-standard","hentry","category-gundem","odd"],"_links":{"self":[{"href":"http:\/\/www.korhanyilmaz.com\/index.php?rest_route=\/wp\/v2\/posts\/8299","targetHints":{"allow":["GET"]}}],"collection":[{"href":"http:\/\/www.korhanyilmaz.com\/index.php?rest_route=\/wp\/v2\/posts"}],"about":[{"href":"http:\/\/www.korhanyilmaz.com\/index.php?rest_route=\/wp\/v2\/types\/post"}],"author":[{"embeddable":true,"href":"http:\/\/www.korhanyilmaz.com\/index.php?rest_route=\/wp\/v2\/users\/1"}],"replies":[{"embeddable":true,"href":"http:\/\/www.korhanyilmaz.com\/index.php?rest_route=%2Fwp%2Fv2%2Fcomments&post=8299"}],"version-history":[{"count":0,"href":"http:\/\/www.korhanyilmaz.com\/index.php?rest_route=\/wp\/v2\/posts\/8299\/revisions"}],"wp:attachment":[{"href":"http:\/\/www.korhanyilmaz.com\/index.php?rest_route=%2Fwp%2Fv2%2Fmedia&parent=8299"}],"wp:term":[{"taxonomy":"category","embeddable":true,"href":"http:\/\/www.korhanyilmaz.com\/index.php?rest_route=%2Fwp%2Fv2%2Fcategories&post=8299"},{"taxonomy":"post_tag","embeddable":true,"href":"http:\/\/www.korhanyilmaz.com\/index.php?rest_route=%2Fwp%2Fv2%2Ftags&post=8299"}],"curies":[{"name":"wp","href":"https:\/\/api.w.org\/{rel}","templated":true}]}}