{"id":8294,"date":"2009-04-17T08:09:09","date_gmt":"2009-04-17T05:09:09","guid":{"rendered":"http:\/\/www.korhanyilmaz.com\/?p=8294"},"modified":"2009-04-17T08:09:09","modified_gmt":"2009-04-17T05:09:09","slug":"ispatlamazsaniz-serefsizsiniz","status":"publish","type":"post","link":"http:\/\/www.korhanyilmaz.com\/?p=8294","title":{"rendered":"&#039;\u0130spatlamazsan\u0131z \u015ferefsizsiniz&#039;"},"content":{"rendered":"<p style=\"text-align: center;\"><img loading=\"lazy\" decoding=\"async\" class=\"aligncenter size-full wp-image-8295\" title=\" '\u0130spatlamazsan\u0131z \u015ferefsizsiniz' \" src=\"http:\/\/www.korhanyilmaz.com\/wp-content\/uploads\/2009\/04\/170420090625328600280.jpg\" alt=\" '\u0130spatlamazsan\u0131z \u015ferefsizsiniz' \" width=\"329\" height=\"210\" \/><\/p>\n<p style=\"text-align: justify;\"><strong>Hasan Celal G\u00fczel ve Deniz Som, Siyaset Meydan\u0131&#8217;nda  birbirine girdi!<\/strong><\/p>\n<p style=\"text-align: justify;\">Cumhuriyet&#8217;ten Deniz Som, Hasan Celal G\u00fczel&#8217;e \u015ferefsizsin dedi, ekranda k\u0131yamet koptu.<\/p>\n<p style=\"text-align: justify;\">Siyaset Meydan\u0131&#8217;na konuk olan Cumhuriyet Gazetesi yazar\u0131 Deniz Som, Radikal Gazetesi yazar\u0131 Hasan Celal G\u00fczel, canl\u0131 yay\u0131nda sert bir tart\u0131\u015fmaya giri\u015fti.<!--more--><\/p>\n<p style=\"text-align: justify;\">Som, G\u00fczel i\u00e7in &#8220;Darbecilerin m\u00fcste\u015far\u0131s\u0131n\u0131z. Ba\u015fbakan\u0131n\u0131z askere selam durdu. Darbecilerin Ba\u015fbakan\u0131&#8221; deyince Hasan Celal G\u00fczel sinirlendi ve kendisinin 12 Eyl\u00fcl darbesi d\u00f6neminde hapse at\u0131ld\u0131\u011f\u0131n\u0131 ve \u00d6zal&#8217;\u0131n da aln\u0131n\u0131n ak\u0131 ile milletinin oyu ile ile tek ba\u015f\u0131na iktidara geldi\u011fini hat\u0131rlatt\u0131. G\u00fczel, darbe d\u00f6nemlerinde ise Cumhuriyet Gazetesi&#8217;nin demokrat duru\u015f sergilemedi\u011fini iddia edince Som, G\u00fczel&#8217;e &#8220;\u0130spatlamazsan\u0131z \u015ferefsizsiniz&#8221; diyerek yan\u0131t verdi.<\/p>\n<p style=\"text-align: justify;\">Bu s\u00f6z G\u00fczel&#8217;i \u00e7\u0131ld\u0131rtmaya yetti. G\u00fczel, Som&#8217;a &#8220;Sizsiniz \u015ferefsiz. Al\u00e7aks\u0131n\u0131z&#8221; diyerek kar\u015f\u0131l\u0131k verdi.<\/p>\n<p style=\"text-align: justify;\"><span style=\"color: #888888;\">Kaynak : Vatan<\/span><\/p>\n","protected":false},"excerpt":{"rendered":"<p style=\"text-align: center;\">\n<p style=\"text-align: justify;\">Hasan Celal G\u00fczel ve Deniz Som, Siyaset Meydan\u0131&#8217;nda birbirine girdi!<\/p>\n<p style=\"text-align: justify;\">Cumhuriyet&#8217;ten Deniz Som, Hasan Celal G\u00fczel&#8217;e \u015ferefsizsin dedi, ekranda k\u0131yamet koptu.<\/p>\n<p style=\"text-align: justify;\">Siyaset Meydan\u0131&#8217;na konuk olan Cumhuriyet Gazetesi yazar\u0131 Deniz Som, Radikal Gazetesi yazar\u0131 Hasan Celal G\u00fczel, canl\u0131 yay\u0131nda sert bir tart\u0131\u015fmaya giri\u015fti.<\/p>\n","protected":false},"author":1,"featured_media":0,"comment_status":"open","ping_status":"closed","sticky":false,"template":"","format":"standard","meta":{"footnotes":""},"categories":[105],"tags":[],"class_list":["post-8294","post","type-post","status-publish","format-standard","hentry","category-gundem","odd"],"_links":{"self":[{"href":"http:\/\/www.korhanyilmaz.com\/index.php?rest_route=\/wp\/v2\/posts\/8294","targetHints":{"allow":["GET"]}}],"collection":[{"href":"http:\/\/www.korhanyilmaz.com\/index.php?rest_route=\/wp\/v2\/posts"}],"about":[{"href":"http:\/\/www.korhanyilmaz.com\/index.php?rest_route=\/wp\/v2\/types\/post"}],"author":[{"embeddable":true,"href":"http:\/\/www.korhanyilmaz.com\/index.php?rest_route=\/wp\/v2\/users\/1"}],"replies":[{"embeddable":true,"href":"http:\/\/www.korhanyilmaz.com\/index.php?rest_route=%2Fwp%2Fv2%2Fcomments&post=8294"}],"version-history":[{"count":0,"href":"http:\/\/www.korhanyilmaz.com\/index.php?rest_route=\/wp\/v2\/posts\/8294\/revisions"}],"wp:attachment":[{"href":"http:\/\/www.korhanyilmaz.com\/index.php?rest_route=%2Fwp%2Fv2%2Fmedia&parent=8294"}],"wp:term":[{"taxonomy":"category","embeddable":true,"href":"http:\/\/www.korhanyilmaz.com\/index.php?rest_route=%2Fwp%2Fv2%2Fcategories&post=8294"},{"taxonomy":"post_tag","embeddable":true,"href":"http:\/\/www.korhanyilmaz.com\/index.php?rest_route=%2Fwp%2Fv2%2Ftags&post=8294"}],"curies":[{"name":"wp","href":"https:\/\/api.w.org\/{rel}","templated":true}]}}