{"id":8290,"date":"2009-04-16T16:50:12","date_gmt":"2009-04-16T13:50:12","guid":{"rendered":"http:\/\/www.korhanyilmaz.com\/?p=8290"},"modified":"2009-04-16T16:50:12","modified_gmt":"2009-04-16T13:50:12","slug":"gul%e2%80%99un-gorev-suresinde-akp%e2%80%99de-kafalar-karisik","status":"publish","type":"post","link":"http:\/\/www.korhanyilmaz.com\/?p=8290","title":{"rendered":"G\u00fcl\u2019\u00fcn g\u00f6rev s\u00fcresinde AKP\u2019de kafalar kar\u0131\u015f\u0131k!"},"content":{"rendered":"<p style=\"text-align: center;\"><img loading=\"lazy\" decoding=\"async\" class=\"aligncenter size-full wp-image-8291\" title=\"G\u00fcl\u2019\u00fcn g\u00f6rev s\u00fcresinde AKP\u2019de kafalar kar\u0131\u015f\u0131k! \" src=\"http:\/\/www.korhanyilmaz.com\/wp-content\/uploads\/2009\/04\/170420090516470397281.jpg\" alt=\"G\u00fcl\u2019\u00fcn g\u00f6rev s\u00fcresinde AKP\u2019de kafalar kar\u0131\u015f\u0131k! \" width=\"329\" height=\"210\" \/><\/p>\n<p style=\"text-align: justify;\"><strong>Toptan, Cumhurba\u015fkan\u0131&#8217;n\u0131n 5, vekillerin de 4 y\u0131l g\u00f6rev yapaca\u011f\u0131n\u0131 savunurken, AKP&#8217;li Bozda\u011f 7 y\u0131l dedi<\/strong>.<\/p>\n<p style=\"text-align: justify;\">MECL\u0130S Ba\u015fkan\u0131 K\u00f6ksal Toptan&#8217;\u0131n \u00f6nceki &#8220;Cumhurba\u015fkan\u0131&#8217;n\u0131n g\u00f6rev s\u00fcresi 5, bizim de 4 y\u0131l&#8221; a\u00e7\u0131klamas\u0131, referandumla kabul edilen Cumhurba\u015fkanl\u0131\u011f\u0131 ve TBMM se\u00e7imlerine ili\u015fkin anayasa de\u011fi\u015fikliklerinin, bu de\u011fi\u015fiklikler \u00f6ncesi se\u00e7ilen milletvekilleri ve Cumhurba\u015fkan\u0131 Abdullah G\u00fcl&#8217;\u00fcn g\u00f6rev s\u00fcresini nas\u0131l etkileyece\u011fi tart\u0131\u015fmalar\u0131n\u0131 yeniden alevlendirdi. VATAN&#8217;\u0131n konuya ili\u015fkin sorular\u0131na verilen yan\u0131tlar ve g\u00f6rev s\u00fcreleriyle ilgili yapt\u0131klar\u0131 farkl\u0131 yorumlar, AKP&#8217;de bu konuda kafalar\u0131n kar\u0131\u015f\u0131k oldu\u011funu ortaya koydu. <!--more--><\/p>\n<p style=\"text-align: justify;\"><strong>Konu raftan indi <\/strong><\/p>\n<p style=\"text-align: justify;\">21 Ekim 2007&#8217;de ger\u00e7ekle\u015ftirilen referandumla Cumhurba\u015fkan\u0131&#8217;n\u0131n halk taraf\u0131ndan 5+5 esas\u0131yla se\u00e7ilmesi, TBMM&#8217;nin se\u00e7im d\u00f6neminin de 5 y\u0131ldan 4 y\u0131la indirilmesine ili\u015fkin Anayasa de\u011fi\u015fiklikleri kabul edildi. Referandumun hemen ard\u0131ndan bu Anayasa de\u011fi\u015fikliklerinin, mevcut Cumhurba\u015fkan\u0131 ve milletvekillerinin g\u00f6rev s\u00fcrelerini nas\u0131l etkileyece\u011fi tart\u0131\u015fma konusu oldu. Ancak T\u00fcrkiye g\u00fcndeminin yo\u011funlu\u011fu, bu tart\u0131\u015fmalar\u0131 k\u0131sa s\u00fcre sonra rafa kald\u0131rd\u0131. Toptan&#8217;\u0131n \u00f6nceki g\u00fcn kat\u0131ld\u0131\u011f\u0131 resepsiyonda, konunun biran \u00f6nce a\u00e7\u0131kl\u0131\u011fa kavu\u015fturulmas\u0131 i\u00e7in yasal d\u00fczenleme yap\u0131lmas\u0131 \u00e7a\u011fr\u0131s\u0131nda bulunmas\u0131 ise, &#8220;g\u00f6rev s\u00fcresi tart\u0131\u015fmas\u0131n\u0131n&#8221; yeniden raftan indirilmesine yol a\u00e7t\u0131. Toptan, TBMM se\u00e7imleri i\u00e7in YSK&#8217;n\u0131n tarih vermesi gerekti\u011fi, bunun i\u00e7in gerekirse Meclis&#8217;in de kurula ba\u015fvurabilece\u011fini belirtirken, ki\u015fisel olarak mevcut milletvekillerinin g\u00f6rev s\u00fcresinin 4, Cumhurba\u015fkan\u0131n\u0131n g\u00f6rev s\u00fcresinin de 5 y\u0131l oldu\u011funu d\u00fc\u015f\u00fcnd\u00fc\u011f\u00fcn\u00fc s\u00f6yledi. Toptan, kafa kar\u0131\u015f\u0131kl\u0131\u011f\u0131n\u0131 gidermek i\u00e7in de &#8220;Orada mevcutlara ili\u015fkin bir h\u00fck\u00fcm konulur. Cumhurba\u015fkan\u0131 i\u00e7in 5 dersek bizim s\u00fcre 4, Cumhurba\u015fkan\u0131 i\u00e7in 7 y\u0131l dersek de 5 y\u0131l olur. Bu konu yasada netle\u015ftirilmezse, o zaman h\u00fckm\u00fc YSK verir&#8221; dedi. Toptan bu nedenle erken diye d\u00fc\u015f\u00fcn\u00fclmeden, Cumhurba\u015fkanl\u0131\u011f\u0131 se\u00e7imiyle ilgili yasan\u0131n \u00e7\u0131kart\u0131lmas\u0131n\u0131 istedi.<\/p>\n<p style=\"text-align: justify;\"><strong>&#8216;YSK&#8217;ya b\u0131rakmay\u0131z&#8217; <\/strong><\/p>\n<p style=\"text-align: justify;\">Toptan&#8217;\u0131n bir an \u00f6nce yasal d\u00fczenleme yap\u0131lmas\u0131na ili\u015fkin uyar\u0131s\u0131n\u0131 an\u0131msatt\u0131\u011f\u0131m\u0131z AKP&#8217;li \u00fcst d\u00fczey bir y\u00f6netici, &#8220;B\u00f6yle bir konuda inisiyatifi YSK&#8217;ye b\u0131rakmay\u0131z. Tart\u0131\u015fmay\u0131 sonland\u0131racak bir d\u00fczenleme mutlaka yapar\u0131z. Ancak \u015fu a\u015famada bu y\u00f6nde bir haz\u0131rl\u0131\u011f\u0131m\u0131z yok&#8221; bilgisini verdi. AKP&#8217;li kurmaylar\u0131n konuya ili\u015fkin de\u011ferlendirmeleri ise, se\u00e7im tarihleri ve g\u00f6rev s\u00fcreleriyle ilgili inisiyatifi YSK&#8217;ya b\u0131rakmayaca\u011f\u0131 anla\u015f\u0131lan iktidar grubunda, yap\u0131lacak yasal d\u00fczenlemenin i\u00e7eri\u011fine ili\u015fkin hen\u00fcz g\u00f6r\u00fc\u015f birli\u011finin olu\u015fmad\u0131\u011f\u0131n\u0131 ortaya koydu.<\/p>\n<p style=\"text-align: justify;\"><strong>&#8216;G\u00fcl de teredd\u00fct yok&#8217;<\/strong><\/p>\n<p style=\"text-align: justify;\">AKP Grup Ba\u015fkanvekili Bekir Bozda\u011f, VATAN&#8217;\u0131n konuya ili\u015fkin sorular\u0131n\u0131 yan\u0131tlarken, \u015funlar\u0131 s\u00f6yledi: &#8220;Milletvekillerinin g\u00f6rev s\u00fcresi tart\u0131\u015fmal\u0131. \u00c7\u00fcnk\u00fc Anayasa metninde &#8216;TBMM se\u00e7imleri&#8217;ifadesi yer al\u0131yor do\u011frudan milletvekili vurgulamas\u0131 yok. Ama Say\u0131n G\u00fcl &#8216;7 y\u0131ll\u0131\u011f\u0131na se\u00e7ilir&#8217;h\u00fckm\u00fcn\u00fc i\u00e7eren Anayasa maddesi y\u00fcr\u00fcrl\u00fckteyken Cumhurba\u015fkan\u0131 se\u00e7ildi. O ifade iktidar de\u011fi\u015fikliklerine ba\u011fl\u0131 olarak anayasa de\u011fi\u015fiklikleri yoluyla Cumhurba\u015fkanlar\u0131 konjonkt\u00fcre ba\u011fl\u0131 de\u011fi\u015ftirilmesin diye konulmu\u015f bir h\u00fck\u00fcmd\u00fcr. Bu \u00e7er\u00e7evede bana g\u00f6re hi\u00e7bir teredd\u00fct yok, Say\u0131n G\u00fcl 7 y\u0131l g\u00f6rev yapacak.&#8221;<\/p>\n<p style=\"text-align: justify;\">TBMM Adalet Komisyonu Ba\u015fkan\u0131 Ahmet \u0130yimaya da, T\u00fcrkiye&#8217;de &#8220;intikal hukuku&#8221; a\u00e7\u0131s\u0131ndan mevzuat ve i\u00e7tihat eksikli\u011fi oldu\u011funu, bunun da bu tip tart\u0131\u015fmalar\u0131n ya\u015fanmas\u0131na yol a\u00e7t\u0131\u011f\u0131n\u0131 belirtti. \u0130yimaya, Bozda\u011f ve Toptan&#8217;dan farkl\u0131 olarak, Anayasa de\u011fi\u015fikliklerinden \u00f6nce se\u00e7ilen milletvekilleri ve Cumhurba\u015fkan\u0131&#8217;n\u0131n bu de\u011fi\u015fikliklerden etkilenmeyece\u011fini belirterek, &#8220;Mevcut milletvekilleri i\u00e7in s\u00fcre 5, Cumhurba\u015fkan\u0131 i\u00e7in de 7 y\u0131ld\u0131r&#8221; dedi.<\/p>\n<p style=\"text-align: justify;\"><strong>Fransa uygulama i\u00e7in g\u00f6rev s\u00fcresini bekledi<\/strong><\/p>\n<p style=\"text-align: justify;\">Yedi y\u0131ll\u0131k devlet ba\u015fkanl\u0131\u011f\u0131 sistemi, ilk ortaya \u00e7\u0131kt\u0131\u011f\u0131 \u00fclke olan Fransa&#8217;da da tart\u0131\u015fmalara yol a\u00e7m\u0131\u015ft\u0131. 1995&#8217;te y\u00fczde 55 oy alarak yedi y\u0131ll\u0131\u011f\u0131na cumhurba\u015fkan\u0131 se\u00e7ilen Jacques Chirac, 2000 y\u0131l\u0131nda cumhurba\u015fkan\u0131n\u0131n g\u00f6rev s\u00fcresine ili\u015fkin anayasa de\u011fi\u015fikli\u011fi yap\u0131lmas\u0131 i\u00e7in \u00f6nayak oldu. Yap\u0131lan de\u011fi\u015fiklikle cumhurba\u015fkan\u0131n\u0131n g\u00f6rev s\u00fcresi 7 y\u0131ldan 5 y\u0131la indirildi ve iki d\u00f6nem \u00fcst \u00fcste se\u00e7ilebilmesine olanak tan\u0131nd\u0131. Ancak bu de\u011fi\u015fikli\u011fin uygulamaya girmesi i\u00e7in Chirac&#8217;\u0131n ilk g\u00f6rev s\u00fcresinin bitmesi beklendi. 2002&#8217;de yap\u0131lan se\u00e7imde Chirac tekrar se\u00e7ildi ve 2007&#8217;de bu g\u00f6revi Nicolas Sarkozy&#8217;ye devredene kadar cumhurba\u015fkanl\u0131\u011f\u0131 yapt\u0131.<\/p>\n<p style=\"text-align: justify;\"><span style=\"color: #888888;\">Kaynak : Vatan<\/span><\/p>\n<p style=\"text-align: justify;\">\n","protected":false},"excerpt":{"rendered":"<p style=\"text-align: center;\">\n<p style=\"text-align: justify;\">Toptan, Cumhurba\u015fkan\u0131&#8217;n\u0131n 5, vekillerin de 4 y\u0131l g\u00f6rev yapaca\u011f\u0131n\u0131 savunurken, AKP&#8217;li Bozda\u011f 7 y\u0131l dedi.<\/p>\n<p style=\"text-align: justify;\">MECL\u0130S Ba\u015fkan\u0131 K\u00f6ksal Toptan&#8217;\u0131n \u00f6nceki &#8220;Cumhurba\u015fkan\u0131&#8217;n\u0131n g\u00f6rev s\u00fcresi 5, bizim de 4 y\u0131l&#8221; a\u00e7\u0131klamas\u0131, referandumla kabul edilen Cumhurba\u015fkanl\u0131\u011f\u0131 ve TBMM se\u00e7imlerine ili\u015fkin anayasa de\u011fi\u015fikliklerinin, bu de\u011fi\u015fiklikler \u00f6ncesi se\u00e7ilen milletvekilleri ve Cumhurba\u015fkan\u0131 Abdullah G\u00fcl&#8217;\u00fcn <\/p>\n","protected":false},"author":1,"featured_media":0,"comment_status":"open","ping_status":"closed","sticky":false,"template":"","format":"standard","meta":{"footnotes":""},"categories":[105],"tags":[],"class_list":["post-8290","post","type-post","status-publish","format-standard","hentry","category-gundem","odd"],"_links":{"self":[{"href":"http:\/\/www.korhanyilmaz.com\/index.php?rest_route=\/wp\/v2\/posts\/8290","targetHints":{"allow":["GET"]}}],"collection":[{"href":"http:\/\/www.korhanyilmaz.com\/index.php?rest_route=\/wp\/v2\/posts"}],"about":[{"href":"http:\/\/www.korhanyilmaz.com\/index.php?rest_route=\/wp\/v2\/types\/post"}],"author":[{"embeddable":true,"href":"http:\/\/www.korhanyilmaz.com\/index.php?rest_route=\/wp\/v2\/users\/1"}],"replies":[{"embeddable":true,"href":"http:\/\/www.korhanyilmaz.com\/index.php?rest_route=%2Fwp%2Fv2%2Fcomments&post=8290"}],"version-history":[{"count":0,"href":"http:\/\/www.korhanyilmaz.com\/index.php?rest_route=\/wp\/v2\/posts\/8290\/revisions"}],"wp:attachment":[{"href":"http:\/\/www.korhanyilmaz.com\/index.php?rest_route=%2Fwp%2Fv2%2Fmedia&parent=8290"}],"wp:term":[{"taxonomy":"category","embeddable":true,"href":"http:\/\/www.korhanyilmaz.com\/index.php?rest_route=%2Fwp%2Fv2%2Fcategories&post=8290"},{"taxonomy":"post_tag","embeddable":true,"href":"http:\/\/www.korhanyilmaz.com\/index.php?rest_route=%2Fwp%2Fv2%2Ftags&post=8290"}],"curies":[{"name":"wp","href":"https:\/\/api.w.org\/{rel}","templated":true}]}}