{"id":8274,"date":"2009-04-15T11:33:06","date_gmt":"2009-04-15T08:33:06","guid":{"rendered":"http:\/\/www.korhanyilmaz.com\/?p=8274"},"modified":"2009-04-15T11:33:06","modified_gmt":"2009-04-15T08:33:06","slug":"operasyonu-dtp-pkk-baglantili-ifadesi-baslatmis","status":"publish","type":"post","link":"http:\/\/www.korhanyilmaz.com\/?p=8274","title":{"rendered":"Operasyonu &#039;DTP-PKK ba\u011flant\u0131l\u0131&#039; ifadesi ba\u015flatm\u0131\u015f"},"content":{"rendered":"<p style=\"text-align: center;\"><img loading=\"lazy\" decoding=\"async\" class=\"aligncenter size-full wp-image-8275\" title=\"Operasyonu 'DTP-PKK ba\u011flant\u0131l\u0131' ifadesi ba\u015flatm\u0131\u015f \" src=\"http:\/\/www.korhanyilmaz.com\/wp-content\/uploads\/2009\/04\/fft28_mf156342.jpeg\" alt=\"Operasyonu 'DTP-PKK ba\u011flant\u0131l\u0131' ifadesi ba\u015flatm\u0131\u015f \" width=\"306\" height=\"204\" \/><\/p>\n<p style=\"text-align: center;\">\n<p style=\"text-align: justify;\"><strong>2007&#8217;den beri s\u00fcren soru\u015fturmada son 4 ay telefonlar dinlenmi\u015f.<\/strong><\/p>\n<p style=\"text-align: justify;\">PKK&#8217;n\u0131n T\u00fcrkiye&#8217;deki yasad\u0131\u015f\u0131 faaliyetlerini y\u00f6netip y\u00fcr\u00fctt\u00fckleri ileri s\u00fcr\u00fclen ki\u015fi ve kurulu\u015flara y\u00f6nelik Diyarbak\u0131r merkezli yap\u0131lan ve DTP genel ba\u015fkan yard\u0131mlar\u0131n\u0131n da aralar\u0131nda bulundu\u011fu 51 ki\u015finin g\u00f6zalt\u0131ndaki soru\u015fturmalar\u0131 s\u00fcrerken, bu operasyonun ba\u015flamas\u0131na DTP&#8217;nin &#8216;Gen\u00e7lik Yap\u0131lanmas\u0131&#8217;nda yer alan Recep Sade&#8217;nin ifadelerinin neden oldu\u011fu ortaya \u00e7\u0131kt\u0131.<\/p>\n<p style=\"text-align: justify;\">PKK&#8217;n\u0131n T\u00fcrkiye&#8217;deki yasad\u0131\u015f\u0131 faaliyetlerini y\u00fcr\u00fctt\u00fckleri gerek\u00e7esiyle d\u00fcn sabah kar\u015f\u0131 Diyarbak\u0131r merkezli 12 ilde e\u015f zamanl\u0131 d\u00fczenlenen ve g\u00f6zalt\u0131na al\u0131nan, DTP Genel Ba\u015fkan Yard\u0131mc\u0131lar\u0131 Kamuran Y\u00fcksek, Bayram Altun, Selma Irmak&#8217;\u0131n da aralar\u0131nda bulundu\u011fu 51 ki\u015finin soru\u015fturmas\u0131na, Diyarbak\u0131r Emniyet M\u00fcd\u00fcrl\u00fc\u011f\u00fc Ter\u00f6rle M\u00fccadele \u015eube M\u00fcd\u00fcrl\u00fc\u011f\u00fc&#8217;nde devam ediliyor. <!--more--><\/p>\n<p style=\"text-align: justify;\"><strong>KOM\u0130TEN\u0130N B\u00dcROSUNDA ARAMA<\/strong><\/p>\n<p style=\"text-align: justify;\">\u00d6zel yetkili 5 savc\u0131 taraf\u0131ndan y\u00fcr\u00fct\u00fclen soru\u015fturma kapsam\u0131nda, PKK&#8217;n\u0131n T\u00fcrkiye kordinasyonunda yer ald\u0131\u011f\u0131 belirtilen ve g\u00f6zalt\u0131nda bulunan 8 ki\u015finin irtibat b\u00fcrosu olarak kulland\u0131\u011f\u0131, zaman zaman DTP&#8217;li milletvekilleri ile belediye ba\u015fkanlar\u0131n\u0131n da ziyaret etti\u011fi Diyarbak\u0131r&#8217;\u0131n Elaz\u0131\u011f Caddesi&#8217;nde Diyar Galeria binas\u0131ndaki 12 numaral\u0131 daireye d\u00fczenlenen bask\u0131nda, b\u00fcro didik didik arand\u0131. 6&#8217;\u0131nc\u0131 A\u011f\u0131r Ceza Mahkemesi yedek hakimli\u011finden al\u0131nan el koyma ve arama karar\u0131ndan sonra yap\u0131lan aramada bilgisayar, haf\u0131za kartlar\u0131, CD&#8217;ler bir tak\u0131m belge, rapor ve evraka el koydu. \u0130ki \u00e7uval dolusu evrak\u0131n da incelenmesinin s\u00fcrd\u00fc\u011f\u00fc bildirildi.<\/p>\n<p style=\"text-align: justify;\">\u015e\u00fcphelilerin soru\u015fturmas\u0131 s\u00fcrerken, operasyonun ayr\u0131nt\u0131lar\u0131 da ortaya \u00e7\u0131kmaya ba\u015flad\u0131. G\u00f6zalt\u0131na al\u0131nan 51 ki\u015finin, 2 y\u0131l \u00f6nce DTP&#8217;nin gen\u00e7lik yap\u0131lanmas\u0131na y\u00f6nelik operasyonda yakalanan Recep Sade&#8217;nin verdi\u011fi ifadeler do\u011frultusunda yakaland\u0131klar\u0131 bildirildi. Elaz\u0131\u011f&#8217;da g\u00f6zalt\u0131na al\u0131nd\u0131ktan sonra hakk\u0131nda Diyarbak\u0131r 5&#8217;inci A\u011f\u0131r Ceza Mahkemesi&#8217;nde \u00f6rg\u00fct \u00fcyesi olmak su\u00e7undan dava a\u00e7\u0131lan Recep Sade&#8217;nin DTP-PKK aras\u0131ndaki ba\u011flant\u0131, T\u00fcrkiye kordinasyonu ad\u0131 alt\u0131nda PKK&#8217;n\u0131n verdi\u011fi emir ve talimatlar do\u011frultusunda DTP&#8217;nin strateji belirledi\u011fi ifadeleri \u00fczerine yakalanan DTP&#8217;lilerin yak\u0131n takibe al\u0131narak 2007 y\u0131l\u0131ndan beri soru\u015fturman\u0131n devam etti\u011fi ve son 4 ayl\u0131k telefon dinleme karar\u0131yla da operasyonun ba\u015flad\u0131\u011f\u0131 bildirildi.<\/p>\n<p style=\"text-align: justify;\">G\u00f6zalt\u0131na al\u0131nanlar\u0131n, Ba\u011f\u0131ms\u0131z Gen\u00e7lik Hareketi, Yurtsever Demokratik Gen\u00e7lik Hareketi, Halk \u0130nisiyatifi, \u00d6zg\u00fcr Yurtta\u015f Hareketi ve Demokratik Halk Birlikleri ad\u0131 alt\u0131nda PKK&#8217;n\u0131n siyasalla\u015fmas\u0131na y\u00f6nelik eylem ve faaliyetlerde bulunduklar\u0131 \u00f6\u011frenildi. Ter\u00f6rle M\u00fccadele \u015eubesi&#8217;nde sorgulanan Recep Sade polise verdi\u011fi 40 sayfal\u0131k ifadesinde, PKK-DTP aras\u0131ndaki ili\u015fkiye ayr\u0131nt\u0131l\u0131 bi\u00e7imde yer veriliyor. 51 DTP&#8217;linin g\u00f6zalt\u0131na al\u0131nmas\u0131na yol a\u00e7an operasyonu ba\u015flatan Sade&#8217;nin ifadesi \u015f\u00f6yle:<br \/>\n&#8220;PKK&#8217;n\u0131n gen\u00e7lik yap\u0131lanmas\u0131n\u0131n tek \u00e7at\u0131 alt\u0131nda toplanmas\u0131 amac\u0131yla DTP ad\u0131na faaliyet y\u00fcr\u00fcten gen\u00e7lik yap\u0131lanmas\u0131, 2007 y\u0131l\u0131n\u0131n \u015eubat ay\u0131nda Diyarbak\u0131r&#8217;da geni\u015f kat\u0131l\u0131ml\u0131 bir konferans yapt\u0131. Bu olu\u015fum PKK&#8217;n\u0131n T\u00fcrkiye \u00c7al\u0131\u015fma Grubu&#8217;nun \u00f6nerisiyle Yurtsever Demokratik Gen\u00e7lik Hareketi (YDGH) ad\u0131n\u0131 ald\u0131. Bu olu\u015fumun temel faaliyeti ise PKK&#8217;ya, gen\u00e7lik arac\u0131l\u0131\u011f\u0131yla yard\u0131m etmek, \u00f6rg\u00fct\u00fcn k\u0131rsal alana eleman takviyesini kar\u015f\u0131lamakt\u0131r. Bu yap\u0131lanma &#8216;T\u00fcrkiye Meclisi&#8217; ad\u0131yla 30 ki\u015filik birimden olu\u015fuyor. Bu 30 ki\u015fi i\u00e7inde de ayr\u0131ca 8 ki\u015filik bir y\u00f6netici kordinasyonu bulunuyor. Bunlardan biri d\u00f6nem s\u00f6zc\u00fcs\u00fc, 7&#8217;si b\u00f6lge sorumlular\u0131, 22 ki\u015fi belirlenen il ve b\u00f6lgelerde aktif eleman olarak faaliyet y\u00fcr\u00fct\u00fcyor. Bunlar do\u011frudan \u00f6rg\u00fcte ba\u011fl\u0131 olarak \u00e7al\u0131\u015f\u0131p \u00e7e\u015fitli d\u00f6nemlerde de \u00f6rg\u00fct kamplar\u0131na giderek buradaki y\u00f6neticilerden ald\u0131klar\u0131 talimatlar\u0131 \u00e7al\u0131\u015ft\u0131klar\u0131 b\u00f6lgelerde uyguluyorlar. Y\u00d6GEH (Yurtsever \u00d6zg\u00fcr Gen\u00e7lik Hareketi), BAGEH (Ba\u011f\u0131ms\u0131z Gen\u00e7lik Hareketi) gibi gen\u00e7lik yap\u0131lanmalar\u0131 YDGH ad\u0131yla bu \u015fekilde tek \u00e7at\u0131 alt\u0131nda toplant\u0131. Bu olu\u015fumun amac\u0131 legal zeminde siyasi \u00e7al\u0131\u015fma yapmak olsa da, as\u0131l amac\u0131 PKK b\u00fcnyesinde Kandil Da\u011f\u0131&#8217;nda olu\u015fturulan T\u00fcrkiye \u00c7al\u0131\u015fma Merkezi&#8217;nin (T\u00c7M) talimatlar\u0131n\u0131 gen\u00e7lere ve halk kitlelerine uygulatmak, eleman ihtiyac\u0131n\u0131 kar\u015f\u0131lamak, T\u00fcrkiye Cumhuriyeti&#8217;ni gerek \u00fclke i\u00e7inde, gerekse uluslararas\u0131 d\u00fczeyde zora sokan faaliyetleri y\u00fcr\u00fctmekle g\u00f6revlidirler. \u00d6rg\u00fct i\u00e7in \u00f6nem arz eden \u00f6zel g\u00fcn ve tarihlerde ise kitlesel organizasyonlar\u0131 y\u00fcr\u00fctmektedirler. Yine \u00f6rg\u00fctten gelen talimatlar do\u011frultusunda birinci ve ikinci &#8216;Edi Bese&#8217; (Art\u0131k yeter) hamlesel s\u00fcreci, Serh\u0131ldan (Ba\u015fkald\u0131r\u0131) kampanyalar\u0131, bas\u0131n a\u00e7\u0131klamalar\u0131, miting, y\u00fcr\u00fcy\u00fc\u015f, cenaze t\u00f6renleri gibi kalabal\u0131k eylemlerle \u00f6rg\u00fct\u00fcn lider kadrosuna ve askeri kanad\u0131na moral ve destek verilmektedir.&#8221;<\/p>\n<p style=\"text-align: justify;\">G\u00f6zalt\u0131na al\u0131nan 51 ki\u015fiden 13&#8217;\u00fcn\u00fcn 2007 y\u0131l\u0131n\u0131n \u015eubat ay\u0131nda Diyarbak\u0131r&#8217;da ger\u00e7ekle\u015fen konferansa kat\u0131lan ki\u015filer olduklar\u0131 bildirilirken, soru\u015fturma dosyas\u0131na yans\u0131yan bu kongrede \u015fu kararlar\u0131 ald\u0131klar\u0131 ortaya \u00e7\u0131kt\u0131:<br \/>\n* Askere gitmemek i\u00e7in vicdani ret karar\u0131n\u0131 kampanyaya d\u00f6n\u00fc\u015ft\u00fcrmek.<br \/>\n* Okullarda ana dilde e\u011fitim kampanyas\u0131 ba\u015flatmak.<br \/>\n* T\u00fcm sivil toplum kurulu\u015flar\u0131nda \u00f6rg\u00fctlenerek g\u00fc\u00e7l\u00fc bir yap\u0131 sa\u011flamak.<br \/>\n* PKK i\u00e7in \u00f6nem arz eden g\u00fcnlerde eylemsellik \u00f6n planda tutularak eylem yap\u0131lmas\u0131 i\u00e7in gerekli \u00e7al\u0131\u015fmalar\u0131 sa\u011flamak.<br \/>\n* Bir y\u0131l i\u00e7inde Abdullah \u00d6calan&#8217;\u0131n tutuklulu\u011fu ve sa\u011fl\u0131\u011f\u0131yla alakal\u0131 herhangi bir geli\u015fme kaydedilmedi\u011fi taktirde bu yap\u0131lanman\u0131n T\u00fcrkiye y\u00fcr\u00fctmesi sorumlu tutularak bir daha g\u00f6rev verilmemek \u00fczere yap\u0131dan \u00e7\u0131kar\u0131lmas\u0131n\u0131 sa\u011flamak.\n<\/p>\n<p style=\"text-align: justify;\">2007 y\u0131l\u0131 \u015eubat ay\u0131nda yap\u0131lan bu konferans sonras\u0131 yay\u0131mlanan, &#8216;Siyasal geli\u015fmeler&#8217; ba\u015fl\u0131kl\u0131 faaliyet raporunda ayr\u0131ca T\u00fcrkiye Meclisi yap\u0131lanmas\u0131n\u0131n, K\u00fcrt gen\u00e7lerini taban olarak kabul etti\u011fi, ancak bu gen\u00e7li\u011fin siyasal \u0130slam s\u00f6ylemleriyle kendilerinden kopar\u0131lmak istendi\u011fi, K\u00fcrt gen\u00e7leri \u00fczerinde bu s\u00f6ylemin \u00f6zg\u00fcrl\u00fck m\u00fccadelesi noktas\u0131nda engelleyici etki yaratt\u0131\u011f\u0131, K\u00fcrt gen\u00e7li\u011fi i\u00e7erisinde gericili\u011fe dayal\u0131 din ideolojisinin yay\u0131lmaya \u00e7al\u0131\u015f\u0131ld\u0131\u011f\u0131, devletin \u0131l\u0131ml\u0131 K\u00fcrtleri kullanarak t\u00fcm K\u00fcrt halk\u0131n\u0131 etkilemeye ve halk\u0131 \u00f6zg\u00fcrl\u00fck m\u00fccadelesinden uzakla\u015ft\u0131rmak i\u00e7in \u00e7aba sarfetti\u011fi, devrimci gen\u00e7lik olu\u015fturulmas\u0131 i\u00e7in di\u011fer sol e\u011filimli \u00f6rg\u00fctlerle hareket edilmesi gerekti\u011fi, \u00fcniversite gen\u00e7li\u011finin yo\u011fun oldu\u011fu illerde gen\u00e7lerin siyasal islam\u0131n hedefi olmaktan kurtar\u0131lmas\u0131, \u00e7al\u0131\u015fmalar\u0131n sadece \u00f6\u011frenci gruplar\u0131 ile s\u0131n\u0131rland\u0131r\u0131lmamas\u0131 y\u00f6n\u00fcnde karar al\u0131nd\u0131\u011f\u0131 kaydedildi.<\/p>\n<p style=\"text-align: justify;\"><span style=\"color: #888888;\">DHA<\/span><\/p>\n","protected":false},"excerpt":{"rendered":"<p style=\"text-align: center;\">\n<p style=\"text-align: center;\">\n<p style=\"text-align: justify;\">2007&#8217;den beri s\u00fcren soru\u015fturmada son 4 ay telefonlar dinlenmi\u015f.<\/p>\n<p style=\"text-align: justify;\">PKK&#8217;n\u0131n T\u00fcrkiye&#8217;deki yasad\u0131\u015f\u0131 faaliyetlerini y\u00f6netip y\u00fcr\u00fctt\u00fckleri ileri s\u00fcr\u00fclen ki\u015fi ve kurulu\u015flara y\u00f6nelik Diyarbak\u0131r merkezli yap\u0131lan ve DTP genel ba\u015fkan yard\u0131mlar\u0131n\u0131n da aralar\u0131nda bulundu\u011fu 51 ki\u015finin g\u00f6zalt\u0131ndaki soru\u015fturmalar\u0131 s\u00fcrerken, bu operasyonun ba\u015flamas\u0131na DTP&#8217;nin &#8216;Gen\u00e7lik Yap\u0131lanmas\u0131&#8217;nda yer alan <\/p>\n","protected":false},"author":1,"featured_media":0,"comment_status":"open","ping_status":"closed","sticky":false,"template":"","format":"standard","meta":{"footnotes":""},"categories":[105],"tags":[],"class_list":["post-8274","post","type-post","status-publish","format-standard","hentry","category-gundem","odd"],"_links":{"self":[{"href":"http:\/\/www.korhanyilmaz.com\/index.php?rest_route=\/wp\/v2\/posts\/8274","targetHints":{"allow":["GET"]}}],"collection":[{"href":"http:\/\/www.korhanyilmaz.com\/index.php?rest_route=\/wp\/v2\/posts"}],"about":[{"href":"http:\/\/www.korhanyilmaz.com\/index.php?rest_route=\/wp\/v2\/types\/post"}],"author":[{"embeddable":true,"href":"http:\/\/www.korhanyilmaz.com\/index.php?rest_route=\/wp\/v2\/users\/1"}],"replies":[{"embeddable":true,"href":"http:\/\/www.korhanyilmaz.com\/index.php?rest_route=%2Fwp%2Fv2%2Fcomments&post=8274"}],"version-history":[{"count":0,"href":"http:\/\/www.korhanyilmaz.com\/index.php?rest_route=\/wp\/v2\/posts\/8274\/revisions"}],"wp:attachment":[{"href":"http:\/\/www.korhanyilmaz.com\/index.php?rest_route=%2Fwp%2Fv2%2Fmedia&parent=8274"}],"wp:term":[{"taxonomy":"category","embeddable":true,"href":"http:\/\/www.korhanyilmaz.com\/index.php?rest_route=%2Fwp%2Fv2%2Fcategories&post=8274"},{"taxonomy":"post_tag","embeddable":true,"href":"http:\/\/www.korhanyilmaz.com\/index.php?rest_route=%2Fwp%2Fv2%2Ftags&post=8274"}],"curies":[{"name":"wp","href":"https:\/\/api.w.org\/{rel}","templated":true}]}}