{"id":8267,"date":"2009-04-15T11:25:28","date_gmt":"2009-04-15T08:25:28","guid":{"rendered":"http:\/\/www.korhanyilmaz.com\/?p=8267"},"modified":"2009-04-15T11:25:28","modified_gmt":"2009-04-15T08:25:28","slug":"polis-onlari-hic-gormemis","status":"publish","type":"post","link":"http:\/\/www.korhanyilmaz.com\/?p=8267","title":{"rendered":"Polis onlar\u0131 hi\u00e7 g\u00f6rmemi\u015f!"},"content":{"rendered":"<p style=\"text-align: center;\"><img loading=\"lazy\" decoding=\"async\" class=\"aligncenter size-full wp-image-8268\" title=\"Polis onlar\u0131 hi\u00e7 g\u00f6rmemi\u015f!\" src=\"http:\/\/www.korhanyilmaz.com\/wp-content\/uploads\/2009\/04\/fft28_mf156245.jpeg\" alt=\"Polis onlar\u0131 hi\u00e7 g\u00f6rmemi\u015f!\" width=\"306\" height=\"204\" \/><\/p>\n<p style=\"text-align: center;\">\n<p style=\"text-align: justify;\">Ad\u0131 s\u00fcrekli i\u015fkenceyle g\u00fcndeme gelen Beyo\u011flu Emniyeti&#8217;ni inceleyen TBMM alt komisyonu son zamanlardaki iki ma\u011fdur ile polisleri y\u00fczle\u015ftirdi. Polisler olaylar\u0131 ne g\u00f6rm\u00fc\u015f ne de duymu\u015ftu. M\u00fcd\u00fcrleri de &#8216;m\u00fcnferit olaylar&#8217; dedi.<\/p>\n<p style=\"text-align: justify;\">&#8220;Hortum S\u00fcleyman&#8217;dan beri hi\u00e7bir \u015fey de\u011fi\u015fmedi&#8221; \u015feklindeki \u015fik\u00e2yet mektuplar\u0131 ve son g\u00fcnlerde meydana gelen polis kaynakl\u0131 \u015fiddet olaylar\u0131 Meclis&#8217;i ikinci kez harekete ge\u00e7irdi. TBMM \u0130nsan Haklar\u0131n\u0131 \u0130nceleme Komisyonu, Beyo\u011flu \u0130l\u00e7e Emniyet M\u00fcd\u00fcrl\u00fc\u011f\u00fc&#8217;nde &#8216;aile boyu dayak&#8217;, &#8216;yanl\u0131\u015f adam d\u00f6vd\u00fcler&#8217; \u015feklinde bas\u0131na yans\u0131yan olaylar\u0131 mercek alt\u0131na ald\u0131. Dayak yiyenler ile olaylar\u0131n oldu\u011fu g\u00fcn g\u00f6rev yapan polisler y\u00fczle\u015ftirildi. Ancak polisler &#8216;\u00fc\u00e7 maymunu&#8217; oynad\u0131. Meclis&#8217;in \u00f6n kanaati ise &#8216;etkin soru\u015fturma \u015fart&#8217; oldu.<!--more--><\/p>\n<p style=\"text-align: justify;\">\nKomisyon b\u00fcnyesinde olu\u015fturulan Karakollar Alt Komisyonu \u00f6nceki g\u00fcn i\u015fkence iddialar\u0131yla ilgili \u0130stanbul Beyo\u011flu&#8217;na gitti. Zafer \u00dcsk\u00fcl ba\u015fkanl\u0131\u011f\u0131ndaki alt komisyon Beyo\u011flu Kaymakaml\u0131\u011f\u0131&#8217;nda geni\u015f kat\u0131l\u0131ml\u0131 toplant\u0131 yapt\u0131.<br \/>\nToplant\u0131da, kamuoyuna &#8216;aile boyu dayak&#8217; olarak yans\u0131yan Taksim&#8217;de yard\u0131m istedikleri polislerden dayak yediklerini iddia eden Mehmet \u015eah Ara\u015f ve b\u00fcy\u00fck o\u011flu ile yine kamuoyuna &#8216;yanl\u0131\u015f adam d\u00f6vd\u00fcler&#8217; \u015feklinde yans\u0131yan, bir polisin yaralanmas\u0131 olay\u0131na kar\u0131\u015fan \u015fahs\u0131 arayan ekiplerin bir eve yapt\u0131klar\u0131 bask\u0131n s\u0131ras\u0131nda sivil polisler taraf\u0131ndan \u00f6lesiye d\u00f6v\u00fcld\u00fc\u011f\u00fc iddia edilen Hakim Adl\u0131\u011f da \u00e7a\u011fr\u0131ld\u0131. Toplant\u0131da, olaylar\u0131n oldu\u011fu g\u00fcn hem o b\u00f6lgede hem de hastanelerde g\u00f6rev yapan t\u00fcm polislerler de haz\u0131r bulundu. Hem iddia sahipleri hem de polisler dinlendi.<\/p>\n<p><strong>Te\u015fhis var ama&#8230; <\/strong><\/p>\n<p style=\"text-align: justify;\">\nAncak ma\u011fdurlar\u0131n te\u015fhisleri, ifadelerine kar\u015f\u0131n polisler &#8216;\u00fc\u00e7 maymunu&#8217; oynad\u0131.<br \/>\nAra\u015f ailesinin d\u00f6v\u00fcld\u00fc\u011f\u00fc polis minib\u00fcs\u00fcnde olay g\u00fcn\u00fc devriye gezen polislerin tamam\u0131, daya\u011f\u0131n at\u0131ld\u0131\u011f\u0131 caddeden hi\u00e7 ge\u00e7mediklerini, o saatte bulunduklar\u0131 yerin olay\u0131n uza\u011f\u0131nda bir yer oldu\u011funu \u00f6ne s\u00fcrd\u00fcler. Komisyon \u00fcyeleri il\u00e7e emniyet m\u00fcd\u00fcrl\u00fc\u011f\u00fc yetkililerine soru\u015fturma sonu\u00e7lar\u0131n\u0131 da sordu. \u0130l\u00e7e emniyet yetkilileri, \u0130stanbul Emniyet M\u00fcd\u00fcrl\u00fc\u011f\u00fc&#8217;n\u00fcn &#8220;biz soru\u015fturaca\u011f\u0131z&#8221; demesi \u00fczerine kendi soru\u015fturmalar\u0131n\u0131n durdu\u011funu, iki m\u00fcfetti\u015fin konuyu inceledi\u011fini, savc\u0131l\u0131k soru\u015fturmas\u0131n\u0131n da devam etti\u011fini belirttiler.<br \/>\nEvinde uyurken yap\u0131lan bask\u0131nda bir zanl\u0131ya benzetilerek d\u00f6v\u00fclen Hakim Adl\u0131\u011f da polislerle y\u00fczle\u015ftirildi. Polise bira \u015fi\u015fesini f\u0131rlatan bir ki\u015fiye benzedi\u011fi i\u00e7in \u00f6ld\u00fcresiye d\u00f6v\u00fclen Adl\u0131\u011f polisleri te\u015fhis edemedi. Y\u00fcz\u00fcne bira \u015fi\u015fesi f\u0131rlat\u0131lan polis toplant\u0131da, olayla ilgisi olmad\u0131\u011f\u0131n\u0131 s\u00f6yledi. Di\u011fer polis ise \u015fi\u015feyle vuran ki\u015fiyi tan\u0131d\u0131\u011f\u0131n\u0131, dolay\u0131s\u0131yla b\u00f6yle bir \u015feyin s\u00f6z konusu olamayaca\u011f\u0131n\u0131 savundu. N\u00f6bet\u00e7i polisler ise o anda olaydan haberleri dahi olmad\u0131\u011f\u0131n\u0131 s\u00f6yledi.<\/p>\n<p><strong>&#8216;M\u00fcnferit olaylar&#8217; <\/strong><\/p>\n<p style=\"text-align: justify;\">\nBeyo\u011flu \u0130l\u00e7e Emniyet M\u00fcd\u00fcr\u00fc Yusuf Y\u00fcksel ise m\u00fcnferit olaylar\u0131n ya\u015fanmas\u0131n\u0131n kendilerini de \u00e7ok \u00fczd\u00fc\u011f\u00fcn\u00fc, b\u00fct\u00fcn polisleri de olumsuz etkiledi\u011fini s\u00f6yledi.<br \/>\nKomisyon Ba\u015fkan\u0131 Zafer \u00dcsk\u00fcl, raporlar\u0131n\u0131 yazmak i\u00e7in baz\u0131 belgelerin gelmesini bekleyeceklerini s\u00f6yledi. \u00dcsk\u00fcl, &#8220;Etkin bir soru\u015fturma yap\u0131lmad\u0131\u011f\u0131 \u00f6n kanaati bizde h\u00e2kim oldu&#8221; dedi.\n<\/p>\n<p style=\"text-align: justify;\"><span style=\"color: #888888;\">Kaynak : Yurdag\u00fcl \u015eim\u015fek &#8211; Radikal<\/span><\/p>\n<p style=\"text-align: justify;\">\n","protected":false},"excerpt":{"rendered":"<p style=\"text-align: center;\">\n<p style=\"text-align: center;\">\n<p style=\"text-align: justify;\">Ad\u0131 s\u00fcrekli i\u015fkenceyle g\u00fcndeme gelen Beyo\u011flu Emniyeti&#8217;ni inceleyen TBMM alt komisyonu son zamanlardaki iki ma\u011fdur ile polisleri y\u00fczle\u015ftirdi. Polisler olaylar\u0131 ne g\u00f6rm\u00fc\u015f ne de duymu\u015ftu. M\u00fcd\u00fcrleri de &#8216;m\u00fcnferit olaylar&#8217; dedi.<\/p>\n<p style=\"text-align: justify;\">&#8220;Hortum S\u00fcleyman&#8217;dan beri hi\u00e7bir \u015fey de\u011fi\u015fmedi&#8221; \u015feklindeki \u015fik\u00e2yet mektuplar\u0131 ve son g\u00fcnlerde meydana gelen polis <\/p>\n","protected":false},"author":1,"featured_media":0,"comment_status":"open","ping_status":"closed","sticky":false,"template":"","format":"standard","meta":{"footnotes":""},"categories":[105],"tags":[],"class_list":["post-8267","post","type-post","status-publish","format-standard","hentry","category-gundem","odd"],"_links":{"self":[{"href":"http:\/\/www.korhanyilmaz.com\/index.php?rest_route=\/wp\/v2\/posts\/8267","targetHints":{"allow":["GET"]}}],"collection":[{"href":"http:\/\/www.korhanyilmaz.com\/index.php?rest_route=\/wp\/v2\/posts"}],"about":[{"href":"http:\/\/www.korhanyilmaz.com\/index.php?rest_route=\/wp\/v2\/types\/post"}],"author":[{"embeddable":true,"href":"http:\/\/www.korhanyilmaz.com\/index.php?rest_route=\/wp\/v2\/users\/1"}],"replies":[{"embeddable":true,"href":"http:\/\/www.korhanyilmaz.com\/index.php?rest_route=%2Fwp%2Fv2%2Fcomments&post=8267"}],"version-history":[{"count":0,"href":"http:\/\/www.korhanyilmaz.com\/index.php?rest_route=\/wp\/v2\/posts\/8267\/revisions"}],"wp:attachment":[{"href":"http:\/\/www.korhanyilmaz.com\/index.php?rest_route=%2Fwp%2Fv2%2Fmedia&parent=8267"}],"wp:term":[{"taxonomy":"category","embeddable":true,"href":"http:\/\/www.korhanyilmaz.com\/index.php?rest_route=%2Fwp%2Fv2%2Fcategories&post=8267"},{"taxonomy":"post_tag","embeddable":true,"href":"http:\/\/www.korhanyilmaz.com\/index.php?rest_route=%2Fwp%2Fv2%2Ftags&post=8267"}],"curies":[{"name":"wp","href":"https:\/\/api.w.org\/{rel}","templated":true}]}}