{"id":8262,"date":"2009-04-15T10:19:37","date_gmt":"2009-04-15T07:19:37","guid":{"rendered":"http:\/\/www.korhanyilmaz.com\/?p=8262"},"modified":"2009-04-15T10:19:37","modified_gmt":"2009-04-15T07:19:37","slug":"bu-ne-perhiz-bu-ne-lahana-tursusu","status":"publish","type":"post","link":"http:\/\/www.korhanyilmaz.com\/?p=8262","title":{"rendered":"Bu ne perhiz bu ne lahana tur\u015fusu"},"content":{"rendered":"<p style=\"text-align: center;\"><img loading=\"lazy\" decoding=\"async\" class=\"aligncenter size-full wp-image-8263\" title=\"Bu ne perhiz bu ne lahana tur\u015fusu\" src=\"http:\/\/www.korhanyilmaz.com\/wp-content\/uploads\/2009\/04\/fft28_mf156276.jpeg\" alt=\"Bu ne perhiz bu ne lahana tur\u015fusu\" width=\"306\" height=\"204\" \/><\/p>\n<p style=\"text-align: center;\">\n<p style=\"text-align: justify;\"><strong>Devlet 6 Mart&#8217;ta tutuklanan Balbay&#8217;a 10 g\u00fcn sonra koruma \u00f6nermi\u015f.<\/strong><\/p>\n<p style=\"text-align: justify;\">Ergenekon davas\u0131nda &#8220;silahl\u0131 ter\u00f6r \u00f6rg\u00fct\u00fcne \u00fcye olma&#8221;, &#8220;T\u00fcrkiye Cumhuriyeti H\u00fck\u00fcmeti&#8217;ni ortadan kald\u0131rmaya veya g\u00f6revini yapmas\u0131n\u0131 engellemeye te\u015febb\u00fcs etme&#8221; gibi \u00e7e\u015fitli su\u00e7lardan 2 kez a\u011f\u0131rla\u015ft\u0131r\u0131lm\u0131\u015f m\u00fcebbet ile 48 y\u0131ldan 80 y\u0131la kadar hapsi istenen Cumhuriyet Gazetesi Ankara Temsilcisi Mustafa Balbay&#8217;a ikinci kere g\u00f6zalt\u0131na al\u0131n\u0131p tutukland\u0131ktan sonra devletin koruma teklif etti\u011fi \u00f6\u011frenildi. <!--more--><br \/>\n5 Mart&#8217;ta g\u00f6zalt\u0131na al\u0131nan 6 Mart&#8217;ta tutuklanan Balbay i\u00e7in Ankara Valili\u011fi&#8217;nin haz\u0131rlad\u0131\u011f\u0131 yaz\u0131 16 Mart tarihini ta\u015f\u0131yor. 8 Nisan&#8217;da postaya verilen resmi yaz\u0131 13 Nisan&#8217;da Balbay&#8217;\u0131n e\u015fine ula\u015ft\u0131. \u0130\u015fin ilginci 13 Nisan&#8217;da Ergenekon operasyonunun 12. dalgas\u0131 yap\u0131l\u0131yordu.<br \/>\nCumhuriyet gazetesi yazar\u0131 C\u00fcneyt Arcay\u00fcrek k\u00f6\u015fe yaz\u0131s\u0131nda olay\u0131 \u015f\u00f6yle anlatt\u0131:<br \/>\n&#8220;Trajikomik bir olay devlet mekanizmas\u0131n\u0131n ne hale geldi\u011fine, i\u015fledi\u011fine \u00f6rnek olabilir.<br \/>\nKamuoyu 12. dalgayla sars\u0131ld\u0131 (13 Nisan 2009) \u00f6nceki g\u00fcn:<br \/>\nMustafa Balbay&#8217;\u0131n e\u015fi G\u00fcl\u015fah Balbay, posta kutusunu a\u00e7t\u0131.<br \/>\nBir zarf, i\u00e7inden Ankara Valili\u011fi&#8217;nin resmi yaz\u0131s\u0131 \u00e7\u0131kt\u0131.<br \/>\nYaz\u0131n\u0131n tarihi 16 Mart 2009. Zarf\u0131n \u00fczerindeki pula vurulan damgadan yaz\u0131n\u0131n postaya 8 Nisan 2009 g\u00fcn\u00fc verildi\u011fi anla\u015f\u0131l\u0131yor.<br \/>\nYaz\u0131 \u00f6zetle &#8220;Mustafa Balbay koruma istiyor mu&#8221; diye soruyor.<br \/>\nG\u00fcl\u015fah \u00f6nce \u015fa\u015f\u0131rd\u0131. \u015ea\u015f\u0131rd\u0131 zira sevgili e\u015fi Mustafa Balbay, 5 Mart&#8217;ta g\u00f6zalt\u0131na al\u0131nm\u0131\u015f, 6 Mart 2009&#8217;da tutuklanarak cezaevine konulmu\u015ftu. Silivri Cezaevi&#8217;nde yat\u0131yordu.<br \/>\nTutuklanmas\u0131n\u0131n \u00fczerinden 1 ay 2 g\u00fcn ge\u00e7ti. Devlet Mustafa Balbay&#8217;a koruma \u00f6neriyor!<br \/>\nSonra&#8230; G\u00fcl\u015fah kara mizah \u00f6rne\u011fi yaz\u0131y\u0131 bir kez daha okudu ve&#8230; ac\u0131 ac\u0131 g\u00fclmeye ba\u015flad\u0131.<br \/>\n\u0130\u00e7eride yatan e\u015fine koruma \u00f6neren yetkililere, devlete, devletin yasalar\u0131n\u0131 uygulayanlara&#8230;\n<\/p>\n<p style=\"text-align: justify;\"><span style=\"color: #888888;\">Kaynak : Radikal<\/span><\/p>\n","protected":false},"excerpt":{"rendered":"<p style=\"text-align: center;\">\n<p style=\"text-align: center;\">\n<p style=\"text-align: justify;\">Devlet 6 Mart&#8217;ta tutuklanan Balbay&#8217;a 10 g\u00fcn sonra koruma \u00f6nermi\u015f.<\/p>\n<p style=\"text-align: justify;\">Ergenekon davas\u0131nda &#8220;silahl\u0131 ter\u00f6r \u00f6rg\u00fct\u00fcne \u00fcye olma&#8221;, &#8220;T\u00fcrkiye Cumhuriyeti H\u00fck\u00fcmeti&#8217;ni ortadan kald\u0131rmaya veya g\u00f6revini yapmas\u0131n\u0131 engellemeye te\u015febb\u00fcs etme&#8221; gibi \u00e7e\u015fitli su\u00e7lardan 2 kez a\u011f\u0131rla\u015ft\u0131r\u0131lm\u0131\u015f m\u00fcebbet ile 48 y\u0131ldan 80 y\u0131la kadar hapsi istenen Cumhuriyet Gazetesi <\/p>\n","protected":false},"author":1,"featured_media":0,"comment_status":"open","ping_status":"closed","sticky":false,"template":"","format":"standard","meta":{"footnotes":""},"categories":[105],"tags":[],"class_list":["post-8262","post","type-post","status-publish","format-standard","hentry","category-gundem","odd"],"_links":{"self":[{"href":"http:\/\/www.korhanyilmaz.com\/index.php?rest_route=\/wp\/v2\/posts\/8262","targetHints":{"allow":["GET"]}}],"collection":[{"href":"http:\/\/www.korhanyilmaz.com\/index.php?rest_route=\/wp\/v2\/posts"}],"about":[{"href":"http:\/\/www.korhanyilmaz.com\/index.php?rest_route=\/wp\/v2\/types\/post"}],"author":[{"embeddable":true,"href":"http:\/\/www.korhanyilmaz.com\/index.php?rest_route=\/wp\/v2\/users\/1"}],"replies":[{"embeddable":true,"href":"http:\/\/www.korhanyilmaz.com\/index.php?rest_route=%2Fwp%2Fv2%2Fcomments&post=8262"}],"version-history":[{"count":0,"href":"http:\/\/www.korhanyilmaz.com\/index.php?rest_route=\/wp\/v2\/posts\/8262\/revisions"}],"wp:attachment":[{"href":"http:\/\/www.korhanyilmaz.com\/index.php?rest_route=%2Fwp%2Fv2%2Fmedia&parent=8262"}],"wp:term":[{"taxonomy":"category","embeddable":true,"href":"http:\/\/www.korhanyilmaz.com\/index.php?rest_route=%2Fwp%2Fv2%2Fcategories&post=8262"},{"taxonomy":"post_tag","embeddable":true,"href":"http:\/\/www.korhanyilmaz.com\/index.php?rest_route=%2Fwp%2Fv2%2Ftags&post=8262"}],"curies":[{"name":"wp","href":"https:\/\/api.w.org\/{rel}","templated":true}]}}