{"id":8252,"date":"2009-04-15T11:32:26","date_gmt":"2009-04-15T08:32:26","guid":{"rendered":"http:\/\/www.korhanyilmaz.com\/?p=8252"},"modified":"2009-04-15T11:32:26","modified_gmt":"2009-04-15T08:32:26","slug":"ogrenci-bakan-sahini-terletti","status":"publish","type":"post","link":"http:\/\/www.korhanyilmaz.com\/?p=8252","title":{"rendered":"\u00d6\u011frenci, Bakan \u015eahin&#039;i terletti"},"content":{"rendered":"<p><img loading=\"lazy\" decoding=\"async\" class=\"aligncenter size-full wp-image-8253\" title=\"\u00d6\u011frenci, Bakan \u015eahin'i terletti \" src=\"http:\/\/www.korhanyilmaz.com\/wp-content\/uploads\/2009\/04\/150420091228396057758_2.jpg\" alt=\"\u00d6\u011frenci, Bakan \u015eahin'i terletti \" width=\"250\" height=\"190\" \/><strong><\/strong><\/p>\n<p style=\"text-align: justify;\"><strong>Mehmet Ali \u015eahin, Ergenekon ile yapt\u0131\u011f\u0131 a\u00e7\u0131klaman\u0131n ard\u0131ndan bir \u00fcniversite \u00f6\u011frencisinin sorular\u0131na muhatap oldu. Serdar Sarmusak isimli \u00f6\u011frenci, zor sorular\u0131na ald\u0131\u011f\u0131 cevaplardan memnun olmad\u0131&#8230;<\/strong><\/p>\n<p style=\"text-align: justify;\"><strong>\u0130\u015fte o diyalog:<\/strong><\/p>\n<p style=\"text-align: justify;\"><strong>\u00d6\u011eRENC\u0130: <\/strong>Ergenekon&#8217;da \u00f6nce askerler \u015fimdi de \u00f6\u011fretim \u00fcyeleri g\u00f6zalt\u0131na al\u0131n\u0131yor. Biz bu \u00fclkede askerlere ve e\u011fitimcilere g\u00fcvenemeyeceksek kime g\u00fcvenece\u011fiz? Onlar \u015fu an vatan haini g\u00f6z\u00fcyle g\u00f6z\u00fck\u00fcyor?<!--more--><\/p>\n<p style=\"text-align: justify;\"><strong>BAKAN \u015eAH\u0130N:<\/strong> Yarg\u0131 organlar\u0131m\u0131z bir tak\u0131m iddialara ba\u011fl\u0131 olarak i\u015flemler yap\u0131yorlar. Her kurumun i\u00e7erisinde zaman zaman hatal\u0131 davrananlar olabilir. Ama bir ki\u015finin hatal\u0131 davranmas\u0131 o kurumu kapsamaz. Silahl\u0131 kuvvetlerimiz bizim milletimizin g\u00f6z bebe\u011fidir. Milletimizin bir par\u00e7as\u0131d\u0131r.<\/p>\n<p style=\"text-align: justify;\"><strong>\u00d6\u011eRENC\u0130:<\/strong> Ben 20 ya\u015f\u0131nda bir T\u00fcrk genciyim. Askerler ve e\u011fitimciler vatan haini diye g\u00f6steriliyor?<\/p>\n<p style=\"text-align: justify;\"><strong>BAKAN \u015eAH\u0130N:<\/strong> Yarg\u0131lama bitmemi\u015ftir. Yarg\u0131lama biter ona g\u00f6re konu\u015furuz.<\/p>\n<p style=\"text-align: justify;\"><strong>\u00d6\u011eRENC\u0130:<\/strong> Deniz Feneri Davas\u0131&#8217;nda bas\u0131n yasa\u011f\u0131 geldi. Ergenekon&#8217;da neden gelmedi?<\/p>\n<p style=\"text-align: justify;\"><strong>BAKAN \u015eAH\u0130N:<\/strong> Onun karar\u0131n\u0131 savc\u0131lar\u0131m\u0131z hakimlerimiz veriyor.<\/p>\n<p style=\"text-align: justify;\">Serdar Sarmusak daha sonra gazetecilere \u015fu a\u00e7\u0131klamay\u0131 yapt\u0131:<\/p>\n<p style=\"text-align: justify;\">&#8220;\u00d6nceden bir haz\u0131rl\u0131k yapmad\u0131m. Benim vicdan\u0131m bu soruyu sormak istedi ve ben de sordum. Ama ka\u00e7amak cevap verdi. Adalet Bakan\u0131 olarak yetkim yok dese de mutlaka bir yetkisi vard\u0131r.<\/p>\n<p style=\"text-align: justify;\">Ergenekon ter\u00f6r \u00f6rg\u00fct\u00fc de\u011fildir. Bunu AKP&#8217;nin \u00e7\u0131kard\u0131\u011f\u0131 bir \u015fey diye d\u00fc\u015f\u00fcn\u00fcyorum.<\/p>\n<p style=\"text-align: justify;\">Deniz Feneri davas\u0131yla ilgili bilgi alamad\u0131k. Alman makamlar\u0131 as\u0131l su\u00e7lular T\u00fcrkiye&#8217;de diyor. Deniz Baykal dosyay\u0131 buraya getiriyor. Ama burada ne yap\u0131l\u0131yor bilmiyoruz. AKP h\u00fck\u00fcmetinden sonra savc\u0131lara g\u00fcvenmemeye ba\u015flad\u0131m. Ben 20 ya\u015f\u0131nda bir T\u00fcrk genci olarak bu \u00fclkenin savc\u0131lar\u0131na g\u00fcvenmemeye ba\u015flad\u0131m.&#8221;<\/p>\n<p style=\"text-align: justify;\"><strong>BAKAN&#8217;DAN ERGENEKON A\u00c7IKLAMASI<\/strong><\/p>\n<p style=\"text-align: justify;\">Adalet Bakan\u0131 Mehmet Ali \u015eahin, Ergenekon soru\u015fturmas\u0131 ile ilgili gazetecilerin sorular\u0131n\u0131 &#8220;yan\u0131ts\u0131z&#8221; b\u0131rakt\u0131. &#8220;T\u00fcrkiye bir hukuk devletidir. Kuvvetler ayr\u0131l\u0131\u011f\u0131 esast\u0131r&#8221; diyen \u015eahin, &#8220;Dava ba\u011f\u0131ms\u0131z ve tarafs\u0131z bir yarg\u0131 taraf\u0131ndan y\u00fcr\u00fct\u00fcl\u00fcyor. L\u00fctfen bu konuda Adalet Bakan\u0131&#8217;na bakmay\u0131n&#8221; ifadesini kulland\u0131.<\/p>\n<p style=\"text-align: justify;\">Gazetecilerin \u0131srarl\u0131 sorular\u0131na kar\u015f\u0131l\u0131k Adalet Bakan\u0131, &#8220;Adalet Bakan\u0131&#8217;n\u0131n yarg\u0131 organlar\u0131na talimat verme g\u00f6revi yoktur. Dava a\u00e7mak, soru\u015fturmay\u0131 y\u00fcr\u00fctmek yarg\u0131 organlar\u0131n\u0131n i\u015fidir. Adalet Bakan\u0131&#8217;na bakarak de\u011ferlendirme yaparsan\u0131z, benim yarg\u0131ya m\u00fcdahale etmem gerekti\u011fini ima etmi\u015f olursunuz ki bu da sizin i\u00e7in talihsizlik olur&#8221; dedi.<\/p>\n<p style=\"text-align: justify;\">&#8220;Y\u00fcksek yarg\u0131 darbe giri\u015fimini ve darbe giri\u015fiminde bulunanlar\u0131 yarg\u0131lar&#8221; diyen Bakan \u015eahin, &#8220;Herkes bu \u0130ttihat Terakkici d\u00fc\u015f\u00fcnceyi geride b\u0131raks\u0131n. Yarg\u0131 ba\u011f\u0131ms\u0131z ve tarafs\u0131zd\u0131r. Hatal\u0131 bir karar verilirse bunu d\u00fczeltecek olan yine y\u00fcksek yarg\u0131 organlar\u0131d\u0131r. Yasama ve y\u00fcr\u00fctme, bakanlar\u0131na yarg\u0131 kararlar\u0131n\u0131 m\u00fcdahaleyi yasalar yasaklam\u0131\u015ft\u0131r&#8221; diye konu\u015ftu.<\/p>\n<p style=\"text-align: justify;\"><strong>Burs sorusu: &#8220;Bana bunlarla gelmeyin!&#8221;<\/strong><\/p>\n<p style=\"text-align: justify;\">G\u00f6zalt\u0131larla ilgili bir soru \u00fczerine Bakan \u015eahin, &#8220;G\u00f6zalt\u0131na al\u0131nan isimleri bas\u0131ndan \u00f6\u011freniyorum. Sizden malumat\u0131m oluyor. Bunun b\u00f6yle olmas\u0131 da kuvvetler ayr\u0131l\u0131\u011f\u0131n\u0131n gere\u011fidir&#8221; dedi.<\/p>\n<p style=\"text-align: justify;\">Ergenekon soru\u015fturmas\u0131n\u0131n 12. dalgas\u0131nda g\u00f6zalt\u0131na al\u0131nan \u00c7a\u011fda\u015f Ya\u015fam\u0131 Destekleme Derne\u011fi (\u00c7YDD) y\u00f6neticilerinin g\u00f6zalt\u0131na al\u0131nmas\u0131 ve onbinlerce \u00f6\u011frenciye burs verilememesi ihtimaliyle ilgili soruya, &#8220;Bana b\u00f6yle \u00f6zel konular\u0131 getirmeyin. Ben bilemem efendim onu. Vak\u0131f faaliyete devam ediyordur&#8221; demekle yetindi.<\/p>\n<p style=\"text-align: justify;\">Soru\u015fturma kapsam\u0131nda &#8220;Ergenekon ter\u00f6r \u00f6rg\u00fct\u00fc&#8221; ifadesinin kullan\u0131m\u0131 yakal iken, aramalarda &#8220;ter\u00f6r \u00f6rg\u00fct\u00fc&#8221; ifadesinin kullan\u0131lmas\u0131n\u0131n \u00e7eli\u015fkili olup olmad\u0131\u011f\u0131 sorusuna ise Bakan \u015eahin, &#8220;Ben yarg\u0131 mensuplar\u0131m\u0131z\u0131n uygulamalar\u0131yla ilgili g\u00f6revlerini d\u00fczeltmekle haiz de\u011filim. Ama, b\u00f6yle bir iddia gelirse yasalar \u00e7er\u00e7evesinde inceletirim&#8221; dedi.<\/p>\n<p style=\"text-align: justify;\"><span style=\"color: #888888;\">Kaynak : Vatan<\/span><\/p>\n","protected":false},"excerpt":{"rendered":"<\/p>\n<p style=\"text-align: justify;\">Mehmet Ali \u015eahin, Ergenekon ile yapt\u0131\u011f\u0131 a\u00e7\u0131klaman\u0131n ard\u0131ndan bir \u00fcniversite \u00f6\u011frencisinin sorular\u0131na muhatap oldu. Serdar Sarmusak isimli \u00f6\u011frenci, zor sorular\u0131na ald\u0131\u011f\u0131 cevaplardan memnun olmad\u0131&#8230;<\/p>\n<p style=\"text-align: justify;\">\u0130\u015fte o diyalog:<\/p>\n<p style=\"text-align: justify;\">\u00d6\u011eRENC\u0130: Ergenekon&#8217;da \u00f6nce askerler \u015fimdi de \u00f6\u011fretim \u00fcyeleri g\u00f6zalt\u0131na al\u0131n\u0131yor. Biz bu \u00fclkede askerlere ve e\u011fitimcilere g\u00fcvenemeyeceksek kime g\u00fcvenece\u011fiz? Onlar \u015fu <\/p>\n","protected":false},"author":1,"featured_media":0,"comment_status":"open","ping_status":"closed","sticky":false,"template":"","format":"standard","meta":{"footnotes":""},"categories":[105],"tags":[],"class_list":["post-8252","post","type-post","status-publish","format-standard","hentry","category-gundem","odd"],"_links":{"self":[{"href":"http:\/\/www.korhanyilmaz.com\/index.php?rest_route=\/wp\/v2\/posts\/8252","targetHints":{"allow":["GET"]}}],"collection":[{"href":"http:\/\/www.korhanyilmaz.com\/index.php?rest_route=\/wp\/v2\/posts"}],"about":[{"href":"http:\/\/www.korhanyilmaz.com\/index.php?rest_route=\/wp\/v2\/types\/post"}],"author":[{"embeddable":true,"href":"http:\/\/www.korhanyilmaz.com\/index.php?rest_route=\/wp\/v2\/users\/1"}],"replies":[{"embeddable":true,"href":"http:\/\/www.korhanyilmaz.com\/index.php?rest_route=%2Fwp%2Fv2%2Fcomments&post=8252"}],"version-history":[{"count":0,"href":"http:\/\/www.korhanyilmaz.com\/index.php?rest_route=\/wp\/v2\/posts\/8252\/revisions"}],"wp:attachment":[{"href":"http:\/\/www.korhanyilmaz.com\/index.php?rest_route=%2Fwp%2Fv2%2Fmedia&parent=8252"}],"wp:term":[{"taxonomy":"category","embeddable":true,"href":"http:\/\/www.korhanyilmaz.com\/index.php?rest_route=%2Fwp%2Fv2%2Fcategories&post=8252"},{"taxonomy":"post_tag","embeddable":true,"href":"http:\/\/www.korhanyilmaz.com\/index.php?rest_route=%2Fwp%2Fv2%2Ftags&post=8252"}],"curies":[{"name":"wp","href":"https:\/\/api.w.org\/{rel}","templated":true}]}}