{"id":8247,"date":"2009-04-15T09:23:38","date_gmt":"2009-04-15T06:23:38","guid":{"rendered":"http:\/\/www.korhanyilmaz.com\/?p=8247"},"modified":"2009-04-15T09:23:38","modified_gmt":"2009-04-15T06:23:38","slug":"hangi-gazeteciler-ayaga-kalkmadi","status":"publish","type":"post","link":"http:\/\/www.korhanyilmaz.com\/?p=8247","title":{"rendered":"Hangi gazeteciler aya\u011fa kalkmad\u0131?"},"content":{"rendered":"<p style=\"text-align: center;\"><img loading=\"lazy\" decoding=\"async\" class=\"aligncenter size-full wp-image-8248\" title=\"Hangi gazeteciler aya\u011fa kalkmad\u0131? \" src=\"http:\/\/www.korhanyilmaz.com\/wp-content\/uploads\/2009\/04\/150420091201527689676.jpg\" alt=\"Hangi gazeteciler aya\u011fa kalkmad\u0131? \" width=\"329\" height=\"210\" \/><\/p>\n<p style=\"text-align: justify;\"><strong>Orgeneral \u0130lker Ba\u015fbu\u011f&#8217;un y\u0131ll\u0131k de\u011ferlendirme toplant\u0131s\u0131ndan notlar<\/strong><\/p>\n<p style=\"text-align: justify;\">Genelkurmay Ba\u015fkan\u0131 Orgeneral \u0130lker Ba\u015fbu\u011f&#8217;un Harp Akademileri Komutanl\u0131\u011f\u0131&#8217;nda yapt\u0131\u011f\u0131 y\u0131ll\u0131k de\u011ferlendirme toplant\u0131s\u0131 renkli izlenimlere de sahne oldu. <strong>Sabah yazar\u0131 Nazl\u0131 Il\u0131cak<\/strong>&#8216;\u0131n bug\u00fcnk\u00fc yaz\u0131s\u0131ndan notlar:<\/p>\n<p style=\"text-align: justify;\">&#8220;Askeri bir disiplin i\u00e7inde, her \u015fey \u00f6nceden haz\u0131rlanm\u0131\u015f, salonda ve yemekte oturaca\u011f\u0131m\u0131z yerler belirlenmi\u015fti.<\/p>\n<p style=\"text-align: justify;\">Basamaklardan inerken, G\u00fcng\u00f6r Uras&#8217;\u0131n koluna girdim ve ona &#8220;Gel seninle kol kola \u00e7a\u011fda\u015f (!) bir g\u00f6r\u00fcnt\u00fc verelim&#8221; diye tak\u0131ld\u0131m.<!--more--><\/p>\n<p style=\"text-align: justify;\">Herkes yerini ald\u0131ktan sonra, Genelkurmay Ba\u015fkan\u0131 Org. \u0130lker Ba\u015fbu\u011f geldi. \u00d6nce askerler aya\u011fa kalkt\u0131; siviller, &#8220;kalkal\u0131m m\u0131, kalkmayal\u0131m m\u0131&#8221; teredd\u00fcd\u00fcne d\u00fc\u015ft\u00fcler. Ama, tedricen, birbirine bakarak herkes yerinden do\u011fruldu.<\/p>\n<p style=\"text-align: justify;\"><strong>2 GAZETEC\u0130 AYA\u011eA KALKMADI: SADECE CUMHURBA\u015eKANI \u0130\u00c7\u0130N AYA\u011eA KALKARIZ<\/strong><\/p>\n<p style=\"text-align: justify;\">Murat Yetkin (Radikal) ve Fikret Bil\u00e2 (Milliyet), &#8220;Biz Ankaral\u0131y\u0131z, sadece cumhurba\u015fkan\u0131 i\u00e7in aya\u011fa kalkar\u0131z&#8221; dediler ve koltuklar\u0131n\u0131 muhafaza ettiler. Ben, &#8220;S\u00fcr\u00fcden ayr\u0131lan\u0131 kurt kapar&#8221; d\u00fc\u015f\u00fcncesiyle, \u00e7o\u011funlu\u011fa uydum&#8221;<\/p>\n<p style=\"text-align: justify;\"><strong>\u00d6ZK\u00d6K N\u0130YE YOKTU?<\/strong><\/p>\n<p style=\"text-align: justify;\">Eski Genelkurmay Ba\u015fkan\u0131 Hilmi \u00d6zk\u00f6k, Genelkurmay Ba\u015fkan\u0131 Orgeneral \u0130lker Ba\u015fbu\u011f&#8217;un konu\u015fma yapt\u0131\u011f\u0131 toplant\u0131ya neden kat\u0131lmad\u0131\u011f\u0131n\u0131 CNN T\u00dcRK&#8217;e a\u00e7\u0131klad\u0131.<\/p>\n<p style=\"text-align: justify;\">Hilmi \u00d6zk\u00f6k, toplant\u0131ya kat\u0131lmama nedeni olarak \u0130zmir&#8217;de ya\u015famas\u0131n\u0131 g\u00f6sterdi, &#8220;Eminim Say\u0131n Kenan Evren ve Ankara&#8217;da ikamet eden Necip Torumtay da kat\u0131lmam\u0131\u015ft\u0131r&#8221; dedi.<\/p>\n<p style=\"text-align: justify;\">Emekli Genelkurmay Ba\u015fkanlar\u0131n\u0131n tamam\u0131na yak\u0131n\u0131n\u0131n \u0130stanbul&#8217;a yerle\u015fti\u011fini belirten \u00d6zk\u00f6k, &#8220;Onlar benzer toplant\u0131lara kolayl\u0131kla katlabiliyor. Ben de \u0130stanbul&#8217;da olsam zevk ve heyecanla kat\u0131l\u0131rd\u0131m&#8221; diye konu\u015ftu.<\/p>\n<p style=\"text-align: justify;\">Hilmi \u00d6zk\u00f6k, canl\u0131 yay\u0131nlanan bu toplant\u0131lar\u0131 her yerden izlemenin de m\u00fcmk\u00fcn oldu\u011funu vurgulad\u0131.<\/p>\n<p style=\"text-align: justify;\">Bu arada baz\u0131 gazeteciler Genelkurmay Ba\u015fkanl\u0131\u011f\u0131&#8217;ndan ilk kez davet ald\u0131. Star Gazetesi Genel Yay\u0131n Y\u00f6netmeni Mustafa Karaalio\u011flu, ayn\u0131 gazetenin Ergenekon s\u00fcrecinde ad\u0131 s\u0131kca g\u00fcndeme gelen yazar\u0131 \u015eamil Tayyar, gazeteciler Nazl\u0131 Il\u0131cak ve Ali Bayramo\u011flu da davetliler aras\u0131nda yer ald\u0131.<\/p>\n<p style=\"text-align: justify;\">Konu\u015fmas\u0131n\u0131 yapmak i\u00e7in salona giren Genelkurmay Ba\u015fkan\u0131 Orgeneral \u0130lker Ba\u015fbu\u011f, protokol s\u0131ras\u0131nda yer alanlar\u0131n ellerini tek tek s\u0131kt\u0131.<\/p>\n<p style=\"text-align: justify;\">Ba\u015fbu\u011f, Eski Genelkurmay Ba\u015fkanlar\u0131 \u0130smail Hakk\u0131 Karaday\u0131 ve H\u00fcseyin K\u0131vr\u0131ko\u011flu&#8217;nun ortas\u0131na oturdu. Eski Genelkurmay Ba\u015fkanlar\u0131ndan Ya\u015far B\u00fcy\u00fckan\u0131t davetliler aras\u0131nda yer al\u0131rken, Eski Genelkurmay Ba\u015fkanlar\u0131ndan Hilmi \u00d6zk\u00f6k&#8217;\u00fcn olmamas\u0131 dikkat \u00e7ekti.<\/p>\n<p style=\"text-align: justify;\">Bu arada Ergenekon soru\u015fturmas\u0131 kapsam\u0131nda daha \u00f6nce g\u00f6zalt\u0131na al\u0131n\u0131p serbest b\u0131rak\u0131lan emekli orgeneral Kemal Yavuz da toplant\u0131da yer ald\u0131. Ba\u015fbu\u011f, Yavuz&#8217;un elini s\u0131kt\u0131ktan sonra yerine ge\u00e7ti.<\/p>\n<p style=\"text-align: justify;\">Genelkurmay Ba\u015fkan\u0131 Orgeneral Ba\u015fbu\u011f, kolundan \u00e7\u0131kard\u0131\u011f\u0131 saatini masan\u0131n \u00fczerine koydu. Yakla\u015f\u0131k 2 saat s\u00fcren konu\u015fmas\u0131n\u0131n ard\u0131ndan saatini koluna takmak yerine cebine koydu.<\/p>\n<p style=\"text-align: justify;\">Konu\u015fman\u0131n ard\u0131ndan konuklar onuruna verilen \u00f6\u011fle yeme\u011fi \u00f6ncesi Ba\u015fbu\u011f, davetlilire yemek salonun giri\u015finde kar\u015f\u0131lay\u0131p tek tek i\u00e7eri davet etti.<\/p>\n<p style=\"text-align: justify;\"><span style=\"color: #888888;\">Kaynak : Vatan<\/span><\/p>\n","protected":false},"excerpt":{"rendered":"<p style=\"text-align: center;\">\n<p style=\"text-align: justify;\">Orgeneral \u0130lker Ba\u015fbu\u011f&#8217;un y\u0131ll\u0131k de\u011ferlendirme toplant\u0131s\u0131ndan notlar<\/p>\n<p style=\"text-align: justify;\">Genelkurmay Ba\u015fkan\u0131 Orgeneral \u0130lker Ba\u015fbu\u011f&#8217;un Harp Akademileri Komutanl\u0131\u011f\u0131&#8217;nda yapt\u0131\u011f\u0131 y\u0131ll\u0131k de\u011ferlendirme toplant\u0131s\u0131 renkli izlenimlere de sahne oldu. Sabah yazar\u0131 Nazl\u0131 Il\u0131cak&#8216;\u0131n bug\u00fcnk\u00fc yaz\u0131s\u0131ndan notlar:<\/p>\n<p style=\"text-align: justify;\">&#8220;Askeri bir disiplin i\u00e7inde, her \u015fey \u00f6nceden haz\u0131rlanm\u0131\u015f, salonda ve yemekte oturaca\u011f\u0131m\u0131z yerler belirlenmi\u015fti.<\/p>\n<p  \n\n","protected":false},"author":1,"featured_media":0,"comment_status":"open","ping_status":"closed","sticky":false,"template":"","format":"standard","meta":{"footnotes":""},"categories":[105],"tags":[],"class_list":["post-8247","post","type-post","status-publish","format-standard","hentry","category-gundem","odd"],"_links":{"self":[{"href":"http:\/\/www.korhanyilmaz.com\/index.php?rest_route=\/wp\/v2\/posts\/8247","targetHints":{"allow":["GET"]}}],"collection":[{"href":"http:\/\/www.korhanyilmaz.com\/index.php?rest_route=\/wp\/v2\/posts"}],"about":[{"href":"http:\/\/www.korhanyilmaz.com\/index.php?rest_route=\/wp\/v2\/types\/post"}],"author":[{"embeddable":true,"href":"http:\/\/www.korhanyilmaz.com\/index.php?rest_route=\/wp\/v2\/users\/1"}],"replies":[{"embeddable":true,"href":"http:\/\/www.korhanyilmaz.com\/index.php?rest_route=%2Fwp%2Fv2%2Fcomments&post=8247"}],"version-history":[{"count":0,"href":"http:\/\/www.korhanyilmaz.com\/index.php?rest_route=\/wp\/v2\/posts\/8247\/revisions"}],"wp:attachment":[{"href":"http:\/\/www.korhanyilmaz.com\/index.php?rest_route=%2Fwp%2Fv2%2Fmedia&parent=8247"}],"wp:term":[{"taxonomy":"category","embeddable":true,"href":"http:\/\/www.korhanyilmaz.com\/index.php?rest_route=%2Fwp%2Fv2%2Fcategories&post=8247"},{"taxonomy":"post_tag","embeddable":true,"href":"http:\/\/www.korhanyilmaz.com\/index.php?rest_route=%2Fwp%2Fv2%2Ftags&post=8247"}],"curies":[{"name":"wp","href":"https:\/\/api.w.org\/{rel}","templated":true}]}}