{"id":8241,"date":"2009-04-15T10:28:16","date_gmt":"2009-04-15T07:28:16","guid":{"rendered":"http:\/\/www.korhanyilmaz.com\/?p=8241"},"modified":"2009-04-15T10:28:16","modified_gmt":"2009-04-15T07:28:16","slug":"iki-secmenden-biri-erdogani-uzecek","status":"publish","type":"post","link":"http:\/\/www.korhanyilmaz.com\/?p=8241","title":{"rendered":"\u0130ki se\u00e7menden biri Erdo\u011fan&#039;\u0131 \u00fczecek!"},"content":{"rendered":"<p style=\"text-align: justify;\"><img loading=\"lazy\" decoding=\"async\" class=\"aligncenter size-full wp-image-8242\" title=\" \u0130ki se\u00e7menden biri Erdo\u011fan'\u0131 \u00fczecek! \" src=\"http:\/\/www.korhanyilmaz.com\/wp-content\/uploads\/2009\/04\/150420091046122736784.jpg\" alt=\" \u0130ki se\u00e7menden biri Erdo\u011fan'\u0131 \u00fczecek! \" width=\"329\" height=\"210\" \/><strong><\/strong><\/p>\n<p style=\"text-align: justify;\"><strong>Partisi, son genel se\u00e7imlerde oylar\u0131n yar\u0131s\u0131na yak\u0131n\u0131n\u0131 alan Erdo\u011fan i\u00e7in bug\u00fcn, se\u00e7menin yar\u0131s\u0131 &#8216;Erdo\u011fan ho\u015fg\u00f6r\u00fcs\u00fcz&#8217; diyor<\/strong><\/p>\n<p style=\"text-align: justify;\">\u0130ki se\u00e7menden biri Erdo\u011fan&#8217;\u0131n &#8220;ho\u015fg\u00f6r\u00fcs\u00fcz&#8221; oldu\u011funu d\u00fc\u015f\u00fcn\u00fcyor. AKP&#8217;li se\u00e7menin y\u00fczde 20&#8217;si bile &#8220;ho\u015fg\u00f6r\u00fcs\u00fcz&#8221; g\u00f6r\u00fc\u015f\u00fcne kat\u0131l\u0131yor. AKP y\u00fczde 50 oy alsayd\u0131, &#8220;T\u00fcrkiye gerilip, otoriter bir rejime do\u011fru giderdi&#8221; g\u00f6r\u00fc\u015f\u00fcne y\u00fczde 35 kat\u0131l\u0131yor. Y\u00fczde 18 de &#8220;Belki, olabilirdi&#8221; diyor<\/p>\n<p style=\"text-align: justify;\">A&amp;G Ara\u015ft\u0131rma \u015eirketi&#8217;nin yapt\u0131\u011f\u0131 se\u00e7im sonras\u0131 ankete g\u00f6re, se\u00e7menlerin y\u00fczde 48.7&#8217;si, &#8220;Ba\u015fbakan Recep Tayyip Erdo\u011fan&#8217;\u0131n sert ve ho\u015fg\u00f6r\u00fcs\u00fcz oldu\u011fu, muhaliflerini azarlad\u0131\u011f\u0131&#8221; ele\u015ftirilerine kat\u0131l\u0131yor. <!--more--><\/p>\n<p style=\"text-align: justify;\">AKP&#8217;li se\u00e7menlerin bile y\u00fczde 20&#8217;si, Erdo\u011fan&#8217;\u0131n ho\u015fg\u00f6r\u00fcs\u00fcz oldu\u011funu d\u00fc\u015f\u00fcn\u00fcyor. Ankete kat\u0131lanlar\u0131n y\u00fczde 35.7&#8217;si AKP&#8217;nin y\u00fczde 50 oya ula\u015fmas\u0131 halinde otoriter rejimin gelece\u011fine inan\u0131yor.<\/p>\n<p style=\"text-align: justify;\">4-5 Nisan tarihleri aras\u0131nda 1876 ki\u015fiyle yap\u0131lan ankete g\u00f6re, halk\u0131n y\u00fczde 48.7&#8217;si Erdo\u011fan&#8217;\u0131 ho\u015fg\u00f6r\u00fcs\u00fcz davranmakla ve s\u0131k\u00e7a \u00e7at\u0131\u015fmac\u0131 olmakla ele\u015ftiriyor.<\/p>\n<p style=\"text-align: justify;\">Y\u00fczde 38.5&#8217;i ise Ba\u015fbakan&#8217;\u0131n ho\u015fg\u00f6r\u00fcs\u00fcz olmad\u0131\u011f\u0131n\u0131 d\u00fc\u015f\u00fcn\u00fcyor. Muhalif partilere oy verdi\u011fini s\u00f6yleyenler, Erdo\u011fan&#8217;\u0131n tav\u0131rlar\u0131n\u0131 ortalaman\u0131n \u00fczerinde ho\u015fg\u00f6r\u00fcs\u00fcz buluyor.<\/p>\n<p style=\"text-align: justify;\">Erdo\u011fan&#8217;\u0131 en fazla CHP&#8217;liler ho\u015fg\u00f6r\u00fcs\u00fcz olarak de\u011ferlendirirken, AKP&#8217;lilerin y\u00fczde 67.7&#8217;si Erdo\u011fan&#8217;\u0131n ho\u015fg\u00f6r\u00fcs\u00fcz olmad\u0131\u011f\u0131 kanaatinde. Erkekler, kad\u0131nlardan daha fazla oranda Erdo\u011fan&#8217;\u0131n tav\u0131rlar\u0131n\u0131 sert ve ho\u015fg\u00f6r\u00fcs\u00fcz buluyor.<\/p>\n<p style=\"text-align: justify;\">Gen\u00e7ler ise Erdo\u011fan&#8217;\u0131n tav\u0131rlar\u0131n\u0131 di\u011fer ya\u015f gruplar\u0131na g\u00f6re daha fazla oranda sert ve ho\u015fg\u00f6r\u00fcs\u00fcz olarak de\u011ferlendiriyor. E\u011fitim seviyesi y\u00fckseldik\u00e7e, &#8220;Ba\u015fbakan&#8217;\u0131n tav\u0131rlar\u0131 ho\u015fg\u00f6r\u00fcs\u00fcz ve azarlay\u0131c\u0131&#8221; diyenlerin oran\u0131 ortalaman\u0131n \u00fcst\u00fcne \u00e7\u0131k\u0131yor.<\/p>\n<p style=\"text-align: justify;\">\u0130lkokul mezunlar\u0131n\u0131n y\u00fczde 38.2&#8217;si Erdo\u011fan&#8217;\u0131 ho\u015fg\u00f6r\u00fcs\u00fcz olarak de\u011ferlendirirken, \u00fcniversite mezunlar\u0131 aras\u0131nda bu oran y\u00fczde 67.4&#8217;e \u00e7\u0131k\u0131yor. Ba\u015fbakan&#8217;\u0131n sert ve azarlay\u0131c\u0131 tav\u0131rlar\u0131 oldu\u011funu s\u00f6yleyenler, bu tav\u0131rlar\u0131n AKP&#8217;ye \u00e7ok oy kaybettirdi\u011fini d\u00fc\u015f\u00fcn\u00fcyor.<\/p>\n<p style=\"text-align: justify;\">Erdo\u011fan&#8217;\u0131n tav\u0131rlar\u0131n\u0131 ho\u015fg\u00f6r\u00fcs\u00fcz bulanlar\u0131n y\u00fczde 46.2&#8217;si, bu yakla\u015f\u0131m\u0131n AKP&#8217;ye \u00e7ok oy kaybettirdi\u011fini belirtiyor.<\/p>\n<p style=\"text-align: justify;\"><strong>Otoriter rejim <\/strong><\/p>\n<p style=\"text-align: justify;\">Ankete kat\u0131lanlar, &#8220;&#8216;Ba\u015fbakan son zamanlarda \u00e7ok otoriter olmaya ba\u015flam\u0131\u015ft\u0131. Oyu d\u00fc\u015ft\u00fc iyi oldu yoksa, daha da sertle\u015fecek, T\u00fcrkiye gerilecek, otoriter bir rejime do\u011fru gidilecekti&#8217; diyenler var. Sizce, AKP y\u00fczde 50 oy alsayd\u0131, b\u00f6yle bir sonu\u00e7 olur muydu? Bu fikre kat\u0131l\u0131yor musunuz?&#8221; sorusuna \u015fu yan\u0131tlar\u0131 verdi:<\/p>\n<p style=\"text-align: justify;\">Yan\u0131tlar\u0131n y\u00fczde 35.7&#8217;si &#8220;Evet kat\u0131l\u0131yorum, getirirdi&#8221; oldu. Kat\u0131l\u0131mc\u0131lar\u0131n y\u00fczde 18.5&#8217;i, &#8220;Belki, olabilirdi&#8221; derken, y\u00fczde 34.1&#8217;i buna kat\u0131lmad\u0131\u011f\u0131n\u0131 vurgulad\u0131.<br \/>\n\u0130l Genel Meclisi se\u00e7iminde, oyunu AKP&#8217;ye verdi\u011fini s\u00f6yleyenlerin y\u00fczde 54.5&#8217;i &#8220;Hay\u0131r getirmezdi, kat\u0131lm\u0131yorum&#8221; dedi. CHP&#8217;ye oy verenlerin y\u00fczde 56.2&#8217;si, MHP&#8217;ye oy verenlerin y\u00fczde 51.4&#8217;\u00fc &#8220;Evet, getirirdi&#8221; yan\u0131t\u0131n\u0131 verdi.<br \/>\nSP&#8217;ye oy verenlerin y\u00fczde 44.9&#8217;u da bu soruya &#8220;Hay\u0131r&#8221; dedi.\n<\/p>\n<p style=\"text-align: justify;\"><strong>Kad\u0131nlar\u0131n korkusu<\/strong><\/p>\n<p style=\"text-align: justify;\">AKP&#8217;nin y\u00fczde 50 oy almas\u0131 durumunda otoriter rejiminin gelece\u011fi d\u00fc\u015f\u00fcncesi erkekler aras\u0131nda daha yayg\u0131n. Erkeklerin y\u00fczde 38.2&#8217;si, kad\u0131nlar\u0131n y\u00fczde 33.1&#8217;i otoriter rejimin gelece\u011fini d\u00fc\u015f\u00fcn\u00fcyor.<\/p>\n<p style=\"text-align: justify;\">E\u011fitim seviyesi y\u00fckseldik\u00e7e, otoriter rejimin gelece\u011fine inananlar\u0131n da oran\u0131 art\u0131yor. \u0130lkokul mezunlar\u0131n\u0131n y\u00fczde 29.1&#8217;i, ortaokul-lise mezunlar\u0131n\u0131n y\u00fczde 38.2&#8217;si, \u00fcniversite mezunlar\u0131n\u0131n ise y\u00fczde 47.7&#8217;si &#8220;y\u00fczde 50 oy oran\u0131n\u0131n otoriter rejim getirece\u011fini&#8221; d\u00fc\u015f\u00fcn\u00fcyor.<\/p>\n<p style=\"text-align: justify;\"><strong>2009 k\u00f6t\u00fcmser<\/strong><\/p>\n<p style=\"text-align: justify;\">Ankete kat\u0131lanlar, &#8220;Sizce, 2009&#8217;da bizi nas\u0131l bir T\u00fcrkiye bekliyor? Tahmininiz nedir?&#8221; sorusuna kar\u015f\u0131l\u0131k, karamsar bir tablo \u00e7izdi. Kat\u0131l\u0131mc\u0131lar\u0131n y\u00fczde 27.7&#8217;si &#8220;Daha iyi&#8221;, y\u00fczde 31.7&#8217;si &#8220;Ayn\u0131&#8221; yan\u0131t\u0131n\u0131 verirken, y\u00fczde 40.6&#8217;s\u0131 &#8220;Daha k\u00f6t\u00fc&#8221; yorumunu yapt\u0131.<\/p>\n<p style=\"text-align: justify;\">Muhalefet partilerine oy verenler 2009 i\u00e7in daha umutsuz konu\u015furken, AKP&#8217;lilerin y\u00fczde 50.2&#8217;si daha iyi bir y\u0131l beklediklerini s\u00f6yledi. CHP&#8217;lilerin y\u00fczde 62.8&#8217;i, MHP&#8217;lilerin y\u00fczde 57.1&#8217;i, DTP&#8217;lilerin y\u00fczde 48.1&#8217;i 2009&#8217;un daha k\u00f6t\u00fc bir y\u0131l olaca\u011f\u0131n\u0131 s\u00f6yl\u00fcyor. AKP&#8217;ye oy verenlerin ise y\u00fczde 35.4&#8217;\u00fc &#8220;Ayn\u0131&#8221;, y\u00fczde 14.4&#8217;\u00fc &#8220;Daha k\u00f6t\u00fc&#8221; yan\u0131t\u0131n\u0131 verdi.<\/p>\n<p style=\"text-align: justify;\"><strong>Erkekler karamsar<\/strong><\/p>\n<p style=\"text-align: justify;\">Erkekler 2009 y\u0131l\u0131na daha karamsar bak\u0131yor. Erkeklerin y\u00fczde 44.4&#8217;\u00fc, kad\u0131nlar\u0131n y\u00fczde 36.6&#8217;s\u0131 2009&#8217;un daha k\u00f6t\u00fc olaca\u011f\u0131n\u0131 d\u00fc\u015f\u00fcn\u00fcyor. Erkeklerin y\u00fczde 27.1&#8217;i, kad\u0131nlar\u0131n ise y\u00fczde 28.4&#8217;\u00fc 2009&#8217;un daha iyi olaca\u011f\u0131 kanaatinde.<br \/>\nGen\u00e7ler ve 44 ya\u015f \u00fczeri se\u00e7menler, genel ortalaman\u0131n \u00fczerinde daha k\u00f6t\u00fc bir y\u0131l bekliyor. 27 ya\u015f ve alt\u0131 se\u00e7menlerin y\u00fczde 41.1&#8217;i, 28-43 ya\u015f aras\u0131 se\u00e7menlerin y\u00fczde 36.9&#8217;u, 44 ya\u015f ve \u00fcst\u00fc se\u00e7menlerin y\u00fczde 43.3&#8217;\u00fc 2009&#8217;un daha k\u00f6t\u00fc olaca\u011f\u0131n\u0131 tahmin ediyor.\n<\/p>\n<p style=\"text-align: justify;\">E\u011fitim y\u00fckseldik\u00e7e, karamsarlar\u0131n oran\u0131 da h\u0131zla art\u0131yor. \u0130lkokul mezunlar\u0131n\u0131n y\u00fczde 35.7&#8217;si, ortaokul-lise mezunlar\u0131n\u0131n y\u00fczde 42.7&#8217;si, \u00fcniversite mezunlar\u0131n\u0131n y\u00fczde 48&#8217;i &#8220;Daha k\u00f6t\u00fc&#8221; yan\u0131t\u0131n\u0131 verdi. B\u00fcy\u00fck\u015fehirlerden k\u0131rsal kesime do\u011fru gidildik\u00e7e de karamsarlar\u0131n oran\u0131 art\u0131yor.<\/p>\n<p style=\"text-align: justify;\"><strong>Ba\u015fbakan&#8217;\u0131n \u00fcslubu<\/strong><\/p>\n<p style=\"text-align: justify;\">Ara\u015ft\u0131rma sonu\u00e7lar\u0131na bakt\u0131\u011f\u0131m\u0131zda, toplam se\u00e7menin y\u00fczde 48,7&#8217;sinin Ba\u015fbakan&#8217;\u0131n \u00fcslubunu sert buldu\u011funu ve Ba\u015fbakan&#8217;\u0131 ho\u015fg\u00f6r\u00fcs\u00fcz olarak tan\u0131mlad\u0131\u011f\u0131n\u0131 g\u00f6r\u00fcyoruz.<\/p>\n<p style=\"text-align: justify;\">Oyunu AKP d\u0131\u015f\u0131ndaki partilere veren se\u00e7menler y\u00fcksek oranda, Ba\u015fbakan&#8217;\u0131n \u00fcslubu sert demi\u015ftir. AKP&#8217;ye oy veren her 100 se\u00e7menden 20&#8217;si de Ba\u015fbakan sert ve ho\u015fg\u00f6r\u00fcs\u00fcz cevab\u0131 vermi\u015ftir.<\/p>\n<p style=\"text-align: justify;\">Erkekler, gen\u00e7ler, genel ortalaman\u0131n \u00fczerinde Ba\u015fbakan i\u00e7in sert ve ho\u015fg\u00f6r\u00fcs\u00fcz demi\u015ftir. E\u011fitim y\u00fckseldik\u00e7e Ba\u015fbakan&#8217;\u0131 ho\u015fg\u00f6r\u00fcs\u00fcz bulanlar\u0131n oran\u0131nda \u00e7ok h\u0131zl\u0131 bir art\u0131\u015f g\u00f6zlemlenmektedir.<\/p>\n<p style=\"text-align: justify;\">Elbette ki, bu sonu\u00e7ta se\u00e7men profillerinin de etkisi var. \u00c7\u00fcnk\u00fc, e\u011fitim y\u00fckseldik\u00e7e muhalefet partilerine oy verenlerin oran\u0131 art\u0131yor.<\/p>\n<p style=\"text-align: justify;\">Ba\u015fbakan&#8217;\u0131 sert ve ho\u015fg\u00f6r\u00fcs\u00fcz bulanlar bu tavr\u0131n son se\u00e7imde AKP&#8217;ye \u00e7ok oy kaybettirdi\u011fini d\u00fc\u015f\u00fcn\u00fcyor. (Y\u00fczde 46.2).<\/p>\n<p style=\"text-align: justify;\">Se\u00e7im sonu\u00e7lar\u0131na etkisi olmam\u0131\u015ft\u0131r diyenlerin oran\u0131 sadece y\u00fczde 14.7&#8217;dir.<\/p>\n<p style=\"text-align: justify;\">D\u00fcn yay\u0131mlanan b\u00f6l\u00fcmde de sonu\u00e7lar\u0131n\u0131 g\u00f6rd\u00fc\u011f\u00fcm\u00fcz gibi, Ba\u015fbakan&#8217;\u0131n sert tavr\u0131n\u0131n 29 Mart yerel se\u00e7imlerinde AKP&#8217;nin oy kayb\u0131nda \u00e7ok ciddi bir etkisi oldu\u011fu a\u015fikar.<\/p>\n<p style=\"text-align: justify;\">G\u00f6r\u00fcnen o ki, ayl\u0131k d\u00fczenli olarak yapt\u0131\u011f\u0131m\u0131z ara\u015ft\u0131rmalarda, Ba\u015fbakan Sn. Recep Tayyip Erdo\u011fan&#8217;\u0131 &#8220;Y\u00fcrekli &#8211; cesur &#8211; delikanl\u0131&#8221; gibi s\u0131fatlarla tan\u0131mlayanlar\u0131n bir k\u0131sm\u0131 bile son d\u00f6nemlerde, \u00f6zellikle se\u00e7im meydanlar\u0131ndaki \u00e7\u0131k\u0131\u015flar\u0131n\u0131, sert ve ho\u015fg\u00f6r\u00fcs\u00fcz olarak nitelendiriyor.<\/p>\n<p style=\"text-align: justify;\"><strong>Otoriter rejim<\/strong><\/p>\n<p style=\"text-align: justify;\">&#8220;Y\u00fczde 50 oyla AKP otoriter bir rejim getirir mi?&#8221; sorusuna verilen yan\u0131tlara bakt\u0131\u011f\u0131m\u0131zda, se\u00e7menin \u00fc\u00e7 ayr\u0131 g\u00f6r\u00fc\u015fe b\u00f6l\u00fcnd\u00fc\u011f\u00fcn\u00fc g\u00f6r\u00fcyoruz. 1 \/ 3&#8217;\u00fc &#8220;Evet, AKP y\u00fczde 50 oy alsayd\u0131, bu bizi daha otoriter bir rejime g\u00f6t\u00fcr\u00fcrd\u00fc&#8221; derken, 1 \/ 3 &#8220;Hay\u0131r, g\u00f6t\u00fcrmezdi&#8221; yan\u0131t\u0131n\u0131 vermi\u015ftir.<br \/>\nDi\u011fer 1 \/ 3&#8217;\u00fcn ise kafas\u0131 kar\u0131\u015f\u0131k. Bu kesimin, &#8220;Belki g\u00f6t\u00fcr\u00fcrd\u00fc&#8221; dedi\u011fini veya bu soruya cevap vermedi\u011fini \/ veremedi\u011fini g\u00f6zlemliyoruz.\n<\/p>\n<p style=\"text-align: justify;\">AKP se\u00e7meninin bile sadece y\u00fczde 54.5&#8217;inin bu soruya &#8220;hay\u0131r&#8221; cevab\u0131 vermesi d\u00fc\u015f\u00fcnd\u00fcr\u00fcc\u00fcd\u00fcr. Erkeklerin, gen\u00e7lerin ve e\u011fitimlilerin son se\u00e7imlerde AKP&#8217;nin y\u00fcksek oy almas\u0131 halinde b\u00f6yle bir endi\u015felerinin oldu\u011funu ara\u015ft\u0131rma sonu\u00e7lar\u0131ndan anl\u0131yoruz.<\/p>\n<p style=\"text-align: justify;\"><strong>Gelecekten beklenti?<\/strong><\/p>\n<p style=\"text-align: justify;\">Sonu\u00e7lara bakt\u0131\u011f\u0131m\u0131zda, se\u00e7menin \u00f6nemli bir b\u00f6l\u00fcm\u00fcn\u00fcn gelecek konusunda kayg\u0131l\u0131 ve karamsar oldu\u011funu g\u00f6r\u00fcyoruz. Son se\u00e7imlerde sand\u0131\u011fa gitmeyenler ve muhalefet partilerine oy verenler, gelecek konusunda daha kayg\u0131l\u0131.<\/p>\n<p style=\"text-align: justify;\">Ancak, gelecek ile ilgili kayg\u0131lar\u0131 sadece siyasi sonu\u00e7lara indirgemek do\u011fru de\u011fil. Ara\u015ft\u0131rma sonu\u00e7lar\u0131, kayg\u0131lar\u0131n daha \u00e7ok a\u015f, i\u015f gibi toplumun temel sorunlar\u0131ndan kaynakland\u0131\u011f\u0131n\u0131 g\u00f6steriyor.<\/p>\n<p style=\"text-align: justify;\">\u015eubat 2008&#8217;den bu yana yapt\u0131\u011f\u0131m\u0131z t\u00fcm ara\u015ft\u0131rmalarda, gelecek endi\u015fesi ta\u015f\u0131yan \u00f6nemli bir kitlenin oldu\u011fu g\u00f6r\u00fcl\u00fcyor ve toplumun yoksulluk alg\u0131s\u0131nda da \u00f6nemli bir art\u0131\u015f var.<\/p>\n<p style=\"text-align: justify;\">T\u00fcrban yasa tasar\u0131s\u0131yla, yarg\u0131yla h\u00fck\u00fcmet aras\u0131nda ba\u015flayan, kapatma davas\u0131 s\u00fcrecinde daha da derinle\u015fen, \u00fcst\u00fcne ekonomik krizin tuz biber ekti\u011fi karamsarl\u0131k ve endi\u015fe halinin en k\u0131sa zamanda giderilmesi, bu \u00fclkede ya\u015fayan herkesin en \u00f6nemli dile\u011fi.<\/p>\n<p style=\"text-align: justify;\"><span style=\"color: #888888;\">Kaynak : Vatan<\/span><\/p>\n","protected":false},"excerpt":{"rendered":"<p style=\"text-align: justify;\">\n<p style=\"text-align: justify;\">Partisi, son genel se\u00e7imlerde oylar\u0131n yar\u0131s\u0131na yak\u0131n\u0131n\u0131 alan Erdo\u011fan i\u00e7in bug\u00fcn, se\u00e7menin yar\u0131s\u0131 &#8216;Erdo\u011fan ho\u015fg\u00f6r\u00fcs\u00fcz&#8217; diyor<\/p>\n<p style=\"text-align: justify;\">\u0130ki se\u00e7menden biri Erdo\u011fan&#8217;\u0131n &#8220;ho\u015fg\u00f6r\u00fcs\u00fcz&#8221; oldu\u011funu d\u00fc\u015f\u00fcn\u00fcyor. AKP&#8217;li se\u00e7menin y\u00fczde 20&#8217;si bile &#8220;ho\u015fg\u00f6r\u00fcs\u00fcz&#8221; g\u00f6r\u00fc\u015f\u00fcne kat\u0131l\u0131yor. AKP y\u00fczde 50 oy alsayd\u0131, &#8220;T\u00fcrkiye gerilip, otoriter bir rejime do\u011fru giderdi&#8221; g\u00f6r\u00fc\u015f\u00fcne y\u00fczde 35 kat\u0131l\u0131yor. Y\u00fczde <\/p>\n","protected":false},"author":1,"featured_media":0,"comment_status":"open","ping_status":"closed","sticky":false,"template":"","format":"standard","meta":{"footnotes":""},"categories":[105],"tags":[],"class_list":["post-8241","post","type-post","status-publish","format-standard","hentry","category-gundem","odd"],"_links":{"self":[{"href":"http:\/\/www.korhanyilmaz.com\/index.php?rest_route=\/wp\/v2\/posts\/8241","targetHints":{"allow":["GET"]}}],"collection":[{"href":"http:\/\/www.korhanyilmaz.com\/index.php?rest_route=\/wp\/v2\/posts"}],"about":[{"href":"http:\/\/www.korhanyilmaz.com\/index.php?rest_route=\/wp\/v2\/types\/post"}],"author":[{"embeddable":true,"href":"http:\/\/www.korhanyilmaz.com\/index.php?rest_route=\/wp\/v2\/users\/1"}],"replies":[{"embeddable":true,"href":"http:\/\/www.korhanyilmaz.com\/index.php?rest_route=%2Fwp%2Fv2%2Fcomments&post=8241"}],"version-history":[{"count":0,"href":"http:\/\/www.korhanyilmaz.com\/index.php?rest_route=\/wp\/v2\/posts\/8241\/revisions"}],"wp:attachment":[{"href":"http:\/\/www.korhanyilmaz.com\/index.php?rest_route=%2Fwp%2Fv2%2Fmedia&parent=8241"}],"wp:term":[{"taxonomy":"category","embeddable":true,"href":"http:\/\/www.korhanyilmaz.com\/index.php?rest_route=%2Fwp%2Fv2%2Fcategories&post=8241"},{"taxonomy":"post_tag","embeddable":true,"href":"http:\/\/www.korhanyilmaz.com\/index.php?rest_route=%2Fwp%2Fv2%2Ftags&post=8241"}],"curies":[{"name":"wp","href":"https:\/\/api.w.org\/{rel}","templated":true}]}}