{"id":8237,"date":"2009-04-15T10:16:22","date_gmt":"2009-04-15T07:16:22","guid":{"rendered":"http:\/\/www.korhanyilmaz.com\/?p=8237"},"modified":"2009-04-15T10:16:22","modified_gmt":"2009-04-15T07:16:22","slug":"f-16-ucagi-yere-cakildi-pilot-sehit-oldu","status":"publish","type":"post","link":"http:\/\/www.korhanyilmaz.com\/?p=8237","title":{"rendered":"F-16 u\u00e7a\u011f\u0131 yere \u00e7ak\u0131ld\u0131, pilot \u015fehit oldu"},"content":{"rendered":"<p style=\"text-align: center;\"><img loading=\"lazy\" decoding=\"async\" class=\"aligncenter size-full wp-image-8238\" title=\"F-16 u\u00e7a\u011f\u0131 yere \u00e7ak\u0131ld\u0131, pilot \u015fehit oldu \" src=\"http:\/\/www.korhanyilmaz.com\/wp-content\/uploads\/2009\/04\/cb620ac3e43e8d498b23bb8cx.jpg\" alt=\"F-16 u\u00e7a\u011f\u0131 yere \u00e7ak\u0131ld\u0131, pilot \u015fehit oldu \" width=\"333\" height=\"175\" \/><\/p>\n<p style=\"text-align: justify;\">Bursa&#8217;n\u0131n Mustafakemalpa\u015fa il\u00e7esi yak\u0131nlar\u0131nda d\u00fc\u015fen F-16 tipi sava\u015f u\u00e7a\u011f\u0131n\u0131n pilotu \u00fcste\u011fmen Fatih Kor\u00e7am&#8217;\u0131n \u015fehit oldu\u011fu \u00f6\u011frenildi.<\/p>\n<p>B\u00f6lgede arama kurtarma ekiplerinin \u00e7al\u0131\u015fmalar\u0131 aral\u0131ks\u0131z devam ederken, Hava Pilot \u00dcste\u011fmen Kor\u00e7al&#8217;\u0131n kazadan kurtulamad\u0131\u011f\u0131 belirtildi.<!--more--><br \/>\n<strong><br \/>\nU\u00c7AK YERE \u00c7AKILDI<br \/>\n<\/strong><br \/>\nBursa&#8217;n\u0131n Mustafakemalpa\u015fa il\u00e7esi yak\u0131nlar\u0131nda gece d\u00fc\u015fen F-16 tipi sava\u015f u\u00e7a\u011f\u0131n\u0131n havada infilak etmedi\u011fi, yere \u00e7ak\u0131ld\u0131\u011f\u0131 \u00f6\u011frenildi.<\/p>\n<p>Bal\u0131kesir 9. Ana Jet \u00dcss\u00fc&#8217;nden e\u011fitim ama\u00e7l\u0131 havaland\u0131\u011f\u0131 belirtilen sava\u015f u\u00e7a\u011f\u0131n\u0131n, Mustafakemalpa\u015fa&#8217;ya ba\u011fl\u0131 Muradiye Sarn\u0131\u00e7 k\u00f6y\u00fc yak\u0131nlar\u0131nda yere \u00e7ak\u0131ld\u0131\u011f\u0131 bildirildi.<\/p>\n<p>Bu arada, Hava Pilot \u00dcste\u011fmen Fatih Kor\u00e7am&#8217;\u0131n kurtarabilece\u011fi \u00fcmidiyle son ana kadar u\u00e7a\u011f\u0131 terk etmedi\u011finin san\u0131ld\u0131\u011f\u0131 kaydedildi.\n<\/p>\n<p style=\"text-align: justify;\"><span style=\"color: #888888;\">Kaynak : Sabah<\/span><\/p>\n","protected":false},"excerpt":{"rendered":"<p style=\"text-align: center;\">\n<p style=\"text-align: justify;\">Bursa&#8217;n\u0131n Mustafakemalpa\u015fa il\u00e7esi yak\u0131nlar\u0131nda d\u00fc\u015fen F-16 tipi sava\u015f u\u00e7a\u011f\u0131n\u0131n pilotu \u00fcste\u011fmen Fatih Kor\u00e7am&#8217;\u0131n \u015fehit oldu\u011fu \u00f6\u011frenildi.<\/p>\n<p>B\u00f6lgede arama kurtarma ekiplerinin \u00e7al\u0131\u015fmalar\u0131 aral\u0131ks\u0131z devam ederken, Hava Pilot \u00dcste\u011fmen Kor\u00e7al&#8217;\u0131n kazadan kurtulamad\u0131\u011f\u0131 belirtildi.<\/p>\n","protected":false},"author":1,"featured_media":0,"comment_status":"open","ping_status":"closed","sticky":false,"template":"","format":"standard","meta":{"footnotes":""},"categories":[105],"tags":[],"class_list":["post-8237","post","type-post","status-publish","format-standard","hentry","category-gundem","odd"],"_links":{"self":[{"href":"http:\/\/www.korhanyilmaz.com\/index.php?rest_route=\/wp\/v2\/posts\/8237","targetHints":{"allow":["GET"]}}],"collection":[{"href":"http:\/\/www.korhanyilmaz.com\/index.php?rest_route=\/wp\/v2\/posts"}],"about":[{"href":"http:\/\/www.korhanyilmaz.com\/index.php?rest_route=\/wp\/v2\/types\/post"}],"author":[{"embeddable":true,"href":"http:\/\/www.korhanyilmaz.com\/index.php?rest_route=\/wp\/v2\/users\/1"}],"replies":[{"embeddable":true,"href":"http:\/\/www.korhanyilmaz.com\/index.php?rest_route=%2Fwp%2Fv2%2Fcomments&post=8237"}],"version-history":[{"count":0,"href":"http:\/\/www.korhanyilmaz.com\/index.php?rest_route=\/wp\/v2\/posts\/8237\/revisions"}],"wp:attachment":[{"href":"http:\/\/www.korhanyilmaz.com\/index.php?rest_route=%2Fwp%2Fv2%2Fmedia&parent=8237"}],"wp:term":[{"taxonomy":"category","embeddable":true,"href":"http:\/\/www.korhanyilmaz.com\/index.php?rest_route=%2Fwp%2Fv2%2Fcategories&post=8237"},{"taxonomy":"post_tag","embeddable":true,"href":"http:\/\/www.korhanyilmaz.com\/index.php?rest_route=%2Fwp%2Fv2%2Ftags&post=8237"}],"curies":[{"name":"wp","href":"https:\/\/api.w.org\/{rel}","templated":true}]}}