{"id":8234,"date":"2009-04-15T12:48:14","date_gmt":"2009-04-15T09:48:14","guid":{"rendered":"http:\/\/www.korhanyilmaz.com\/?p=8234"},"modified":"2009-04-15T12:48:14","modified_gmt":"2009-04-15T09:48:14","slug":"1-mayista-taksimde-olacagiz","status":"publish","type":"post","link":"http:\/\/www.korhanyilmaz.com\/?p=8234","title":{"rendered":"&quot;1 May\u0131s&#039;ta Taksim&#039;de olaca\u011f\u0131z&quot;"},"content":{"rendered":"<p style=\"text-align: center;\"><img loading=\"lazy\" decoding=\"async\" class=\"aligncenter size-full wp-image-8235\" title=\"D\u0130SK Genel Ba\u015fkan\u0131 S\u00fcleyman \u00c7elebi\" src=\"http:\/\/www.korhanyilmaz.com\/wp-content\/uploads\/2009\/04\/f52712540fedaa428eace93bx.jpg\" alt=\"D\u0130SK Genel Ba\u015fkan\u0131 S\u00fcleyman \u00c7elebi\" width=\"333\" height=\"175\" \/><\/p>\n<p style=\"text-align: justify;\">D\u0130SK Genel Ba\u015fkan\u0131 S\u00fcleyman \u00c7elebi 1 May\u0131s&#8217;la ilgili a\u00e7\u0131klamalarda bulundu. \u00c7elebi &#8220;1 May\u0131s&#8217;ta Taksim&#8217;de olaca\u011f\u0131z&#8221; dedi.<\/p>\n<p>\u0130\u015fte konu\u015fmalar\u0131ndan k\u0131sa ba\u015fl\u0131klar;<\/p>\n<p>&#8211; \u0130ktidar\u0131, bar\u0131\u015f ortam\u0131na zarar verecek her t\u00fcrl\u00fc olaydan vazge\u00e7meye ve toplumsal bar\u0131\u015fa kar\u015f\u0131 duyarl\u0131 olmaya davet ediyoruz<\/p>\n<p>&#8211; Her t\u00fcrl\u00fc etkinli\u011fe a\u00e7\u0131k olan Taksim&#8217;in i\u015f\u00e7ilere kar\u015f\u0131 uygulanan yasa\u011f\u0131n kalkmas\u0131 i\u00e7in giri\u015fimlerimizi s\u00fcrd\u00fcr\u00fcyoruz.<\/p>\n","protected":false},"excerpt":{"rendered":"<p style=\"text-align: center;\">\n<p style=\"text-align: justify;\">D\u0130SK Genel Ba\u015fkan\u0131 S\u00fcleyman \u00c7elebi 1 May\u0131s&#8217;la ilgili a\u00e7\u0131klamalarda bulundu. \u00c7elebi &#8220;1 May\u0131s&#8217;ta Taksim&#8217;de olaca\u011f\u0131z&#8221; dedi.<\/p>\n<p>\u0130\u015fte konu\u015fmalar\u0131ndan k\u0131sa ba\u015fl\u0131klar;<\/p>\n<p>&#8211; \u0130ktidar\u0131, bar\u0131\u015f ortam\u0131na zarar verecek her t\u00fcrl\u00fc olaydan vazge\u00e7meye ve toplumsal bar\u0131\u015fa kar\u015f\u0131 duyarl\u0131 olmaya davet ediyoruz<\/p>\n<p>&#8211; Her t\u00fcrl\u00fc etkinli\u011fe a\u00e7\u0131k olan Taksim&#8217;in i\u015f\u00e7ilere kar\u015f\u0131 uygulanan yasa\u011f\u0131n kalkmas\u0131 <\/p>\n","protected":false},"author":1,"featured_media":0,"comment_status":"open","ping_status":"closed","sticky":false,"template":"","format":"standard","meta":{"footnotes":""},"categories":[105],"tags":[],"class_list":["post-8234","post","type-post","status-publish","format-standard","hentry","category-gundem","odd"],"_links":{"self":[{"href":"http:\/\/www.korhanyilmaz.com\/index.php?rest_route=\/wp\/v2\/posts\/8234","targetHints":{"allow":["GET"]}}],"collection":[{"href":"http:\/\/www.korhanyilmaz.com\/index.php?rest_route=\/wp\/v2\/posts"}],"about":[{"href":"http:\/\/www.korhanyilmaz.com\/index.php?rest_route=\/wp\/v2\/types\/post"}],"author":[{"embeddable":true,"href":"http:\/\/www.korhanyilmaz.com\/index.php?rest_route=\/wp\/v2\/users\/1"}],"replies":[{"embeddable":true,"href":"http:\/\/www.korhanyilmaz.com\/index.php?rest_route=%2Fwp%2Fv2%2Fcomments&post=8234"}],"version-history":[{"count":0,"href":"http:\/\/www.korhanyilmaz.com\/index.php?rest_route=\/wp\/v2\/posts\/8234\/revisions"}],"wp:attachment":[{"href":"http:\/\/www.korhanyilmaz.com\/index.php?rest_route=%2Fwp%2Fv2%2Fmedia&parent=8234"}],"wp:term":[{"taxonomy":"category","embeddable":true,"href":"http:\/\/www.korhanyilmaz.com\/index.php?rest_route=%2Fwp%2Fv2%2Fcategories&post=8234"},{"taxonomy":"post_tag","embeddable":true,"href":"http:\/\/www.korhanyilmaz.com\/index.php?rest_route=%2Fwp%2Fv2%2Ftags&post=8234"}],"curies":[{"name":"wp","href":"https:\/\/api.w.org\/{rel}","templated":true}]}}