{"id":8225,"date":"2009-04-15T10:25:02","date_gmt":"2009-04-15T07:25:02","guid":{"rendered":"http:\/\/www.korhanyilmaz.com\/?p=8225"},"modified":"2009-04-15T10:25:02","modified_gmt":"2009-04-15T07:25:02","slug":"canli-yayinda-ergenekon-tartismasi","status":"publish","type":"post","link":"http:\/\/www.korhanyilmaz.com\/?p=8225","title":{"rendered":"Canl\u0131 yay\u0131nda Ergenekon tart\u0131\u015fmas\u0131"},"content":{"rendered":"<p style=\"text-align: center;\"><a href=\"http:\/\/www.korhanyilmaz.com\/wp-content\/uploads\/2009\/04\/150420091028295239689.jpg\"  class=\"lightview\"><img loading=\"lazy\" decoding=\"async\" class=\"aligncenter size-full wp-image-8226\" title=\"Canl\u0131 yay\u0131nda Ergenekon tart\u0131\u015fmas\u0131 \" src=\"http:\/\/www.korhanyilmaz.com\/wp-content\/uploads\/2009\/04\/150420091028295239689.jpg\" alt=\"Canl\u0131 yay\u0131nda Ergenekon tart\u0131\u015fmas\u0131 \" width=\"329\" height=\"210\" \/><\/a><a class=\"lightview\" title=\"Canl\u0131 yay\u0131nda Ergenekon tart\u0131\u015fmas\u0131..::  :: width: 500, height: 395\" rel=\"iframe\" href=\"http:\/\/www.korhanyilmaz.com\/swf\/flvplayer.swf?file=http:\/\/data.gazetevatan.com\/video\/file\/150420091032170338413.flv&#038;autoplay=1\"><img loading=\"lazy\" decoding=\"async\" class=\"aligncenter\" title=\"Habere \u0130li\u015fkin Videoyu \u0130zlemek \u0130\u00e7in T\u0131klay\u0131n..\" src=\"wp-data\/images\/video_izle_tikla.png\" alt=\"\" width=\"30\" height=\"30\" \/ class=\"lightview\"><\/a><\/p>\n<p style=\"text-align: justify;\"><strong>CNN Turk&#8217;te yay\u0131nlanan Reha Muhtar&#8217;la &#8216;\u00c7ok Farkl\u0131&#8217; da bu gece Ergenekon operasyonunda &#8217;12. Dalga&#8217; tart\u0131\u015f\u0131ld\u0131<\/strong><\/p>\n<p style=\"text-align: justify;\">Program\u0131n konuklar\u0131ndan Posta yazar\u0131 Yazg\u00fcl\u00fc Aldo\u011fan ile Star yazar\u0131 \u015eamil Tayyar aras\u0131ndaki &#8216;ajanl\u0131k&#8217; tart\u0131\u015fmas\u0131 sinirlerin gerilmesine neden oldu.<\/p>\n<p style=\"text-align: justify;\"><strong>\u0130\u015fte \u015eamil Tayyar&#8217;\u0131n ilgin\u00e7 a\u00e7\u0131klamalar\u0131 ve iki gazeteci aras\u0131ndaki sert tart\u0131\u015fma&#8230; <\/strong><\/p>\n<p style=\"text-align: justify;\"><strong>\u015eamil Tayyar:<\/strong> 27 Nisan bildirisinin ilerde ayr\u0131nt\u0131lar\u0131 ortaya \u00e7\u0131karsa o gece nelerin ya\u015fand\u0131\u011f\u0131n\u0131 bildirinin nas\u0131l kaleme al\u0131nd\u0131\u011f\u0131n\u0131, nas\u0131l internet sitesine kondu\u011fu da a\u00e7\u0131kl\u0131\u011fa kavu\u015facakt\u0131r. Orada komuta kademesinin o bildiri \u00fczerinde \u00e7ok ciddi g\u00f6r\u00fc\u015f birli\u011fi i\u00e7erisinde oldu\u011funu olmad\u0131\u011f\u0131n\u0131 d\u00fc\u015f\u00fcn\u00fcyorum. \u00c7ok ciddi ihtilaflar\u0131n ya\u015fand\u0131\u011f\u0131n\u0131 d\u00fc\u015f\u00fcnenlerden birisiyim. <!--more-->Ya\u015far pa\u015fa&#8217;n\u0131n da belli bir s\u00fcre sonra Ergenekon taifesinin hem T\u00dcrkiye&#8217;yi hem TSK&#8217;y\u0131 nereye g\u00f6t\u00fcrmeye \u00e7al\u0131\u015ft\u0131\u011f\u0131n\u0131 iyi anlad\u0131\u011f\u0131n\u0131 ama bunu da zamanla farketti\u011fini d\u00fc\u015f\u00fcn\u00fcyorum. O nedenle 27 Nisan bildirisinden sonra dikkat edersinizi ya\u015far B\u00fcy\u00fckan\u0131t&#8217;\u0131n da \u00e7ok fazlaca i\u00e7 siyasete y\u00f6nelik m\u00fcdahaleci tav\u0131rlar\u0131n\u0131n olmad\u0131\u011f\u0131n\u0131 g\u00f6r\u00fcrs\u00fcn\u00fcz. Soru\u015fturmay\u0131 y\u00fcr\u00fcten savc\u0131lar bu s\u00fcreci iyi y\u00f6nettiler diye d\u00fc\u015f\u00fcn\u00fcyorum \u00e7\u00fcnk\u00fc ele ge\u00e7irilen her t\u00fcrl\u00fc bilgi ve belgeyi askeri savc\u0131l\u0131k \u00fczerinden Genelkurmay&#8217;a ilettiler. \u0130lker Ba\u015fbu\u011f&#8217;un ve karargah\u0131n her \u015feyden haberleri var. Zaten devletin tepesinde z\u0131mni bir m\u00fctabakat olmadan siz iki tane generali askeri garnizondan al\u0131p g\u00f6t\u00fcremezsiniz. Tavuk bile g\u00f6t\u00fcremezsiniz. Hatta 10. dalgada bir yere gidilemedi\u011fini biliyoruz. Bir evin kap\u0131s\u0131ndan d\u00f6nd\u00fc\u011f\u00fcn\u00fc biliyoruz. Hatta, Sabih Kanado\u011flu&#8217;nun evine d\u00f6n talimat\u0131 verildi\u011fini ama polislerin kap\u0131ya kadar geldi\u011fi i\u00e7in orada gazeteciler oldu\u011fu gerek\u00e7esiyle d\u00f6nemedi\u011fini de biliyoruz.<\/p>\n<p style=\"text-align: justify;\"><strong>Yazg\u00fcl\u00fc Aldo\u011fan: <\/strong>Siz bu savc\u0131lar\u0131n, polislerin falan neyi nas\u0131l yapt\u0131\u011f\u0131n\u0131 nereden biliyorsunuz? Yani bir gazeteci bilgisinden farkl\u0131 bir bilginiz varm\u0131\u015f gibi geliyor bana. Sanki, savc\u0131larla birlikte \u00e7al\u0131\u015f\u0131yorsunuz, bir taraftan polisle birlikte \u00e7al\u0131\u015f\u0131yorsunuz, kimin kap\u0131s\u0131n\u0131n \u00f6n\u00fcnden nas\u0131l d\u00f6nd\u00fcler falan. Biz sadece raporlar\u0131 okuyoruz, siz ma\u015fallah her \u015feyi biliyorsunuz&#8230;<\/p>\n<p style=\"text-align: justify;\">\u015eM: Yani buna biz gazetecilik diyoruz, ama sizin yapt\u0131\u011f\u0131n\u0131za ne denir ben bilmiyorum.<\/p>\n<p style=\"text-align: justify;\">YA: Valla sizin yapt\u0131\u011f\u0131n\u0131z biraz ajanl\u0131k gibi bir \u015fey.<\/p>\n<p style=\"text-align: justify;\">\u015eM: Bak, terbiyesizlik yapmay\u0131n.<\/p>\n<p style=\"text-align: justify;\">YA: As\u0131l siz terbiyesizlik yapmay\u0131n.<\/p>\n<p style=\"text-align: justify;\">\u015eM: Bak\u0131n d\u00fczg\u00fcn konu\u015fun.<\/p>\n<p style=\"text-align: justify;\">YA: (Masaya sert bir \u015fekilde vurarak) Ne kadar kolay bu laflar\u0131 ediyorsunuz ya! Bu cesareti nereden al\u0131yorsunuz?<\/p>\n<p style=\"text-align: justify;\"><strong>Orduyu rahatlatan iki geli\u015fme <\/strong><\/p>\n<p style=\"text-align: justify;\">1-ABD &#8216;Il\u0131ml\u0131 \u0130slam&#8217; projesinden vazge\u00e7ti. 2- AKP&#8217;nin se\u00e7imle gidebilece\u011fi anla\u015f\u0131ld\u0131<\/p>\n<p style=\"text-align: justify;\">Milliyet Gazetesi yazar\u0131 Derya Sazak Org. \u0130lker Ba\u015fbu\u011f&#8217;un tarihi konu\u015fmas\u0131n\u0131 de\u011ferlendirdi. \u0130\u015fte Sazak&#8217;a g\u00f6re Ba\u015fbu\u011f&#8217;un konu\u015fmas\u0131nda sezilen rahatl\u0131\u011f\u0131n nedenleri:<\/p>\n<p style=\"text-align: justify;\"><strong>Il\u0131ml\u0131 \u0130slam projesi rafa kalkt\u0131<\/strong><br \/>\nOrdu iki konuda rahatlam\u0131\u015f gibi g\u00f6r\u00fcn\u00fcyor. Ben bug\u00fcn \u0130lker Ba\u015fbu\u011f&#8217;u dinlerken ve oraya \u00e7a\u011f\u0131rd\u0131\u011f\u0131 kat\u0131l\u0131mc\u0131lara da bakt\u0131\u011f\u0131m zaman bir \u00e7o\u011fu muhalif gazeteciler. \u0130ki rahatl\u0131k seziliyor. Birisi uluslararas\u0131 konjonkt\u00fcrden kaynaklanan yani, Obama&#8217;n\u0131n da Meclis&#8217;te yapt\u0131\u011f\u0131 konu\u015fmaya Ba\u015fbu\u011f&#8217;un g\u00f6ndermelerine bakt\u0131\u011f\u0131m\u0131z zaman, bu rahatl\u0131k bir kere T\u00fcrkiye&#8217;nin Amerika taraf\u0131ndan Bush y\u00f6netimindeki Irak i\u015fgali sonras\u0131 b\u00fct\u00fcn bu Ortado\u011fu projesi, medeniyetler ittifak\u0131, e\u015f ba\u015fkanl\u0131\u011f\u0131, \u0131l\u0131ml\u0131 islam referans\u0131, Obama y\u00f6netiminin buradan \u00e7\u0131km\u0131\u015f olmas\u0131 Genelkurmay&#8217;\u0131 \u00e7ok rahatlatm\u0131\u015f durumda&#8230;\n<\/p>\n<p style=\"text-align: justify;\">Bunun ilk sinyallerini D\u0131\u015fi\u015fleri Bakan\u0131 Hillary Clinton geldi\u011fi zaman verdi.<\/p>\n<p style=\"text-align: justify;\"><strong>Yerel se\u00e7im sonu\u00e7lar\u0131<\/strong><br \/>\nAskeri rahatlatan \u00e7ok \u00f6nemli bir geli\u015fme de 29 Mart yerel se\u00e7im sonu\u00e7lar\u0131. Bu h\u00fck\u00fcmetin se\u00e7im yoluyla de\u011fi\u015febilece\u011fi izlenimi do\u011fdu. Siyaseten bu yol a\u00e7\u0131ld\u0131. Bu zamana kadar b\u00fct\u00fcn bu konu\u015ftu\u011fumuz darbe giri\u015fimleri siyasi suikastlar, 2007&#8217;de Cumhurba\u015fkanl\u0131\u011f\u0131 se\u00e7im s\u00fcrecini engelleme e muht\u0131ralar. Bunlar neydi: \u0130\u00e7erde g\u00fcvenilmeyen bir iktidara kar\u015f\u0131 askeri yoldan diktac\u0131 e\u011filimlerle bu iktidar\u0131 de\u011fi\u015ftirebilirmiyiz.\n<\/p>\n<p style=\"text-align: justify;\"><strong>&#8216;Bu konu\u015fma bir devrimdir&#8217;<\/strong><\/p>\n<p style=\"text-align: justify;\">Meral Tamer, \u0130lker Ba\u015fbu\u011f&#8217;un konu\u015fmas\u0131n\u0131 b\u00f6yle yorumlad\u0131&#8230;<\/p>\n<p style=\"text-align: justify;\">Reha Muhtar&#8217;la &#8216;\u00c7ok Farkl\u0131&#8217; program\u0131n\u0131n konuklar\u0131ndan Milliyet Gazetesi yazar\u0131 Meral Tamer, Genelkurmay Ba\u015fkan\u0131 Org. \u0130lker Ba\u015fbu\u011f&#8217;un konu\u015fmas\u0131n\u0131 yorumlad\u0131.<\/p>\n<p style=\"text-align: justify;\"><strong>Bence bu konu\u015fma bir devrimdir<\/strong><br \/>\nGe\u00e7mi\u015fte hep tepeden bakan emir veren icap etti\u011finde masaya yumru\u011funu vuracak bir \u015fey hakimdi konu\u015fmalara. Bug\u00fcn ise yumu\u015fac\u0131k bir \u00fcslupla, gayet entellekt\u00fcel d\u00fczeyde, entellekt\u00fcelle yap\u0131lan bir tart\u0131\u015fma havas\u0131ndayd\u0131&#8230;<\/p>\n<p style=\"text-align: justify;\"><strong>Obama etkiledi<\/strong><br \/>\nT\u00fcrk Silahl\u0131 Kuvvetleri \u00fcst d\u00fczey mensuplar\u0131nda bir Obama heyecan\u0131 var sanki. Bush&#8217;la birlikte \u00e7ok ciddi bir \u00f6fke ve sald\u0131rganl\u0131k yans\u0131m\u0131\u015ft\u0131, d\u00fcnyaya da yans\u0131m\u0131\u015ft\u0131. \u015eimdi ise daha bir yumu\u015fakl\u0131k daha bir kar\u015f\u0131l\u0131kl\u0131 diyalog, konu\u015fma, kar\u015f\u0131ndakini anlama, \u015fimdi sanki Obama bizim Genelkurmay Ba\u015fkan\u0131&#8217;na da yans\u0131m\u0131\u015f&#8230;\n<\/p>\n<p style=\"text-align: justify;\"><span style=\"color: #888888;\">Kaynak : Vatan<\/span><\/p>\n<p style=\"text-align: justify;\">\n","protected":false},"excerpt":{"rendered":"<p style=\"text-align: center;\">\n<p style=\"text-align: justify;\">CNN Turk&#8217;te yay\u0131nlanan Reha Muhtar&#8217;la &#8216;\u00c7ok Farkl\u0131&#8217; da bu gece Ergenekon operasyonunda &#8217;12. Dalga&#8217; tart\u0131\u015f\u0131ld\u0131<\/p>\n<p style=\"text-align: justify;\">Program\u0131n konuklar\u0131ndan Posta yazar\u0131 Yazg\u00fcl\u00fc Aldo\u011fan ile Star yazar\u0131 \u015eamil Tayyar aras\u0131ndaki &#8216;ajanl\u0131k&#8217; tart\u0131\u015fmas\u0131 sinirlerin gerilmesine neden oldu.<\/p>\n<p style=\"text-align: justify;\">\u0130\u015fte \u015eamil Tayyar&#8217;\u0131n ilgin\u00e7 a\u00e7\u0131klamalar\u0131 ve iki gazeteci aras\u0131ndaki sert tart\u0131\u015fma&#8230; <\/p>\n<p  \n\n","protected":false},"author":1,"featured_media":0,"comment_status":"open","ping_status":"closed","sticky":false,"template":"","format":"standard","meta":{"footnotes":""},"categories":[105],"tags":[],"class_list":["post-8225","post","type-post","status-publish","format-standard","hentry","category-gundem","odd"],"_links":{"self":[{"href":"http:\/\/www.korhanyilmaz.com\/index.php?rest_route=\/wp\/v2\/posts\/8225","targetHints":{"allow":["GET"]}}],"collection":[{"href":"http:\/\/www.korhanyilmaz.com\/index.php?rest_route=\/wp\/v2\/posts"}],"about":[{"href":"http:\/\/www.korhanyilmaz.com\/index.php?rest_route=\/wp\/v2\/types\/post"}],"author":[{"embeddable":true,"href":"http:\/\/www.korhanyilmaz.com\/index.php?rest_route=\/wp\/v2\/users\/1"}],"replies":[{"embeddable":true,"href":"http:\/\/www.korhanyilmaz.com\/index.php?rest_route=%2Fwp%2Fv2%2Fcomments&post=8225"}],"version-history":[{"count":0,"href":"http:\/\/www.korhanyilmaz.com\/index.php?rest_route=\/wp\/v2\/posts\/8225\/revisions"}],"wp:attachment":[{"href":"http:\/\/www.korhanyilmaz.com\/index.php?rest_route=%2Fwp%2Fv2%2Fmedia&parent=8225"}],"wp:term":[{"taxonomy":"category","embeddable":true,"href":"http:\/\/www.korhanyilmaz.com\/index.php?rest_route=%2Fwp%2Fv2%2Fcategories&post=8225"},{"taxonomy":"post_tag","embeddable":true,"href":"http:\/\/www.korhanyilmaz.com\/index.php?rest_route=%2Fwp%2Fv2%2Ftags&post=8225"}],"curies":[{"name":"wp","href":"https:\/\/api.w.org\/{rel}","templated":true}]}}