{"id":8217,"date":"2009-04-15T10:55:58","date_gmt":"2009-04-15T07:55:58","guid":{"rendered":"http:\/\/www.korhanyilmaz.com\/?p=8217"},"modified":"2009-04-15T10:55:58","modified_gmt":"2009-04-15T07:55:58","slug":"ergenekon-baskini-bagislari-patlatti","status":"publish","type":"post","link":"http:\/\/www.korhanyilmaz.com\/?p=8217","title":{"rendered":"Ergenekon bask\u0131n\u0131 ba\u011f\u0131\u015flar\u0131 patlatt\u0131!"},"content":{"rendered":"<p style=\"text-align: justify;\"><img loading=\"lazy\" decoding=\"async\" class=\"aligncenter size-full wp-image-8218\" title=\"Ergenekon bask\u0131n\u0131 ba\u011f\u0131\u015flar\u0131 patlatt\u0131! \" src=\"http:\/\/www.korhanyilmaz.com\/wp-content\/uploads\/2009\/04\/150420091110454056553.jpg\" alt=\"Ergenekon bask\u0131n\u0131 ba\u011f\u0131\u015flar\u0131 patlatt\u0131! \" width=\"320\" height=\"100\" \/><strong><\/strong><\/p>\n<p style=\"text-align: justify;\"><strong>Ergenekon bask\u0131n\u0131 \u00c7YDD&#8217;ne yap\u0131lan  ba\u011f\u0131\u015flar\u0131n katlanmas\u0131na neden oldu<\/strong><\/p>\n<p style=\"text-align: justify;\">39 bin k\u0131z \u00e7ocu\u011funu okulla tan\u0131\u015ft\u0131ran, 29 bin \u00fcniversiteliye de burs veren \u00c7a\u011fda\u015f Ya\u015fam\u0131 Destekleme Derne\u011fi&#8217;ne yap\u0131lan bask\u0131nlar tepki toplad\u0131. Baz\u0131 vatanda\u015flar derneklerin \u00f6n\u00fcnde kuyru\u011fa girip ba\u011f\u0131\u015f yapmaya ba\u015flad\u0131.<\/p>\n<p style=\"text-align: justify;\">T\u00fcrkiye&#8217;nin her taraf\u0131ndan derne\u011fi arayan vatanda\u015flar gerek manevi gerekse maddi her t\u00fcrl\u00fc deste\u011fe haz\u0131r olduklar\u0131n\u0131 s\u00f6yl\u00fcyor. Genel Ba\u015fkan T\u00fcrkan Saylan da operasyonlar\u0131n ard\u0131ndan derne\u011fe yap\u0131lan ba\u011f\u0131\u015flar\u0131n artt\u0131\u011f\u0131n\u0131 a\u00e7\u0131klad\u0131. Saylan ayr\u0131ca g\u00f6zalt\u0131na al\u0131nan her \u00c7YDD \u00fcyesi i\u00e7in Avrupa \u0130nsan Haklar\u0131 Mahkemesi&#8217;ne ba\u015fvuracaklar\u0131n\u0131 s\u00f6yledi. <!--more--><\/p>\n<p style=\"text-align: justify;\"><strong>Sorgulamalar s\u00fcr\u00fcyor<\/strong><\/p>\n<p style=\"text-align: justify;\">Ergenekon soru\u015fturmas\u0131 kapsam\u0131nda, yurt \u00e7ap\u0131nda 83 ayr\u0131 noktada d\u00fczenlenen operasyonlarda g\u00f6zalt\u0131na al\u0131nan 39 ki\u015finin ifadelerinin al\u0131nmas\u0131na devam ediliyor. Soru\u015fturmay\u0131 y\u00fcr\u00fcten savc\u0131lar\u0131n talimat\u0131yla g\u00f6zalt\u0131na al\u0131nan zanl\u0131lar\u0131n t\u00fcm\u00fc, \u0130stanbul&#8217;a getirildi. 39 ki\u015finin bir b\u00f6l\u00fcm\u00fc Ter\u00f6rle M\u00fccadele \u015eubesi&#8217;nde, bir b\u00f6l\u00fcm\u00fc ise Organize Su\u00e7lar \u015eubesi&#8217;nde tutuluyor.<\/p>\n<p style=\"text-align: justify;\">Ba\u015fkent \u00dcniversitesi Rekt\u00f6r\u00fc Mehmet Haberal, Giresun \u00dcniversitesi Rekt\u00f6r\u00fc Osman Metin \u00d6zt\u00fcrk, Uluda\u011f \u00dcniversitesi&#8217;nin eski rekt\u00f6r\u00fc Mustafa Yurtkuran, 19 May\u0131s \u00dcniversitesi&#8217;nin eski rekt\u00f6r\u00fc Ferit Bernay ve \u0130n\u00f6n\u00fc \u00dcniversitesi&#8217;nin eski rekt\u00f6r\u00fc Fatih Hilmio\u011flu&#8217;nun sorgular\u0131na bug\u00fcn ba\u015flanmas\u0131 bekleniyor.<\/p>\n<p style=\"text-align: justify;\">&#8216;Baba Beni Okula G\u00f6nder&#8217; kampanyas\u0131n\u0131 y\u00fcr\u00fcten Milliyet Gazetesi \u0130cra Kurulu \u00dcyesi Tijen Mergen&#8217;in sorgusunun ise tamamland\u0131\u011f\u0131 bildirildi.<\/p>\n<p style=\"text-align: justify;\">G\u00f6zalt\u0131ndaki ki\u015filer i\u00e7in cuma g\u00fcn\u00fcne kadar savc\u0131l\u0131ktan s\u00fcre al\u0131nd\u0131\u011f\u0131, ifadelerin tamamlanmas\u0131 halinde polisin bu s\u00fcreyi beklemeden g\u00f6zalt\u0131ndakileri adliyeye sevk edebilece\u011fi belirtildi.<\/p>\n<p style=\"text-align: justify;\">\u00c7a\u011fda\u015f Ya\u015fam\u0131 Destekleme Derne\u011fi&#8217;nin merkezi ve \u015fubelerinde el konulan bilgisayarlar\u0131n bir b\u00f6l\u00fcm\u00fc de, gerekli yedeklemenin yap\u0131lmas\u0131n\u0131n ard\u0131ndan sahiplerine teslim edildi.<\/p>\n<p style=\"text-align: justify;\"><span style=\"color: #888888;\">Kaynak : Vatan<\/span><\/p>\n","protected":false},"excerpt":{"rendered":"<p style=\"text-align: justify;\">\n<p style=\"text-align: justify;\">Ergenekon bask\u0131n\u0131 \u00c7YDD&#8217;ne yap\u0131lan ba\u011f\u0131\u015flar\u0131n katlanmas\u0131na neden oldu<\/p>\n<p style=\"text-align: justify;\">39 bin k\u0131z \u00e7ocu\u011funu okulla tan\u0131\u015ft\u0131ran, 29 bin \u00fcniversiteliye de burs veren \u00c7a\u011fda\u015f Ya\u015fam\u0131 Destekleme Derne\u011fi&#8217;ne yap\u0131lan bask\u0131nlar tepki toplad\u0131. Baz\u0131 vatanda\u015flar derneklerin \u00f6n\u00fcnde kuyru\u011fa girip ba\u011f\u0131\u015f yapmaya ba\u015flad\u0131.<\/p>\n<p style=\"text-align: justify;\">T\u00fcrkiye&#8217;nin her taraf\u0131ndan derne\u011fi arayan vatanda\u015flar gerek manevi gerekse <\/p>\n","protected":false},"author":1,"featured_media":0,"comment_status":"open","ping_status":"closed","sticky":false,"template":"","format":"standard","meta":{"footnotes":""},"categories":[105],"tags":[],"class_list":["post-8217","post","type-post","status-publish","format-standard","hentry","category-gundem","odd"],"_links":{"self":[{"href":"http:\/\/www.korhanyilmaz.com\/index.php?rest_route=\/wp\/v2\/posts\/8217","targetHints":{"allow":["GET"]}}],"collection":[{"href":"http:\/\/www.korhanyilmaz.com\/index.php?rest_route=\/wp\/v2\/posts"}],"about":[{"href":"http:\/\/www.korhanyilmaz.com\/index.php?rest_route=\/wp\/v2\/types\/post"}],"author":[{"embeddable":true,"href":"http:\/\/www.korhanyilmaz.com\/index.php?rest_route=\/wp\/v2\/users\/1"}],"replies":[{"embeddable":true,"href":"http:\/\/www.korhanyilmaz.com\/index.php?rest_route=%2Fwp%2Fv2%2Fcomments&post=8217"}],"version-history":[{"count":0,"href":"http:\/\/www.korhanyilmaz.com\/index.php?rest_route=\/wp\/v2\/posts\/8217\/revisions"}],"wp:attachment":[{"href":"http:\/\/www.korhanyilmaz.com\/index.php?rest_route=%2Fwp%2Fv2%2Fmedia&parent=8217"}],"wp:term":[{"taxonomy":"category","embeddable":true,"href":"http:\/\/www.korhanyilmaz.com\/index.php?rest_route=%2Fwp%2Fv2%2Fcategories&post=8217"},{"taxonomy":"post_tag","embeddable":true,"href":"http:\/\/www.korhanyilmaz.com\/index.php?rest_route=%2Fwp%2Fv2%2Ftags&post=8217"}],"curies":[{"name":"wp","href":"https:\/\/api.w.org\/{rel}","templated":true}]}}