{"id":8213,"date":"2009-04-15T08:57:20","date_gmt":"2009-04-15T05:57:20","guid":{"rendered":"http:\/\/www.korhanyilmaz.com\/?p=8213"},"modified":"2009-04-15T08:57:20","modified_gmt":"2009-04-15T05:57:20","slug":"iste-ev-baskinin-gerekcesi","status":"publish","type":"post","link":"http:\/\/www.korhanyilmaz.com\/?p=8213","title":{"rendered":"\u0130\u015fte ev bask\u0131n\u0131n gerek\u00e7esi"},"content":{"rendered":"<p style=\"text-align: center;\"><img loading=\"lazy\" decoding=\"async\" class=\"aligncenter size-full wp-image-8214\" src=\"http:\/\/www.korhanyilmaz.com\/wp-content\/uploads\/2009\/04\/150420090924251165586.jpg\" alt=\"\" width=\"329\" height=\"210\" \/><\/p>\n<p style=\"text-align: justify;\"><strong>Arama gerek\u00e7esinde cinayet ve bombalar var<\/strong><\/p>\n<p style=\"text-align: justify;\">12&#8217;nc\u0130 dalga kapsam\u0131nda \u00f6nceki g\u00fcn evi 7 saat aranan \u00c7a\u011fda\u015f Ya\u015fam\u0131 Destekleme Derne\u011fi Ba\u015fkan\u0131 T\u00fcrkan Saylan&#8217;\u0131n arama karar\u0131nda \u00e7ok vahim iddialar ge\u00e7iyor. &#8220;12 Haziran 2007 tarihinde \u0130stanbul ili \u00dcmraniye il\u00e7esinde bir adrese d\u00fczenlenen operasyonda 27 adet el bombas\u0131n\u0131n ele ge\u00e7irilmesiyle ba\u015flat\u0131lan soru\u015fturma \u00e7er\u00e7evesinde toplanan delillere g\u00f6re iki ayr\u0131 iddianame ile kamu davas\u0131 a\u00e7\u0131lm\u0131\u015f olup bu soru\u015fturmalarda a\u015fa\u011f\u0131da belirtilen fiillerin i\u015flendi\u011fi de anla\u015f\u0131lm\u0131\u015ft\u0131r&#8221; s\u00f6zleriyle ba\u015flayan arama karar\u0131nda, Cumhuriyet gazetesine at\u0131lan el bombalar\u0131ndan Dan\u0131\u015ftay 2. Dairesi&#8217;ne y\u00f6nelik silahl\u0131 sald\u0131r\u0131 sonucu Y\u00fcksek Hakim Mustafa Y\u00fccel \u00d6zbilgin&#8217;in \u00f6ld\u00fcr\u00fclmesine, Ba\u015fbakan, bir\u00e7ok gazeteci ve yazara kar\u015f\u0131 planlanan suikastlardan darbe te\u015febb\u00fcs\u00fcne kadar Ergenekon&#8217;la ba\u011flant\u0131land\u0131r\u0131lan t\u00fcm su\u00e7lar s\u0131ralan\u0131yor.<!--more-->Karar\u0131n son c\u00fcmlesinde ise, &#8220;Y\u00fcr\u00fct\u00fclen teknik ekip \u00e7al\u0131\u015fmalar\u0131n\u0131n sonucunda \u00f6rg\u00fct mensuplar\u0131n\u0131n yap\u0131lacak sansasyonel eylem ger\u00e7ekle\u015ftirme \u015f\u00fcphesi alt\u0131nda olan ve yine Ergenekon ter\u00f6r \u00f6rg\u00fct\u00fcn\u00fcn ama\u00e7lar\u0131 do\u011frultusunda faaliyetlerde  bulunan \u00f6rg\u00fct\u00fcn di\u011fer \u00fcnitelerinde g\u00f6revli oldu\u011fu d\u00fc\u015f\u00fcn\u00fclen \u015f\u00fcpheli ki\u015filerin yakalanmas\u0131, \u00f6rg\u00fcte ait oldu\u011fu d\u00fc\u015f\u00fcn\u00fclen delillerin elde edilmesi amac\u0131yla arama yap\u0131lmas\u0131na, bulunacak delillere el konulmas\u0131na, deliller \u00fczerinde inceleme yap\u0131lmas\u0131na ihtiya\u00e7 duyulmu\u015ftur&#8221; deniyor.<\/p>\n<p><img loading=\"lazy\" decoding=\"async\" style=\"margin-left: 10px; margin-right: 10px;\" src=\"http:\/\/foto.gazetevatan.com\/newpics\/news\/150420090449229427819_3.jpg\" alt=\"\" width=\"400\" height=\"239\" align=\"right\" \/> <strong>BU FATO\u011eRAFTAK\u0130LER\u0130N HEPS\u0130 PROF. SAYLAN HAR\u0130\u00c7 G\u00d6ZALTINDA<\/strong><\/p>\n<p><strong>OTURANLAR, SOLDAN SA\u011eA):<\/strong> Prof. Dr. Filiz Meri\u00e7li (\u00c7YDD Genel Ba\u015fkan Yard\u0131mc\u0131s\u0131 g\u00f6zalt\u0131nda), Avukat Nur Ger\u00e7el (\u00c7YDD Genel Sekreteri g\u00f6zalt\u0131nda), Prof. Dr. T\u00fcrkan Saylan (\u00c7YDD Genel Ba\u015fkan\u0131, a\u011f\u0131r hasta oldu\u011fu i\u00e7in g\u00f6zalt\u0131na al\u0131nmad\u0131.)<\/p>\n<p style=\"text-align: justify;\"><strong>(AYAKTAK\u0130LER, SOLDAN SA\u011eA):<\/strong> Prof. Dr. Cihan Demirci (\u00c7YDD Y\u00f6netim Kurulu \u00dcyesi g\u00f6zalt\u0131nda )-Perran Yorganc\u0131gil (\u00c7YDD Genel Sayman\u0131 g\u00f6zalt\u0131nda )-G\u00fcrsel Alparslan (\u00c7YDD Bak\u0131rk\u00f6y \u015eube Ba\u015fkan\u0131 g\u00f6zalt\u0131nda) -Ali G\u00fcrb\u00fcz-Sema Murat (\u00c7YDD Zeytinburnu \u015eube Ba\u015fkan\u0131 g\u00f6zalt\u0131nda.)<\/p>\n<p style=\"text-align: justify;\"><span style=\"color: #888888;\">Kaynak : Vatan<\/span><\/p>\n","protected":false},"excerpt":{"rendered":"<p style=\"text-align: center;\">\n<p style=\"text-align: justify;\">Arama gerek\u00e7esinde cinayet ve bombalar var<\/p>\n<p style=\"text-align: justify;\">12&#8217;nc\u0130 dalga kapsam\u0131nda \u00f6nceki g\u00fcn evi 7 saat aranan \u00c7a\u011fda\u015f Ya\u015fam\u0131 Destekleme Derne\u011fi Ba\u015fkan\u0131 T\u00fcrkan Saylan&#8217;\u0131n arama karar\u0131nda \u00e7ok vahim iddialar ge\u00e7iyor. &#8220;12 Haziran 2007 tarihinde \u0130stanbul ili \u00dcmraniye il\u00e7esinde bir adrese d\u00fczenlenen operasyonda 27 adet el bombas\u0131n\u0131n ele ge\u00e7irilmesiyle ba\u015flat\u0131lan soru\u015fturma <\/p>\n","protected":false},"author":1,"featured_media":0,"comment_status":"open","ping_status":"closed","sticky":false,"template":"","format":"standard","meta":{"footnotes":""},"categories":[105],"tags":[],"class_list":["post-8213","post","type-post","status-publish","format-standard","hentry","category-gundem","odd"],"_links":{"self":[{"href":"http:\/\/www.korhanyilmaz.com\/index.php?rest_route=\/wp\/v2\/posts\/8213","targetHints":{"allow":["GET"]}}],"collection":[{"href":"http:\/\/www.korhanyilmaz.com\/index.php?rest_route=\/wp\/v2\/posts"}],"about":[{"href":"http:\/\/www.korhanyilmaz.com\/index.php?rest_route=\/wp\/v2\/types\/post"}],"author":[{"embeddable":true,"href":"http:\/\/www.korhanyilmaz.com\/index.php?rest_route=\/wp\/v2\/users\/1"}],"replies":[{"embeddable":true,"href":"http:\/\/www.korhanyilmaz.com\/index.php?rest_route=%2Fwp%2Fv2%2Fcomments&post=8213"}],"version-history":[{"count":0,"href":"http:\/\/www.korhanyilmaz.com\/index.php?rest_route=\/wp\/v2\/posts\/8213\/revisions"}],"wp:attachment":[{"href":"http:\/\/www.korhanyilmaz.com\/index.php?rest_route=%2Fwp%2Fv2%2Fmedia&parent=8213"}],"wp:term":[{"taxonomy":"category","embeddable":true,"href":"http:\/\/www.korhanyilmaz.com\/index.php?rest_route=%2Fwp%2Fv2%2Fcategories&post=8213"},{"taxonomy":"post_tag","embeddable":true,"href":"http:\/\/www.korhanyilmaz.com\/index.php?rest_route=%2Fwp%2Fv2%2Ftags&post=8213"}],"curies":[{"name":"wp","href":"https:\/\/api.w.org\/{rel}","templated":true}]}}