{"id":8202,"date":"2009-04-14T14:05:51","date_gmt":"2009-04-14T11:05:51","guid":{"rendered":"http:\/\/www.korhanyilmaz.com\/?p=8202"},"modified":"2009-04-14T14:05:51","modified_gmt":"2009-04-14T11:05:51","slug":"aspirin-hakkindaki-sok-gercek","status":"publish","type":"post","link":"http:\/\/www.korhanyilmaz.com\/?p=8202","title":{"rendered":"Aspirin hakk\u0131ndaki \u015fok ger\u00e7ek!"},"content":{"rendered":"<p style=\"text-align: center;\"><img loading=\"lazy\" decoding=\"async\" class=\"aligncenter size-full wp-image-8203\" title=\"Aspirin hakk\u0131ndaki \u015fok ger\u00e7ek! \" src=\"http:\/\/www.korhanyilmaz.com\/wp-content\/uploads\/2009\/04\/140420091553570977557.jpg\" alt=\"Aspirin hakk\u0131ndaki \u015fok ger\u00e7ek! \" width=\"329\" height=\"210\" \/><\/p>\n<p style=\"text-align: justify;\"><strong>Ya\u015fl\u0131lar \u00fczerinde ara\u015ft\u0131r\u0131ld\u0131&#8230; <\/strong><\/p>\n<p style=\"text-align: justify;\">Ya\u015fl\u0131lar\u0131n beynindeki k\u00fc\u00e7\u00fck kanamalar\u0131n, Aspirin ya da kan p\u0131ht\u0131la\u015fmas\u0131n\u0131 \u00f6nleyen benzer ila\u00e7larla ba\u011flant\u0131l\u0131 olabilece\u011fi bildirildi.<\/p>\n<p style=\"text-align: justify;\">Hollanda&#8217;daki Rotterdam T\u0131p Fak\u00fcltesinden Dr. Meike Vernooij ve ekibinin yapt\u0131\u011f\u0131 ara\u015ft\u0131rma, d\u00fczenli olarak aspirin ya da benzer ila\u00e7lar\u0131 kullananlar\u0131n beyninde k\u00fc\u00e7\u00fck kanamalar\u0131n\u0131n meydana gelme riskinin daha fazla oldu\u011funu g\u00f6sterdi.<!--more--><\/p>\n<p style=\"text-align: justify;\">Ara\u015ft\u0131rmac\u0131lar, bu k\u00fc\u00e7\u00fck kanamalar\u0131n, beyin damarlar\u0131 \u00e7eperinde amiloid protein depolar\u0131n\u0131n birikimiyle meydana gelen &#8220;serebral amiloid anjiopati&#8221; hastal\u0131\u011f\u0131n\u0131 g\u00f6sterebilece\u011fini, bu proteinin genellikle Alzheimer hastal\u0131\u011f\u0131yla ba\u011flant\u0131l\u0131 oldu\u011funu vurgulad\u0131. Bilim adamlar\u0131, 2005-2006&#8217;da ortalama 69,5 ya\u015f\u0131nda, zihinsel hastal\u0131\u011f\u0131 bulunmayan 1062 ki\u015finin MR&#8217;\u0131n\u0131 \u00e7ekti ve aspirin ya da benzeri ila\u00e7lar kullan\u0131p kullanmad\u0131klar\u0131n\u0131 belirlemek i\u00e7in kat\u0131l\u0131mc\u0131lar\u0131n dosyalar\u0131n\u0131 inceledi.<\/p>\n<p style=\"text-align: justify;\">MR&#8217;dan \u00f6nce kat\u0131l\u0131mc\u0131lardan y\u00fczde 34,2&#8217;sinin 2 y\u0131l boyunca d\u00fczenli olarak aspirin ya da benzer ila\u00e7 kulland\u0131\u011f\u0131 g\u00f6r\u00fcld\u00fc. Bu ila\u00e7lar\u0131 kullananlarda, kullanmayanlara g\u00f6re daha fazla k\u00fc\u00e7\u00fck kanamalara rastland\u0131. Kalp-damar hastal\u0131klar\u0131n\u0131 \u00f6nlemek ya da tedavi etmek amac\u0131yla y\u00fcksek dozda bu ila\u00e7lardan kullanan ki\u015filerdeyse kanamalar\u0131n daha fazla oldu\u011fu belirlendi.Ara\u015ft\u0131rma, &#8220;Archives of Neurology&#8221; dergisinin internet sitesinde yay\u0131mland\u0131.<\/p>\n<p style=\"text-align: justify;\"><span style=\"color: #888888;\">Kaynak : Vatan<\/span><\/p>\n","protected":false},"excerpt":{"rendered":"<p style=\"text-align: center;\">\n<p style=\"text-align: justify;\">Ya\u015fl\u0131lar \u00fczerinde ara\u015ft\u0131r\u0131ld\u0131&#8230; <\/p>\n<p style=\"text-align: justify;\">Ya\u015fl\u0131lar\u0131n beynindeki k\u00fc\u00e7\u00fck kanamalar\u0131n, Aspirin ya da kan p\u0131ht\u0131la\u015fmas\u0131n\u0131 \u00f6nleyen benzer ila\u00e7larla ba\u011flant\u0131l\u0131 olabilece\u011fi bildirildi.<\/p>\n<p style=\"text-align: justify;\">Hollanda&#8217;daki Rotterdam T\u0131p Fak\u00fcltesinden Dr. Meike Vernooij ve ekibinin yapt\u0131\u011f\u0131 ara\u015ft\u0131rma, d\u00fczenli olarak aspirin ya da benzer ila\u00e7lar\u0131 kullananlar\u0131n beyninde k\u00fc\u00e7\u00fck kanamalar\u0131n\u0131n meydana gelme riskinin daha fazla <\/p>\n","protected":false},"author":1,"featured_media":0,"comment_status":"open","ping_status":"closed","sticky":false,"template":"","format":"standard","meta":{"footnotes":""},"categories":[5],"tags":[],"class_list":["post-8202","post","type-post","status-publish","format-standard","hentry","category-saglik","odd"],"_links":{"self":[{"href":"http:\/\/www.korhanyilmaz.com\/index.php?rest_route=\/wp\/v2\/posts\/8202","targetHints":{"allow":["GET"]}}],"collection":[{"href":"http:\/\/www.korhanyilmaz.com\/index.php?rest_route=\/wp\/v2\/posts"}],"about":[{"href":"http:\/\/www.korhanyilmaz.com\/index.php?rest_route=\/wp\/v2\/types\/post"}],"author":[{"embeddable":true,"href":"http:\/\/www.korhanyilmaz.com\/index.php?rest_route=\/wp\/v2\/users\/1"}],"replies":[{"embeddable":true,"href":"http:\/\/www.korhanyilmaz.com\/index.php?rest_route=%2Fwp%2Fv2%2Fcomments&post=8202"}],"version-history":[{"count":0,"href":"http:\/\/www.korhanyilmaz.com\/index.php?rest_route=\/wp\/v2\/posts\/8202\/revisions"}],"wp:attachment":[{"href":"http:\/\/www.korhanyilmaz.com\/index.php?rest_route=%2Fwp%2Fv2%2Fmedia&parent=8202"}],"wp:term":[{"taxonomy":"category","embeddable":true,"href":"http:\/\/www.korhanyilmaz.com\/index.php?rest_route=%2Fwp%2Fv2%2Fcategories&post=8202"},{"taxonomy":"post_tag","embeddable":true,"href":"http:\/\/www.korhanyilmaz.com\/index.php?rest_route=%2Fwp%2Fv2%2Ftags&post=8202"}],"curies":[{"name":"wp","href":"https:\/\/api.w.org\/{rel}","templated":true}]}}