{"id":8198,"date":"2009-04-14T16:05:59","date_gmt":"2009-04-14T13:05:59","guid":{"rendered":"http:\/\/www.korhanyilmaz.com\/?p=8198"},"modified":"2009-04-14T16:05:59","modified_gmt":"2009-04-14T13:05:59","slug":"savcilar-asiri-yorum-yapmis-olabilir","status":"publish","type":"post","link":"http:\/\/www.korhanyilmaz.com\/?p=8198","title":{"rendered":"&#039;Savc\u0131lar a\u015f\u0131r\u0131 yorum yapm\u0131\u015f olabilir&#039;"},"content":{"rendered":"<p style=\"text-align: center;\"><img loading=\"lazy\" decoding=\"async\" class=\"aligncenter size-full wp-image-8199\" title=\"'Savc\u0131lar a\u015f\u0131r\u0131 yorum yapm\u0131\u015f olabilir' \" src=\"http:\/\/www.korhanyilmaz.com\/wp-content\/uploads\/2009\/04\/140420091726128999551.jpg\" alt=\"'Savc\u0131lar a\u015f\u0131r\u0131 yorum yapm\u0131\u015f olabilir' \" width=\"329\" height=\"210\" \/><\/p>\n<p style=\"text-align: justify;\"><strong>AKP Grup Ba\u015fkanvekili&#8217;nden Ergenekon a\u00e7\u0131klamas\u0131 <\/strong><\/p>\n<p style=\"text-align: justify;\"><strong>&#8220;Belki Ergenekon iddianamesini haz\u0131rlayan savc\u0131lar da baz\u0131 konularda a\u015f\u0131r\u0131 yorumlar yapm\u0131\u015f olabilirler. Onu bilmiyoruz biz.&#8221;<\/strong><\/p>\n<p style=\"text-align: justify;\">AKP Grup Ba\u015fkanvekillerinden Kocaeli Milletvekili Nihat Erg\u00fcn, Ergenekon operasyonu kapsam\u0131nda g\u00f6zalt\u0131na al\u0131nanlar\u0131n \u015fu anda &#8216;\u015e\u00fcpheli&#8217; olduklar\u0131n\u0131 belirterek, mahkeme karar verene kadar kimseye su\u00e7lu veya su\u00e7suz diyemeyeceklerini s\u00f6yledi. Erg\u00fcn, &#8220;Belki Ergenekon iddianamesini haz\u0131rlayan savc\u0131lar da baz\u0131 konularda a\u015f\u0131r\u0131 yorumlar yapm\u0131\u015f olabilirler. Onu bilmiyoruz&#8221; dedi. <!--more--><\/p>\n<p style=\"text-align: justify;\">29 Mart se\u00e7imlerinde \u0130zmit Belediye Ba\u015fkanl\u0131\u011f\u0131&#8217;n\u0131 kazanan AKP&#8217;li Nevzat Do\u011fan&#8217;\u0131 makam\u0131nda ziyaret eden Nihat Erg\u00fcn, burada Ergenekon Soru\u015fturmas\u0131 ve g\u00f6zalt\u0131larla ilgili sorulan soruyu cevapland\u0131rd\u0131. Nihat Erg\u00fcn, &#8220;Bu t\u00fcr operasyonlar yarg\u0131n\u0131n planlad\u0131\u011f\u0131, denetledi\u011fi, g\u00f6zetledi\u011fi bir tablodur. Burada siyasi iktidarlar\u0131n bu t\u00fcr operasyonlar\u0131 yapma, yapt\u0131rma imkanlar\u0131 yoktur. Siyasi iktidar, yasama ve y\u00fcr\u00fctme olarak kendi alan\u0131ndaki faliyetleri ortaya koyar&#8221; diye konu\u015ftu.<\/p>\n<p style=\"text-align: justify;\"><strong>&#8216;SU\u00c7LU VEYA SU\u00c7SUZ D\u0130YEMEY\u0130Z&#8217; <\/strong><\/p>\n<p style=\"text-align: justify;\">Yarg\u0131n\u0131n bir operasyon ba\u015flatt\u0131\u011f\u0131n\u0131, bu operasyonun temelinin de 12 Haziran 2007&#8217;de yap\u0131lan bir ihbar oldu\u011funu anlatan Erg\u00fcn, operasyonun belirli bir \u015fekilde geni\u015fledi\u011fini, baz\u0131 yeni bilgilere ve belgelere ula\u015f\u0131ld\u0131k\u00e7a ba\u015fka operasyonlar yapman\u0131n has\u0131l oldu\u011funu belirterek \u015f\u00f6yle devam etti:<\/p>\n<p style=\"text-align: justify;\">&#8220;Mahkeme karar verene kadar kimse i\u00e7in &#8216;su\u00e7ludur&#8217; diyemeyiz. Ama &#8216;su\u00e7suzdur&#8217; da diyemeyiz. \u015eu andaki pozisyonlar\u0131 \u015f\u00fcphelidir. Bir \u015f\u00fcpheliye nas\u0131l yakla\u015fmak gerekiyorsa, olaya \u00f6yle yakla\u015fmak zaruriyeti vard\u0131r. Biz hi\u00e7 kimseyi pe\u015finen su\u00e7lu ilan edemeyiz. Ama hi\u00e7 kimseyi pe\u015finen su\u00e7suz da ilan edemeyiz. Baz\u0131 muhalefet partiler &#8216;o insanlar su\u00e7suz&#8217; diye ilan ediyorlar. &#8216;Su\u00e7suz insanlar\u0131n \u00fczerine gidiliyor&#8217; diye ifade ediyorlar. Bu ki\u015filer umar\u0131z su\u00e7suzdurlar. Ama su\u00e7suz olup olmad\u0131klar\u0131 mahkemece tespit edilecektir. Siyasilerce de\u011fil.&#8221;<\/p>\n<p style=\"text-align: justify;\"><strong>&#8216;YARGIYA YARDIMCI OLMALIYIZ&#8217; <\/strong><\/p>\n<p style=\"text-align: justify;\">Yap\u0131lacak en do\u011fru i\u015fin yarg\u0131ya yard\u0131mc\u0131 olmak oldu\u011funu vurgulayan Nihat Erg\u00fcn, \u015f\u00f6yle konu\u015ftu:<br \/>\n&#8220;Bazen de susarak, konu\u015fmayarak yard\u0131mc\u0131 olmakt\u0131r. E\u011fer yarg\u0131n\u0131n parlamentodan talepleri olursa, h\u00fck\u00fcmetten talepleri olursa, h\u00fck\u00fcmette parlementodan yarg\u0131n\u0131n bu taleplerini &#8216;olaylar ayd\u0131nlans\u0131n&#8217; diye, &#8216;T\u00fcrkiye&#8217;nin ge\u00e7mi\u015finde bir karanl\u0131k nokta kalmas\u0131n&#8217; diye ve &#8216;gelece\u011fini karartmak isteyenler varsa bunlar da f\u0131rsat bulamas\u0131nlar&#8217; diye hepimizin yarg\u0131ya yard\u0131mc\u0131 olmam\u0131z laz\u0131m. Siyasetin g\u00f6revi yarg\u0131ya yard\u0131mc\u0131 olmakt\u0131r. Onun i\u00e7in kimse elinde somut bir bilgi olmadan, savc\u0131n\u0131n elinde ne oldu\u011funu bilmeden, mahkemelerin bu delilleri nas\u0131l de\u011ferlendirece\u011fini bilmeden bu soru\u015fturma hakk\u0131nda ileri geri s\u00f6z etmesi kesinlikle s\u00f6z konusu de\u011fildir. Bunlar\u0131 do\u011fru bulmuyoruz.&#8221;\n<\/p>\n<p style=\"text-align: justify;\"><strong>&#8216;SAVCILAR A\u015eIRI YORUM YAPMI\u015e OLAB\u0130L\u0130R&#8217;<\/strong><\/p>\n<p style=\"text-align: justify;\">AKP hakk\u0131nda bir y\u0131l \u00f6nce kapatma davas\u0131 a\u00e7\u0131ld\u0131\u011f\u0131n\u0131 hat\u0131rlatan Erg\u00fcn s\u00f6zlerini \u015f\u00f6yle tamamlad\u0131: &#8220;O zaman bize &#8216;Mahkemeye sayg\u0131 g\u00f6sterin. Savunman\u0131z\u0131 haz\u0131rlay\u0131n. Mahkemenin karar\u0131n\u0131 bekleyin. \u015eeriat\u0131n kesti\u011fi parmak ac\u0131maz. Yarg\u0131ya boyun e\u011fin, Anayasa&#8217;ya boyun e\u011fin&#8217; diyenler, bize bu tavsiyede bulunanlar, bug\u00fcn ba\u015fka bir\u015fey s\u00f6yl\u00fcyorlar. Bug\u00fcn de ayn\u0131 \u015feyi s\u00f6ylemek laz\u0131m. B\u0131rak\u0131n yarg\u0131 i\u015flesin. Zanl\u0131lar, \u015f\u00fcpheliler, onlar\u0131n avukatlar\u0131 var. Kendilerini savunacaklard\u0131r. Su\u00e7suz olduklar\u0131na inan\u0131yorlarsa, bunlar\u0131 samimi olarak ortaya koyacaklard\u0131r. Belgeler, deliller yetersizse yarg\u0131\u00e7lar bunu dikkate alacakt\u0131r. Savc\u0131lar\u0131n iddialar\u0131nda a\u015f\u0131r\u0131l\u0131klar varsa, olabilir. Mesala bizim partimizle ilgili savc\u0131n\u0131n iddialar\u0131nda a\u015f\u0131r\u0131l\u0131klar vard\u0131. Mahkeme bu a\u015f\u0131r\u0131l\u0131klar\u0131 ay\u0131klad\u0131. Dedi ki &#8216;bu delillerin y\u00fczde 95&#8217;ini saym\u0131yorum&#8217; dedi mahkeme. Bizim partimizle ilgili y\u00fczde 5&#8217;ini de\u011ferlendiriyorum ama bu y\u00fczde 5&#8217;i de parti kapatmak i\u00e7in yeterli delili olu\u015fturmuyor diye mahkeme karar verdi. Belki Ergenekon iddianamesini haz\u0131rlayan savc\u0131lar da baz\u0131 konularda a\u015f\u0131r\u0131 yorumlar yapm\u0131\u015f olabilirler. Onu bilmiyoruz biz.&#8221;<\/p>\n<p style=\"text-align: justify;\"><span style=\"color: #888888;\">Kaynak : Vatan<\/span><\/p>\n","protected":false},"excerpt":{"rendered":"<p style=\"text-align: center;\">\n<p style=\"text-align: justify;\">AKP Grup Ba\u015fkanvekili&#8217;nden Ergenekon a\u00e7\u0131klamas\u0131 <\/p>\n<p style=\"text-align: justify;\">&#8220;Belki Ergenekon iddianamesini haz\u0131rlayan savc\u0131lar da baz\u0131 konularda a\u015f\u0131r\u0131 yorumlar yapm\u0131\u015f olabilirler. Onu bilmiyoruz biz.&#8221;<\/p>\n<p style=\"text-align: justify;\">AKP Grup Ba\u015fkanvekillerinden Kocaeli Milletvekili Nihat Erg\u00fcn, Ergenekon operasyonu kapsam\u0131nda g\u00f6zalt\u0131na al\u0131nanlar\u0131n \u015fu anda &#8216;\u015e\u00fcpheli&#8217; olduklar\u0131n\u0131 belirterek, mahkeme karar verene kadar kimseye su\u00e7lu veya su\u00e7suz <\/p>\n","protected":false},"author":1,"featured_media":0,"comment_status":"open","ping_status":"closed","sticky":false,"template":"","format":"standard","meta":{"footnotes":""},"categories":[105],"tags":[],"class_list":["post-8198","post","type-post","status-publish","format-standard","hentry","category-gundem","odd"],"_links":{"self":[{"href":"http:\/\/www.korhanyilmaz.com\/index.php?rest_route=\/wp\/v2\/posts\/8198","targetHints":{"allow":["GET"]}}],"collection":[{"href":"http:\/\/www.korhanyilmaz.com\/index.php?rest_route=\/wp\/v2\/posts"}],"about":[{"href":"http:\/\/www.korhanyilmaz.com\/index.php?rest_route=\/wp\/v2\/types\/post"}],"author":[{"embeddable":true,"href":"http:\/\/www.korhanyilmaz.com\/index.php?rest_route=\/wp\/v2\/users\/1"}],"replies":[{"embeddable":true,"href":"http:\/\/www.korhanyilmaz.com\/index.php?rest_route=%2Fwp%2Fv2%2Fcomments&post=8198"}],"version-history":[{"count":0,"href":"http:\/\/www.korhanyilmaz.com\/index.php?rest_route=\/wp\/v2\/posts\/8198\/revisions"}],"wp:attachment":[{"href":"http:\/\/www.korhanyilmaz.com\/index.php?rest_route=%2Fwp%2Fv2%2Fmedia&parent=8198"}],"wp:term":[{"taxonomy":"category","embeddable":true,"href":"http:\/\/www.korhanyilmaz.com\/index.php?rest_route=%2Fwp%2Fv2%2Fcategories&post=8198"},{"taxonomy":"post_tag","embeddable":true,"href":"http:\/\/www.korhanyilmaz.com\/index.php?rest_route=%2Fwp%2Fv2%2Ftags&post=8198"}],"curies":[{"name":"wp","href":"https:\/\/api.w.org\/{rel}","templated":true}]}}