{"id":8194,"date":"2009-04-14T12:45:52","date_gmt":"2009-04-14T09:45:52","guid":{"rendered":"http:\/\/www.korhanyilmaz.com\/?p=8194"},"modified":"2009-04-14T12:45:52","modified_gmt":"2009-04-14T09:45:52","slug":"kimse-dtpye-diz-cokturemez","status":"publish","type":"post","link":"http:\/\/www.korhanyilmaz.com\/?p=8194","title":{"rendered":"&#039;Kimse DTP&#039;ye diz \u00e7\u00f6kt\u00fcremez&#039;"},"content":{"rendered":"<p style=\"text-align: center;\"><img loading=\"lazy\" decoding=\"async\" class=\"aligncenter size-full wp-image-8195\" title=\"'Kimse DTP'ye diz \u00e7\u00f6kt\u00fcremez' \" src=\"http:\/\/www.korhanyilmaz.com\/wp-content\/uploads\/2009\/04\/140420091529381934967.jpg\" alt=\"'Kimse DTP'ye diz \u00e7\u00f6kt\u00fcremez' \" width=\"329\" height=\"210\" \/><\/p>\n<p style=\"text-align: justify;\"><strong>Bug\u00fcn bir \u00e7ok ilde e\u015f zamanl\u0131 olarak ba\u015flat\u0131lan operasyonlar\u0131 ele\u015ftiren DTP Genel Ba\u015fkan\u0131 Ahmet T\u00fcrk, bask\u0131nlar\u0131n Ba\u015fbakan&#8217;\u0131n direktifiyle, yerel se\u00e7im sonu\u00e7lar\u0131na tepki olarak yap\u0131ld\u0131\u011f\u0131n\u0131 iddia etti<\/strong>.<\/p>\n<p style=\"text-align: justify;\">DTP Genel Ba\u015fkan\u0131 Ahmet T\u00fcrk, Diyarbak\u0131r Cumhuriyet Ba\u015fsavc\u0131l\u0131\u011f\u0131&#8217;n\u0131n talimat\u0131yla &#8220;Ter\u00f6r \u00f6rg\u00fct\u00fcne y\u00f6nelik soru\u015fturma&#8221; kapsam\u0131nda 14 ilde e\u015f zamanl\u0131 ba\u015flat\u0131lan operasyonlar\u0131 ele\u015ftirdi. T\u00fcrk, &#8220;Bedeli ne olursa olsun b\u00fcy\u00fck bir cesaret ve kararl\u0131l\u0131kla demokrasi duru\u015fumuzdan taviz verilmeyecektir. Hi\u00e7 bir g\u00fc\u00e7 DTP&#8217;ye diz \u00e7\u00f6kt\u00fcrmeyecektir. Operasyonlar ve g\u00f6zalt\u0131lar derhal son bulmal\u0131, ve arkada\u015flar\u0131m\u0131z serbest b\u0131rak\u0131lmal\u0131d\u0131r&#8221; diyerek de\u011ferlendirdi.<!--more--><\/p>\n<p style=\"text-align: justify;\">T\u00fcrk, Meclis&#8217;te partisinin grup toplant\u0131s\u0131nda yapt\u0131\u011f\u0131 konu\u015fmada, polisin DTP&#8217;ye y\u00f6nelik ba\u015flatt\u0131\u011f\u0131n\u0131 iddia etti\u011fi operasyonu bizzat Ba\u015fbakan Recep Tayyip Erdo\u011fan&#8217;\u0131n, 29 Mart yerel se\u00e7imlerin ard\u0131ndan kendilerini hedef g\u00f6steren a\u00e7\u0131klamalardan kaynakland\u0131\u011f\u0131n\u0131 \u00f6ne s\u00fcrd\u00fc. Bu operasyonun Ba\u015fbakan&#8217;\u0131n direktifleri do\u011frultusunda yap\u0131ld\u0131\u011f\u0131n\u0131 \u00f6ne s\u00fcren T\u00fcrk, &#8220;Sonu\u00e7lar\u0131na h\u00fck\u00fcmetin tahamm\u00fcls\u00fczl\u00fc\u011f\u00fcn\u00fcn \u00e7ok a\u00e7\u0131k bir g\u00f6stergesidir. T\u00fcrkiye&#8217;nin d\u00f6rd\u00fcnc\u00fc b\u00fcy\u00fck partisine kar\u015f\u0131 ger\u00e7ekle\u015ftirilen bu operasyon, hukuk d\u0131\u015f\u0131d\u0131r, demokrasi d\u0131\u015f\u0131d\u0131r. Hasmane bir tutumdur. Bu tutumundan dolay\u0131 h\u00fck\u00fcmeti k\u0131n\u0131yoruz ve uyar\u0131yoruz. T\u00fcm demokratik muhalefeti ve sivil toplum \u00f6rg\u00fctlerini, bu konuya odaklanmaya davet ediyoruz&#8221; dedi.<\/p>\n<p style=\"text-align: justify;\"><strong>-\u00c7\u0130\u00c7EK&#8217;\u0130N S\u00d6ZLER\u0130-<\/strong><\/p>\n<p style=\"text-align: justify;\">29 Mart yerel se\u00e7imlerin ard\u0131ndan Devlet Bakan\u0131 ve Ba\u015fbakan Yard\u0131mc\u0131s\u0131 Cemil \u00c7i\u00e7ek&#8217;in, DTP&#8217;ye y\u00f6nelik, &#8220;Ermenistan s\u0131n\u0131r\u0131na dayand\u0131lar&#8221; s\u00f6zlerini an\u0131msatan T\u00fcrk, &#8220;Bu s\u00f6zler h\u00fck\u00fcmetin a\u00e7\u0131k\u00e7a anlay\u0131\u015f\u0131n\u0131 ortaya koymu\u015ftur. Partimizin \u00fcst\u00fcne estirilen bask\u0131, yeni bir d\u00f6nemin alt\u0131n\u0131 \u00e7izerek dile getirmek istiyorum. Partimize adeta demokratik siyasetin d\u0131\u015f\u0131na itmeye \u00e7al\u0131\u015fan bir mant\u0131\u011f\u0131n ifadesidir&#8221; diye konu\u015ftu.<\/p>\n<p style=\"text-align: justify;\">Yap\u0131lan operasyonlar\u0131n verdikleri m\u00fccadelede etkili olmayaca\u011f\u0131n\u0131n alt\u0131n\u0131 \u00e7izen T\u00fcrk \u015f\u00f6yle dedi:<\/p>\n<p style=\"text-align: justify;\"><strong>-BEDEL\u0130 NE OLURSA OLSUN-<\/strong><\/p>\n<p style=\"text-align: justify;\">&#8220;\u015eu nu herkes \u00e7ok iyi bilmeli ki, bizi bu onurlu demokrasi ve bar\u0131\u015f m\u00fccadelesinden al\u0131koyamayacakt\u0131r. Bedeli ne olursa olsun b\u00fcy\u00fck bir cesaret ve kararl\u0131l\u0131kla demokrasi duru\u015fumuzdan taviz verilmeyecektir. Hi\u00e7 bir g\u00fc\u00e7 DTP&#8217;ye diz \u00e7\u00f6kt\u00fcrmeyecektir. Operasyonlar ve g\u00f6zalt\u0131lar derhal son bulmal\u0131, ve arkada\u015flar\u0131m\u0131z serbest b\u0131rak\u0131lmal\u0131d\u0131r.<\/p>\n<p style=\"text-align: justify;\">Yerel se\u00e7imlerin ard\u0131ndan, T\u00fcrkiye&#8217;nin ger\u00e7ek g\u00fcndemiyle y\u00fczle\u015fmesi gereken bir d\u00f6nemden ge\u00e7iyoruz. Art\u0131k T\u00fcrkiye&#8217;nin bo\u015fa ge\u00e7irecek ne fazla zaman\u0131 ne de enerjisi vard\u0131r.&#8221;<br \/>\nT\u00fcrk s\u0131k\u00e7a dile getirdi\u011fi, &#8220;K\u00fcrtler \u00e7\u00f6z\u00fcms\u00fczl\u00fc\u011f\u00fcn taraf\u0131 de\u011fil&#8221; s\u00f6zlerini yineleyerek, &#8220;K\u00fcrtler asla ve asla \u00e7\u00f6z\u00fcms\u00fczl\u00fc\u011f\u00fcn taraf\u0131 de\u011fildir. Bunun do\u011fru anla\u015f\u0131lmas\u0131 gerekiyor. \u00dclkemizin kar\u015f\u0131 kar\u015f\u0131ya bulundu\u011fu ekonomik kriz ve K\u00fcrt sorununda ya\u015fanan \u00e7at\u0131\u015fmal\u0131 s\u00fcrecin devam ediyor olmas\u0131d\u0131r. Yeni Anayasa, siyasi partiler ve se\u00e7im kanunlar\u0131ndaki de\u011fi\u015fiklik ba\u015fta olmak \u00fczere ask\u0131ya al\u0131nan demokratikle\u015fme reformlar\u0131n\u0131n h\u0131zla ba\u015flat\u0131lmas\u0131 h\u00fck\u00fcmetin, parlamentonun \u00f6n\u00fcnde duran en acil g\u00fcndemlerdir&#8221; dedi.\n<\/p>\n<p style=\"text-align: justify;\"><strong>-DE\u011e\u0130\u015e\u0130M VE \u00c7\u00d6Z\u00dcM-<\/strong><\/p>\n<p style=\"text-align: justify;\">29 Mart&#8217;ta sand\u0131ktan \u00e7\u0131kan en \u00f6nemli sonu\u00e7lardan birinin, &#8220;De\u011fi\u015fim ve \u00e7\u00f6z\u00fcm&#8221; oldu\u011funu vurgulayan T\u00fcrk, &#8220;Bunun iyi g\u00f6r\u00fclmesi ve do\u011fru okunmas\u0131 gerekti\u011fini s\u00f6yledi.<\/p>\n<p style=\"text-align: justify;\">T\u00fcrk, &#8220;Demokrasinin vazge\u00e7ilmez bir par\u00e7as\u0131 olan siyaset kurumu bu noktada tarihi bir g\u00f6rev ve sorumlulukla kar\u015f\u0131 kar\u015f\u0131yad\u0131r. K\u0131s\u0131r \u00e7eki\u015fme ve \u00e7at\u0131\u015fmalar\u0131n bir kenara b\u0131rak\u0131lmas\u0131, siyasetin; sorunun de\u011fil \u00e7\u00f6z\u00fcm\u00fcn bir par\u00e7as\u0131 haline getirilmesi gerekmektedir&#8221; diye konu\u015ftu.<\/p>\n<p style=\"text-align: justify;\">29 Mart yerel se\u00e7im sonu\u00e7lar\u0131ndan AKP iktidar\u0131n\u0131n ders almas\u0131 gereken hususlar\u0131n oldu\u011funa dikkat \u00e7eken T\u00fcrk \u015f\u00f6yle dedi:<br \/>\n&#8220;Ne yaz\u0131k ki de\u011fi\u015fim ve d\u00f6n\u00fc\u015f\u00fcm, \u00fclkemizde \u00f6yle san\u0131ld\u0131\u011f\u0131 gibi kolay olmuyor. Stat\u00fckocu zihniyet halen g\u00fc\u00e7l\u00fc ve etkili olmaya devam ediyor. Bu zihniyetin kendisini hissettirdi\u011fi alanlar\u0131n ba\u015f\u0131nda K\u00fcrt sorunu gelmektedir. Bak\u0131n\u0131z 29 Mart se\u00e7imleri bu noktada h\u00fck\u00fcmete ve devlete \u00f6nemli bir yol haritas\u0131 sunmu\u015ftur. K\u00fcrtler \u00e7\u00f6z\u00fcme her zamankinden daha fazla haz\u0131r oldu\u011funu net bir bi\u00e7imde ortaya koymu\u015ftur. K\u00fcrtler &#8216;yeni bir sayfa a\u00e7al\u0131m&#8217; mesaj\u0131n\u0131 vermi\u015ftir. Halk\u0131m\u0131z\u0131n a\u00e7\u0131\u011fa \u00e7\u0131kan bu bar\u0131\u015f iradesi T\u00fcrkiye&#8217;yi \u00f6yle bir noktaya ta\u015f\u0131m\u0131\u015ft\u0131r ki; sorunun sivil demokratik y\u00f6ntemlerle, diyalogla \u00e7\u00f6z\u00fcm\u00fcnden ba\u015fka bir se\u00e7enek kalmam\u0131\u015ft\u0131r. Neden? \u00c7\u00fcnk\u00fc askeri y\u00f6ntemler de d\u00e2hil b\u00fct\u00fcn se\u00e7enekler denenmi\u015f ve soruna \u00e7\u00f6z\u00fcm olmad\u0131\u011f\u0131 g\u00f6r\u00fclm\u00fc\u015ft\u00fcr. Bu nedenle demokratik \u00e7\u00f6z\u00fcm art\u0131k ka\u00e7\u0131n\u0131lmaz hale gelmi\u015ftir. Elbette bu s\u00fcrecin kolay ge\u00e7meyece\u011finin fark\u0131nday\u0131z. Bir tak\u0131m odaklar devreye girecektir.&#8221;\n<\/p>\n<p style=\"text-align: justify;\"><strong>-&#8220;A\u00c7ILIMLAR SE\u00c7\u0130MLERE KADAR MIYDI?&#8221;<\/strong><\/p>\n<p style=\"text-align: justify;\">H\u00fck\u00fcmetin yerel se\u00e7imler \u00f6ncesi G\u00fcneydo\u011fu a\u00e7\u0131l\u0131mlar\u0131nda samimi olmad\u0131\u011f\u0131na i\u015faret eden T\u00fcrk \u015fu sorular\u0131 y\u00f6nelterek \u015f\u00f6yle dedi:<br \/>\n&#8220;Nerede kald\u0131 sizin K\u00fcrt\u00e7e a\u00e7\u0131l\u0131mlar\u0131n\u0131z! Hepsi se\u00e7imlere kadar m\u0131yd\u0131? Hani herkes kendi anadilinde konu\u015fabiliyordu? Siz K\u00fcrtleri bu yasaklarla m\u0131 kazanacaks\u0131n\u0131z?<br \/>\nOlsa olsa ancak kendinizi kand\u0131r\u0131rs\u0131n\u0131z. Sans\u00fcrleseniz de, kapatsan\u0131z da halk, bu prangay\u0131 k\u0131racak ve gazetesine sahip \u00e7\u0131kacakt\u0131r. \u00c7\u00fcnk\u00fc dil bir halk\u0131n onurudur.\n<\/p>\n<p style=\"text-align: justify;\">Halk\u0131m\u0131z bu onurunu ya\u015fam\u0131ndan \u00f6nce g\u00f6rmektedir. Bu halk asla ve asla onuruyla oynanmas\u0131na izin vermemi\u015ftir, vermeyecektir. Halen anlamayan varsa, g\u00f6rmeyen varsa bunu iyi anlas\u0131n ve iyi g\u00f6rs\u00fcn&#8221;<\/p>\n<p style=\"text-align: justify;\"><span style=\"color: #888888;\">Kaynak : Vatan<\/span><\/p>\n","protected":false},"excerpt":{"rendered":"<p style=\"text-align: center;\">\n<p style=\"text-align: justify;\">Bug\u00fcn bir \u00e7ok ilde e\u015f zamanl\u0131 olarak ba\u015flat\u0131lan operasyonlar\u0131 ele\u015ftiren DTP Genel Ba\u015fkan\u0131 Ahmet T\u00fcrk, bask\u0131nlar\u0131n Ba\u015fbakan&#8217;\u0131n direktifiyle, yerel se\u00e7im sonu\u00e7lar\u0131na tepki olarak yap\u0131ld\u0131\u011f\u0131n\u0131 iddia etti.<\/p>\n<p style=\"text-align: justify;\">DTP Genel Ba\u015fkan\u0131 Ahmet T\u00fcrk, Diyarbak\u0131r Cumhuriyet Ba\u015fsavc\u0131l\u0131\u011f\u0131&#8217;n\u0131n talimat\u0131yla &#8220;Ter\u00f6r \u00f6rg\u00fct\u00fcne y\u00f6nelik soru\u015fturma&#8221; kapsam\u0131nda 14 ilde e\u015f zamanl\u0131 ba\u015flat\u0131lan operasyonlar\u0131 ele\u015ftirdi. T\u00fcrk, <\/p>\n","protected":false},"author":1,"featured_media":0,"comment_status":"open","ping_status":"closed","sticky":false,"template":"","format":"standard","meta":{"footnotes":""},"categories":[105],"tags":[],"class_list":["post-8194","post","type-post","status-publish","format-standard","hentry","category-gundem","odd"],"_links":{"self":[{"href":"http:\/\/www.korhanyilmaz.com\/index.php?rest_route=\/wp\/v2\/posts\/8194","targetHints":{"allow":["GET"]}}],"collection":[{"href":"http:\/\/www.korhanyilmaz.com\/index.php?rest_route=\/wp\/v2\/posts"}],"about":[{"href":"http:\/\/www.korhanyilmaz.com\/index.php?rest_route=\/wp\/v2\/types\/post"}],"author":[{"embeddable":true,"href":"http:\/\/www.korhanyilmaz.com\/index.php?rest_route=\/wp\/v2\/users\/1"}],"replies":[{"embeddable":true,"href":"http:\/\/www.korhanyilmaz.com\/index.php?rest_route=%2Fwp%2Fv2%2Fcomments&post=8194"}],"version-history":[{"count":0,"href":"http:\/\/www.korhanyilmaz.com\/index.php?rest_route=\/wp\/v2\/posts\/8194\/revisions"}],"wp:attachment":[{"href":"http:\/\/www.korhanyilmaz.com\/index.php?rest_route=%2Fwp%2Fv2%2Fmedia&parent=8194"}],"wp:term":[{"taxonomy":"category","embeddable":true,"href":"http:\/\/www.korhanyilmaz.com\/index.php?rest_route=%2Fwp%2Fv2%2Fcategories&post=8194"},{"taxonomy":"post_tag","embeddable":true,"href":"http:\/\/www.korhanyilmaz.com\/index.php?rest_route=%2Fwp%2Fv2%2Ftags&post=8194"}],"curies":[{"name":"wp","href":"https:\/\/api.w.org\/{rel}","templated":true}]}}