{"id":8190,"date":"2009-04-14T17:05:47","date_gmt":"2009-04-14T14:05:47","guid":{"rendered":"http:\/\/www.korhanyilmaz.com\/?p=8190"},"modified":"2009-04-14T17:05:47","modified_gmt":"2009-04-14T14:05:47","slug":"bu-da-bir-darbe-savci-darbesi","status":"publish","type":"post","link":"http:\/\/www.korhanyilmaz.com\/?p=8190","title":{"rendered":"Bu da bir darbe.. Savc\u0131 darbesi!"},"content":{"rendered":"<p style=\"text-align: center;\"><img loading=\"lazy\" decoding=\"async\" class=\"aligncenter size-full wp-image-8191\" src=\"http:\/\/www.korhanyilmaz.com\/wp-content\/uploads\/2009\/04\/140420091703595306154.jpg\" alt=\"\" width=\"329\" height=\"210\" \/><\/p>\n<p style=\"text-align: justify;\"><strong>Baykal&#8217;den Ergenekon \u00e7\u0131k\u0131\u015f\u0131: &#8220;Bu uygulamalar, hi\u00e7 \u015f\u00fcphe yok bir darbedir. Darbe, sadece tankla, topla, silahla, \u00fcniformayla yap\u0131lmaz. Darbe b\u00f6yle de yap\u0131l\u0131r ve yap\u0131l\u0131yor da. <\/strong><\/p>\n<p style=\"text-align: justify;\">CHP Genel Ba\u015fkan\u0131 Deniz Baykal, Ergenekon soru\u015fturmas\u0131 kapsam\u0131nda ger\u00e7ekle\u015ftirilen son g\u00f6zalt\u0131lar\u0131 de\u011ferlendirirken, &#8220;Bu uygulamalar, hi\u00e7 \u015f\u00fcphe yok bir darbedir. Darbe, sadece tankla, topla, silahla, \u00fcniformayla yap\u0131lmaz. Darbe b\u00f6yle de yap\u0131l\u0131r ve yap\u0131l\u0131yor da. T\u00fcrkiye, bu darbeyi ya\u015f\u0131yor. Bu darbenin i\u00e7inde, darbeye kar\u015f\u0131 hukuku savunmakla, insan haklar\u0131n\u0131 savunmakla sorumlu, g\u00f6revli mercilerin, makamlar\u0131n bulundu\u011funa tan\u0131k olmakta hepimizi derinde yaral\u0131yor. Ama ya\u015fanan\u0131n bir darbe oldu\u011fu ger\u00e7e\u011fi, maalesef g\u00f6zlerde saklanam\u0131yor. Bu, bir darbedir. Elbette siyasal bir darbedir, bir AKP darbesidir. Daha da ac\u0131s\u0131, bu, bir savc\u0131l\u0131k darbesidir&#8221; dedi.<!--more--><\/p>\n<p style=\"text-align: justify;\">Baykal, Meclis&#8217;te partisinin grup toplant\u0131s\u0131nda yapt\u0131\u011f\u0131 konu\u015fmada, Ergenekon soru\u015fturmas\u0131 kapsam\u0131nda son g\u00f6zalt\u0131lar\u0131 de\u011ferlendirdi. Baykal, Ergenekon soru\u015fturmas\u0131n\u0131n son g\u00f6zalt\u0131lar\u0131n\u0131 sorular y\u00f6nelterek de\u011ferlendirdi. S\u00f6zlerine, &#8220;Nedir bu dava?&#8221; diye sorarak ba\u015flayan Baykal \u015f\u00f6yle dedi:<\/p>\n<p style=\"text-align: justify;\">&#8220;Ergenekon Ter\u00f6r \u00d6rg\u00fct\u00fc deniyor. Mahkeme &#8216;b\u00f6yle bir de\u011ferlendirme yapamazs\u0131n\u0131z&#8217; diyor ama hala Ergenekon Ter\u00f6r \u00d6rg\u00fct\u00fc diye yazanlar yaz\u0131yor. Peki bu ne? T\u00fcrkiye&#8217;nin rejimini yak\u0131ndan ilgilendiren b\u00f6yle bir \u00f6rg\u00fct nas\u0131l kuruldu, kimler kurdu? Hangi tarihte kuruldu bilen var m\u0131? Ba\u015f\u0131ndakiler nas\u0131l de\u011fi\u015fti bilen var m\u0131? Kapsam nas\u0131l de\u011fi\u015fti? Genelkurmay Ba\u015fkan\u0131&#8217;na soruyorlar &#8216;siz bu \u00f6rg\u00fct\u00fc biliyor musunuz?&#8217; diye, &#8216;ben b\u00f6yle bir \u015fey duymad\u0131m&#8217; diyor.&#8221;<br \/>\nBaykal, Ergenekon Ter\u00f6r \u00d6rg\u00fct\u00fc&#8217;nden hi\u00e7 kimsenin haberi olmad\u0131\u011f\u0131n\u0131 ileri s\u00fcrerek, &#8220;Askerin, sivilin haberi yok. hi\u00e7bir istihbarat \u00f6rg\u00fct\u00fcn\u00fcn haberi yok. \u0130ddianameden g\u00f6r\u00fcyoruz ki bunlar ta 1960&#8242; l\u0131 y\u0131llar dahil, b\u00fct\u00fcn yak\u0131n tarih boyunca etkin bir \u00f6rg\u00fctm\u00fc\u015f. B\u00fct\u00fcn olaylar\u0131n i\u00e7inde bunlar varm\u0131\u015f. Var da nas\u0131l var, kim kurdu, kim y\u00f6netti? Bu \u00f6rg\u00fct AKP&#8217;ye kar\u015f\u0131 kurulmu\u015f \u00f6rg\u00fct m\u00fc, evet \u00f6yle anla\u015f\u0131l\u0131yor&#8221; dedi.\n<\/p>\n<p style=\"text-align: justify;\"><strong>-AKP&#8217;N\u0130N ADI YOKKEN KURULMU\u015e-<\/strong><\/p>\n<p style=\"text-align: justify;\">G\u00f6zalt\u0131na al\u0131nan ve tutuklananlar\u0131n &#8220;AKP kar\u015f\u0131t\u0131&#8221; oldu\u011funu iddia edenlere Baykal, &#8220;AKP&#8217;nin ad\u0131 yokken kurulmu\u015f. Bu \u00f6rg\u00fct iddianameye bak\u0131ld\u0131\u011f\u0131nda \u0130ddianamede taaa 60&#8217;lardan bahsediliyor. O zaman kime kar\u015f\u0131 kurulmu\u015f&#8221; diyerek yan\u0131t verdi.<\/p>\n<p style=\"text-align: justify;\">&#8220;O zaman kime kar\u015f\u0131 kurulmu\u015f, kim kurmu\u015f o zamanki hedefi neymi\u015f?&#8221; diye soran Baykal, Ergenekon&#8217;un \u00fcrk\u00fct\u00fcc\u00fc bir kavram olarak T\u00fcrkiye&#8217;ye yerle\u015ftirilmeye \u00e7al\u0131\u015ft\u0131\u011f\u0131n\u0131 vurgulad\u0131. Ergenekon \u00e7imentosunun beyinlere aktar\u0131ld\u0131\u011f\u0131n\u0131 kaydeden Baykal, &#8220;B\u00f6yle bir te\u015fkilat. T\u00fcrkiye&#8217;de yap\u0131lm\u0131\u015f y\u0131\u011f\u0131nla yanl\u0131\u015f i\u015f var. Yanl\u0131\u015f i\u015fler varsa takip edin. &#8216;Hay\u0131r biz bu yanl\u0131\u015f i\u015fleri buraya ba\u011flayaca\u011f\u0131z. Buradan bir \u00e7ok yere elimizi kolumuzu tutarak ba\u011flanaca\u011f\u0131z&#8217; Bu g\u00fcvenilir, ciddi, sa\u011flam hukuki dava niteli\u011fini ta\u015f\u0131m\u0131yor&#8221; diye konu\u015ftu.<\/p>\n<p style=\"text-align: justify;\">Baykal, Yarg\u0131tay Onursal Cumhuriyet Ba\u015fsavc\u0131s\u0131 Sabih Kanado\u011flu&#8217;nun Ergenekon soru\u015fturmas\u0131 ile ilgili s\u00f6zlerini hat\u0131rlatarak, &#8220;Yarg\u0131tay onursal ba\u015fsavc\u0131s\u0131 &#8217;40 y\u0131ll\u0131k hukuk hayat\u0131mda b\u00f6yle iddianame g\u00f6rmedim&#8217; dedi. Bunu s\u00f6yleyen bir siyaset\u00e7i de\u011fil, kendisine g\u00fcveni sayg\u0131s\u0131 olan bir hukuk\u00e7u. D\u00fcnyan\u0131n hi\u00e7bir yerinde hi\u00e7bir hukuk\u00e7u b\u00f6yle bir iddianame g\u00f6rmedi. B\u00f6yle iddianame olmaz, kapsam\u0131 belli de\u011fil, tan\u0131k m\u0131, san\u0131k m\u0131, \u015f\u00fcpheli mi belli de\u011fil, b\u00f6yle iddianame olur mu?&#8221; dedi.<\/p>\n<p style=\"text-align: justify;\"><strong>-&#8220;\u0130DD\u0130ANAME DE\u011e\u0130L \u0130THAMNAME&#8221;-<\/strong><\/p>\n<p style=\"text-align: justify;\">Ergenekon iddianamelerinin hi\u00e7 bir somut dayana\u011f\u0131 olmad\u0131\u011f\u0131n\u0131 \u00f6ne s\u00fcren Baykal, &#8220;Oradaki her laf\u0131n bir ba\u011flant\u0131s\u0131 olacak. \u0130ddia olacak, herkesle ilgili iddianame ise somut olaylara dayal\u0131 sa\u011flam kan\u0131tlara dayal\u0131 bir iddianame olacak. \u0130ddianame ayr\u0131d\u0131r, ithamname ayr\u0131d\u0131r. \u0130ddianamede somut bir iddia olacak, kan\u0131tlara, \u015fah\u0131slar, ba\u011flant\u0131lar olacak. Eni sonu belli olacak&#8221; diye konu\u015ftu.<\/p>\n<p style=\"text-align: justify;\">Mahkemenin iddianameyi tanzim etmek durumunda oldu\u011funu belirten Baykal, &#8220;Y\u0131\u011f\u0131nla isim. Ni\u00e7in hangi ba\u011flant\u0131yla nas\u0131l belli de\u011fil, birbirini tan\u0131mayan insanlar ayn\u0131 ter\u00f6r \u00f6rg\u00fct\u00fcn\u00fcn birinci derecede sorumlular\u0131 olarak orada yer alacak. Bir karma\u015fa. Ortada hukuki ge\u00e7erlili\u011fi olan bir iddianame var m\u0131d\u0131r? tart\u0131\u015fmas\u0131 var. O iddianame do\u011frultusunda insan haklar\u0131na, adil yarg\u0131lanma hakk\u0131na sayg\u0131 g\u00f6sterilip g\u00f6sterilmedi\u011fi de ayr\u0131&#8221; dedi.<\/p>\n<p style=\"text-align: justify;\"><strong>-&#8220;DANI\u015eTAY C\u0130NAYET\u0130&#8221;-<\/strong><\/p>\n<p style=\"text-align: justify;\">Ergenekon san\u0131\u011f\u0131 Tuncay G\u00fcney&#8217;den de &#8220;Haham&#8221; diye bahseden Baykal, \u015fu iddialar\u0131 g\u00fcndeme getirdi:<br \/>\n&#8220;Bir yandan tutuklamalar devam ediyor, bu dava g\u00f6r\u00fclmeye ba\u015flanm\u0131\u015f. \u0130fadeler al\u0131n\u0131yor, bir yandan yarg\u0131lama y\u00fcr\u00fcyor bir yandan iddianame haz\u0131rlan\u0131yor b\u00f6yle bir yarg\u0131lama d\u00fcnyan\u0131n neresinde g\u00f6r\u00fclm\u00fc\u015f. B\u00f6yle bir \u015feyi mazur g\u00f6rmek m\u00fcmk\u00fcn de\u011fil. Ortada bir haham var, bir gizli tan\u0131k var. \u0130\u015fkence alt\u0131nda al\u0131nd\u0131\u011f\u0131 gizlenen iddialar\u0131. Ona dayal\u0131 olarak iddianame. Gizli tan\u0131k ilgi \u00e7ekici bir isim. Davan\u0131n temel hedefleri \u015funlar, &#8216;Dan\u0131\u015ftay cinayeti asl\u0131nda bir Ergenekon cinayetidir. Cumhuriyet mitingleri asl\u0131nda bir ter\u00f6r \u00f6rg\u00fct\u00fc planlay\u0131p uygulad\u0131\u011f\u0131 gayrime\u015fru h\u00fck\u00fcmeti y\u0131kmaya d\u00f6n\u00fck bir faaliyettir. Gizli tan\u0131k ablas\u0131n\u0131 \u00f6ld\u00fcrmekten hapis cezas\u0131 alm\u0131\u015f, \u00f6z ye\u011finini satarak fuhu\u015fa zorlamaktan hapis, Cumhuriyet gazetesinin bombalanmas\u0131 olay\u0131ndan hapis cezas\u0131 alm\u0131\u015f, bu ki\u015fi Dan\u0131\u015ftay davas\u0131 s\u0131ras\u0131nda Atat\u00fcrk hakk\u0131nda \u00e7ok a\u011f\u0131r iftiralar\u0131 \u00e7ekinmeden yapm\u0131\u015f. B\u00f6yle bir ki\u015fi Ergenekon davas\u0131n\u0131n en temel dayanak noktalar\u0131ndan birisi. Me\u011fer Dan\u0131\u015ftay cinayetini Ergenekoncular i\u015fledi&#8217; diyecek. \u00d6nce mahkemeye sonra T\u00fcrkiye&#8217;ye kabul ettirecek. Ak\u0131l bu kadar kendinden ge\u00e7ti mi? Sorumluluk, vicdan diye bir \u015fey yok mu?&#8221;\n<\/p>\n<p style=\"text-align: justify;\"><strong>-HERKES\u0130N KEND\u0130NE G\u00d6RE-<\/strong><\/p>\n<p style=\"text-align: justify;\">Herkesin kendine g\u00f6re bir &#8220;Ergenekon&#8217;u&#8221; oldu\u011funu vurgulayan Baykal, &#8220;Haham\u0131n i\u015fkenceyle al\u0131nm\u0131\u015f itiraflar\u0131, gizli tan\u0131\u011f\u0131n durumu, Herkesin kendine g\u00f6re bir Ergenekon&#8217;u var, herkesin hesapla\u015f\u0131lmas\u0131n\u0131 istedi\u011fi biri var. O da i\u00e7ine girsin diyor. Herkes kendi hesab\u0131n\u0131 Ergenekon \u00fcst\u00fcnden g\u00f6t\u00fcrmeye \u00e7al\u0131\u015f\u0131yor. Ergenekon bir s\u00fcre sonra korku sembol\u00fc haline geliyor. Ger\u00e7ekleri bildi\u011fi halde pek \u00e7ok ki\u015fi bunlar\u0131 bana da kulp takarlar diye konu\u015fmuyor&#8221; dedi.<\/p>\n<p style=\"text-align: justify;\">Baykal, son g\u00f6zalt\u0131na al\u0131nanlarla ilgili de \u015funlar\u0131 s\u00f6yledi:<br \/>\n-HOCALARIN HOCASI-<br \/>\n&#8220;D\u00fcn kapsaml\u0131 ve toplumda b\u00fcy\u00fck heyecan yaratan g\u00f6zalt\u0131lar uyguland\u0131. Devletin eski rekt\u00f6rleri, \u00c7YDD&#8217;nin \u00fcyeleri g\u00f6zalt\u0131na al\u0131nd\u0131lar ya da evleri arand\u0131. Olay\u0131n resmi bilgi ile ayd\u0131nlat\u0131lm\u0131\u015f y\u00f6n\u00fc yok. Mehmet bey (Mehmet Haberal) ni\u00e7in g\u00f6zalt\u0131na al\u0131nd\u0131 kimse bilmiyor avukat da bilmiyor, daha uzun s\u00fcrede de bilmeyecek. Sayg\u0131n \u00f6nemli bir insan. niye ald\u0131\u011f\u0131n\u0131z\u0131 gerek\u00e7eleriyle a\u00e7\u0131klama ihtiyac\u0131 bile duymuyorsunuz. Kad\u0131nca\u011f\u0131z (T\u00fcrkan Saylan) \u00e7ok ciddi sa\u011fl\u0131k sorunuyla kar\u015f\u0131 kar\u015f\u0131ya olmasa onu da alacaklar. Bu dernek ter\u00f6r derne\u011fi mi? Gerek\u00e7eniz var m\u0131, yok ald\u0131k gitti. b\u00f6yle bir durum olabilir mi? Nedir bunlar\u0131n \u00f6zelli\u011fi diye bak\u0131yorum. Haberal bu toplumun yeti\u015ftirdi\u011fi en se\u00e7kin, de\u011ferli, en de\u011ferli, \u00fcreten ayd\u0131nlar\u0131ndan birisi. sabaha kar\u015f\u0131 ikide havaalan\u0131nda u\u00e7akta b\u00f6brek beklerdi. Ko\u015far ameliyat girerdi, hocalar\u0131n hocas\u0131. Binlerce ailede hay\u0131r duas\u0131 al\u0131yor. Bu insan\u0131 niye al\u0131yorsunuz? Al\u0131nd\u0131\u011f\u0131 zaman tek derdi eyvah ameliyata girecektim ne oldu hasta? Ter\u00f6r \u00f6rg\u00fct\u00fc kurmu\u015f, T\u00fcrkiye&#8217;yi anayasay\u0131, rejimi \u00e7\u0131\u011f\u0131r\u0131ndan \u00e7\u0131karacakm\u0131\u015f, hak\u015finasl\u0131ktan uzak bir anlay\u0131\u015fla devlet y\u00f6netilir mi? T\u00fcrkan han\u0131m ne yapt\u0131 s\u00f6yleyin, 29 bin \u00f6\u011frenciye burs veriyor. 36 bin gen\u00e7 k\u0131z\u0131 okula \u00e7ekmi\u015f. \u00c7a\u011fda\u015f e\u011fitim projesine kendini adam\u0131\u015f bunu mu i\u00e7inize sindiremiyorsunuz, bu projeyi mi engellemek istiyorsunuz? \u00c7a\u011fda\u015f e\u011fitim anlay\u0131\u015f\u0131, laik gen\u00e7 ku\u015faklar\u0131n yeti\u015fmesini mi engellemek istiyorsunuz?&#8221;\n<\/p>\n<p style=\"text-align: justify;\"><strong>-&#8220;SAVCI DARBES\u0130&#8221;-<\/strong><\/p>\n<p style=\"text-align: justify;\">\u0130\u00e7inde bulunan tablonun \u00e7ok ac\u0131 bir tablo oldu\u011funu, hukukun, anayasan\u0131n, adaletin, demokrasinin, hukukun \u00fcst\u00fcnl\u00fc\u011f\u00fcn\u00fcn bir yans\u0131mas\u0131 olarak hi\u00e7bir \u015fekilde anla\u015f\u0131lamayaca\u011f\u0131n\u0131 ifade eden Baykal, &#8220;Bir ac\u0131, karanl\u0131k d\u00f6nemdir. Bu d\u00f6nemi planlayanlar, uygulayanlar, y\u00f6nlendirenler, destek olanlar, seyirci kalanlar, tarih i\u00e7inde sorumluluklar\u0131n\u0131 \u00fcstlenmi\u015flerdir. Biz, bu manzaray\u0131 ortaya koymak, kabul edilemez bir manzara oldu\u011funu anlatmakla g\u00f6revliyiz&#8221; diye konu\u015ftu. Baykal s\u00f6zlerini \u015f\u00f6yle tamamlad\u0131:<br \/>\n&#8220;Bu, hi\u00e7 \u015f\u00fcphe yok bir ter\u00f6rd\u00fcr. Ter\u00f6r, herkesin kendi enstr\u00fcmanlar\u0131yla, yetkisiyle, olanaklar\u0131yla yapabilece\u011fi bir \u015feydir. \u015eimdi b\u00f6yle ter\u00f6r bir ter\u00f6r uygulan\u0131yor. Bu uygulamalar, hi\u00e7 \u015f\u00fcphe yok bir darbedir. Darbe, sadece tankla, topla, silahla, \u00fcniformayla yap\u0131lmaz. Darbe b\u00f6yle de yap\u0131l\u0131r ve yap\u0131l\u0131yor da. T\u00fcrkiye, bu darbeyi ya\u015f\u0131yor. Bu darbenin i\u00e7inde, darbeye kar\u015f\u0131 hukuku savunmakla, insan haklar\u0131n\u0131 savunmakla sorumlu, g\u00f6revli mercilerin, makamlar\u0131n bulundu\u011funa tan\u0131k olmakta hepimizi derinden yaral\u0131yor. Ama ya\u015fanan\u0131n bir darbe oldu\u011fu ger\u00e7e\u011fi, maalesef g\u00f6zlerden saklanam\u0131yor. Bu, bir darbedir. Elbette siyasal bir darbedir, bir AKP darbesidir. Daha da ac\u0131s\u0131, bu, bir savc\u0131l\u0131k darbesidir.&#8221;\n<\/p>\n<p style=\"text-align: justify;\"><span style=\"color: #888888;\">Kaynak : Vatan<\/span><\/p>\n<p style=\"text-align: justify;\">\n","protected":false},"excerpt":{"rendered":"<p style=\"text-align: center;\">\n<p style=\"text-align: justify;\">Baykal&#8217;den Ergenekon \u00e7\u0131k\u0131\u015f\u0131: &#8220;Bu uygulamalar, hi\u00e7 \u015f\u00fcphe yok bir darbedir. Darbe, sadece tankla, topla, silahla, \u00fcniformayla yap\u0131lmaz. Darbe b\u00f6yle de yap\u0131l\u0131r ve yap\u0131l\u0131yor da. <\/p>\n<p style=\"text-align: justify;\">CHP Genel Ba\u015fkan\u0131 Deniz Baykal, Ergenekon soru\u015fturmas\u0131 kapsam\u0131nda ger\u00e7ekle\u015ftirilen son g\u00f6zalt\u0131lar\u0131 de\u011ferlendirirken, &#8220;Bu uygulamalar, hi\u00e7 \u015f\u00fcphe yok bir darbedir. Darbe, sadece tankla, topla, <\/p>\n","protected":false},"author":1,"featured_media":0,"comment_status":"open","ping_status":"closed","sticky":false,"template":"","format":"standard","meta":{"footnotes":""},"categories":[105],"tags":[],"class_list":["post-8190","post","type-post","status-publish","format-standard","hentry","category-gundem","odd"],"_links":{"self":[{"href":"http:\/\/www.korhanyilmaz.com\/index.php?rest_route=\/wp\/v2\/posts\/8190","targetHints":{"allow":["GET"]}}],"collection":[{"href":"http:\/\/www.korhanyilmaz.com\/index.php?rest_route=\/wp\/v2\/posts"}],"about":[{"href":"http:\/\/www.korhanyilmaz.com\/index.php?rest_route=\/wp\/v2\/types\/post"}],"author":[{"embeddable":true,"href":"http:\/\/www.korhanyilmaz.com\/index.php?rest_route=\/wp\/v2\/users\/1"}],"replies":[{"embeddable":true,"href":"http:\/\/www.korhanyilmaz.com\/index.php?rest_route=%2Fwp%2Fv2%2Fcomments&post=8190"}],"version-history":[{"count":0,"href":"http:\/\/www.korhanyilmaz.com\/index.php?rest_route=\/wp\/v2\/posts\/8190\/revisions"}],"wp:attachment":[{"href":"http:\/\/www.korhanyilmaz.com\/index.php?rest_route=%2Fwp%2Fv2%2Fmedia&parent=8190"}],"wp:term":[{"taxonomy":"category","embeddable":true,"href":"http:\/\/www.korhanyilmaz.com\/index.php?rest_route=%2Fwp%2Fv2%2Fcategories&post=8190"},{"taxonomy":"post_tag","embeddable":true,"href":"http:\/\/www.korhanyilmaz.com\/index.php?rest_route=%2Fwp%2Fv2%2Ftags&post=8190"}],"curies":[{"name":"wp","href":"https:\/\/api.w.org\/{rel}","templated":true}]}}