{"id":8170,"date":"2009-04-14T08:09:06","date_gmt":"2009-04-14T05:09:06","guid":{"rendered":"http:\/\/www.korhanyilmaz.com\/?p=8170"},"modified":"2009-04-14T08:09:06","modified_gmt":"2009-04-14T05:09:06","slug":"7-profesor-gozaltinda","status":"publish","type":"post","link":"http:\/\/www.korhanyilmaz.com\/?p=8170","title":{"rendered":"7 profes\u00f6r g\u00f6zalt\u0131nda"},"content":{"rendered":"<p style=\"text-align: center;\"><img loading=\"lazy\" decoding=\"async\" class=\"aligncenter size-full wp-image-8171\" title=\"7 profes\u00f6r g\u00f6zalt\u0131nda \" src=\"http:\/\/www.korhanyilmaz.com\/wp-content\/uploads\/2009\/04\/140420090416557889966.jpg\" alt=\"7 profes\u00f6r g\u00f6zalt\u0131nda \" width=\"329\" height=\"210\" \/><\/p>\n<p style=\"text-align: justify;\"><strong>Ba\u015fkent ve Giresun \u00dcniversitesi rekt\u00f6rleriyle \u0130n\u00f6n\u00fc, 19 May\u0131s ve Uluda\u011f&#8217;\u0131n eski rekt\u00f6rleri ayn\u0131 anda g\u00f6zalt\u0131na al\u0131nd\u0131<\/strong><\/p>\n<p style=\"text-align: justify;\">Ankara&#8217;daki ilk operasyonda Ba\u015fkent \u00dcniversitesi Rekt\u00f6r\u00fc Prof. Mehmet Haberal&#8217;\u0131n \u00c7ayyolu&#8217;ndaki evi bas\u0131ld\u0131. Yakla\u015f\u0131k 3 saat s\u00fcren aramada \u00e7ok say\u0131da \u00f6zel belgeye ve bilgisiyara el konuldu. &#8220;Hastam var, ameliyata girmem gerekiyor&#8221; diyen Haberal&#8217;a izin verilmedi.<\/p>\n<p style=\"text-align: justify;\"><strong>Kanal B&#8217;ye de bask\u0131n <\/strong><\/p>\n<p style=\"text-align: justify;\">Haberal emniyete g\u00f6t\u00fcr\u00fcl\u00fcrken gazetecilere &#8220;Bu T\u00fcrkiye&#8217;ye yak\u0131\u015fm\u0131yor&#8221; dedi. Haberal&#8217;\u0131n rekt\u00f6rl\u00fck odas\u0131, K\u0131z\u0131lcahamam ve G\u00f6lba\u015f\u0131&#8217;ndaki Patalya otelleri ile sahibi oldu\u011fu Kanal B televizyonunda da saatlerce arama yap\u0131ld\u0131, \u00e7uvallarla belge g\u00f6t\u00fcr\u00fcld\u00fc.<!--more--><\/p>\n<p style=\"text-align: justify;\"><strong>3&#8217;\u00fc eski 4 rekt\u00f6r daha<\/strong><\/p>\n<p style=\"text-align: justify;\">Erdo\u011fan&#8217;\u0131n &#8216;darbe \u00e7a\u011fr\u0131s\u0131 yapmakla&#8217; su\u00e7lad\u0131\u011f\u0131 Giresun \u00dcniversitesi Rekt\u00f6r\u00fc Osman Metin \u00d6zt\u00fcrk de g\u00f6zalt\u0131nda. Polis bask\u0131n\u0131na u\u011frayan \u00fc\u00e7 eski rekt\u00f6r ise \u015f\u00f6yle: \u0130n\u00f6n\u00fc \u00dcniversitesi&#8217;nden Fatih Hilmio\u011flu, 19 May\u0131s \u00dcniversitesi&#8217;nden Ferit Bernay ve Uluda\u011f \u00dcniversitesi&#8217;nden Mustafa Yurtkuran.<\/p>\n<p style=\"text-align: justify;\"><strong>\u00d6zt\u00fcrk, makalesiyle Erdo\u011fan&#8217;\u0131 k\u0131zd\u0131rm\u0131\u015ft\u0131<\/strong><br \/>\nErgenekon soru\u015fturmas\u0131 kapsam\u0131nda Giresun \u00dcniversitesi Rekt\u00f6r\u00fc Prof. Dr. Osman Metin \u00d6zt\u00fcrk, odas\u0131 ve lojman\u0131nda yap\u0131lan arama tamamlanmas\u0131n\u0131n ard\u0131ndan g\u00f6zalt\u0131na al\u0131nd\u0131. \u00d6zt\u00fcrk, Mart ay\u0131nda, \u00c7anakkale Zaferi&#8217;nin y\u0131ld\u00f6n\u00fcm\u00fcnde yapt\u0131\u011f\u0131 konu\u015fmada, daha \u00f6nce Giresun Jandarma B\u00f6lge Komutanl\u0131\u011f\u0131 g\u00f6revinde bulunan Veli K\u00fc\u00e7\u00fck ile yapt\u0131\u011f\u0131 g\u00f6r\u00fc\u015fmeler nedeniyle ad\u0131n\u0131n Ergenekon soru\u015fturmas\u0131na \u00e7ekilmek istendi\u011fini \u00f6ne s\u00fcrm\u00fc\u015ft\u00fc. Prof. \u00d6zt\u00fcrk, ge\u00e7en y\u0131l yazd\u0131\u011f\u0131 bir yaz\u0131dan dolay\u0131 da Ba\u015fbakan Erdo\u011fan&#8217;\u0131n da tepkisini \u00e7ekmi\u015fti. \u00d6zt\u00fcrk 14 Kas\u0131m 2007&#8217;de kendi internet sitesinde yay\u0131nlad\u0131\u011f\u0131 &#8220;Ortado\u011fu&#8217;da Oyunun Yeni Ad\u0131: S\u00fcnni Cephe&#8221; ba\u015fl\u0131kl\u0131 makalede T\u00fcrkiye&#8217;nin Sunni d\u00fcnyas\u0131na yak\u0131nla\u015fmamas\u0131 gerekti\u011fini belirtmi\u015fti. \u00d6zt\u00fcrk, T\u00fcrkiye&#8217;nin \u0130slam kimli\u011fi ile olaylara yakla\u015fmas\u0131n\u0131n siyasal \u0130slam&#8217;\u0131n g\u00fc\u00e7 kazanmas\u0131na neden olabilece\u011fini belirterek, bunun Silahl\u0131 Kuvvetler&#8217;in i\u00e7eride rejimin de\u011fi\u015fmesindeki rol\u00fcn\u00fc geriletece\u011fini kaydetmi\u015fti. Ba\u015fbakan Erdo\u011fan&#8217;\u0131n bu yaz\u0131n\u0131 ard\u0131ndan, &#8220;Bak\u0131yorsun bir rekt\u00f6r \u00e7\u0131k\u0131yor darbe \u00e7a\u011fr\u0131s\u0131 yap\u0131yor. Kimsin sen ya! Sen \u00f6nce yerini bil, otur oturdu\u011fun yerde. Orduya ak\u0131l verme! Ordu ne yapaca\u011f\u0131n\u0131 senden \u00e7ok daha iyi bilir&#8221; s\u00f6zleriyle \u00d6zt\u00fcrk&#8217;\u00fc ele\u015ftirmi\u015fti. \u00d6zt\u00fcrk ise, Erdo\u011fan&#8217;\u0131n bu a\u00e7\u0131klamalar\u0131na kar\u015f\u0131 ne orduya sayg\u0131s\u0131zl\u0131k yapt\u0131\u011f\u0131n\u0131 ne de darbe \u00e7a\u011fr\u0131s\u0131nda bulundu\u011funu s\u00f6ylemi\u015fti.\n<\/p>\n<p style=\"text-align: justify;\"><strong>K\u0130MD\u0130R?<\/strong><\/p>\n<p style=\"text-align: justify;\">1956 Elaz\u0131\u011f do\u011fumlu. 1978&#8217;de A\u00dc Siyasal Bilgiler Fak\u00fcltesi&#8217;nden mezun oldu. 1978-1984 y\u0131llar\u0131 aras\u0131nda Kara Harp Okulu&#8217;nda y\u00f6netim ve davran\u0131\u015f bilimleri konusunda dersler verdi. 1984-1995 y\u0131llar\u0131nda Genelkurmay&#8217;\u0131n Uluslararas\u0131 Hukuk \u0130\u015fleri M\u00fc\u015favir Yard\u0131mc\u0131s\u0131 olarak \u00e7al\u0131\u015ft\u0131. 23 May\u0131s 2007 tarihinde Giresun \u00dcniversitesi&#8217;ne rekt\u00f6r olarak atand\u0131.<\/p>\n<p style=\"text-align: justify;\">\u00d6zt\u00fcrk&#8217;\u00fcn ad\u0131 1.\u0130ddianamede ge\u00e7iyor. \u0130ddianamede, Veli K\u00fc\u00e7\u00fck ile Osman Metin \u00d6zt\u00fcrk aras\u0131ndaki telefon g\u00f6r\u00fc\u015fmesi yer al\u0131yor. \u0130ddianamedeki ifadede Metin \u00d6zt\u00fcrk Veli K\u00fc\u00e7\u00fck&#8217;e &#8220;Sizin g\u00fczel bir jestinizle orada kald\u0131m iki g\u00fcn efendim. \u015eimdi de Allah bize nasip etti. Giresun \u00dcniversitesi&#8217;nin Rekt\u00f6r\u00fc oldum efendim&#8221; s\u00f6zlerine yer veriliyor.<\/p>\n<p style=\"text-align: justify;\"><strong>&#8216;Kas\u0131mpa\u015fa Cumhuriyeti&#8217; demi\u015fti<\/strong><\/p>\n<p style=\"text-align: justify;\">G\u00d6ZALTINA al\u0131nan \u0130n\u00f6n\u00fc \u00dcniversitesi Eski Rekt\u00f6r\u00fc Prof. Dr. Fatih Hilmio\u011flu, canl\u0131 yay\u0131nda AKP ad\u0131na anayasa tasla\u011f\u0131 haz\u0131rlayan Prof. Ergun \u00d6zbudun&#8217;la tart\u0131\u015fm\u0131\u015ft\u0131. \u0130ktidar\u0131 ele\u015ftiren Hilmio\u011flu, \u00d6zbudun&#8217;a &#8220;H\u00fck\u00fcmeti, re\u015fit olmayan \u00e7ocuklar\u0131n t\u00fcrban takmas\u0131 konusunda uyarm\u0131\u015f m\u0131?&#8221; demi\u015fti. \u00d6zbudun&#8217;un, &#8220;Re\u015fit olmayan \u00e7ocuklar\u0131n t\u00fcrban takt\u0131\u011f\u0131n\u0131 g\u00f6rmedim&#8221; demesi \u00fczerine Hilmio\u011flu, &#8220;Siz ba\u015fka yerde ya\u015f\u0131yorsunuz&#8221; diye kar\u015f\u0131l\u0131k verip, Erdo\u011fan i\u00e7in de &#8220;Buras\u0131 Kas\u0131mpa\u015fa Cumhuriyeti de\u011fil T\u00fcrkiye Cumhuriyeti&#8221; demi\u015fti.<\/p>\n<p style=\"text-align: justify;\">1.\u0130ddianamede Kemal Alemdaro\u011flu&#8217;nun, baz\u0131 rekt\u00f6rleri y\u00f6nlendirip Meclis&#8217;e ve siyasi partilere bask\u0131 yapt\u0131rmak i\u00e7in Fatih Hilmio\u011flu&#8217;nu y\u00f6nlendirdi\u011fi belirtiliyor. 2.\u0130ddianamede de ismi, Cumhuriyet Gazetesi Ankara Temsilcisi Mustafa Balbay&#8217;\u0131n bilgisayar\u0131nda tuttu\u011fu g\u00fcnl\u00fcklerde de ge\u00e7iyor.<\/p>\n<p style=\"text-align: justify;\"><strong>CD ve dosyalar\u0131na el konuldu<\/strong><br \/>\nOndokuz May\u0131s \u00dcniversitesi (OM\u00dc) eski Rekt\u00f6r\u00fc Prof. Dr. Ferit Bernay&#8217;\u0131n evinde d\u00fcn saat 07.00&#8217;de yap\u0131lan araman\u0131n ard\u0131ndan g\u00f6zalt\u0131na al\u0131nd\u0131. \u0130ki d\u00f6nem Ondokuz May\u0131s \u00dcniversitesi Rekt\u00f6rl\u00fc\u011f\u00fc yapan ve halen \u00c7ocuk Cerrahisi Anabilim Dal\u0131 Ba\u015fkanl\u0131\u011f\u0131&#8217;nda \u00f6\u011fretim \u00fcyesi olan Prof. Dr. Bernay, arama \u00e7al\u0131\u015fmalar\u0131 s\u0131ras\u0131nda evinde bekledi. Arama \u00e7al\u0131\u015fmalar\u0131 sonras\u0131nda biri orta boy valiz olmak \u00fczere 4 b\u00fcy\u00fck torbaya doldurulan CD ve dosyalar ile evindeki bilgisayar kasas\u0131na incelenmek \u00fczere el konuldu. Buradaki aramay\u0131 tamamlayan ekipler Prof. Dr. Bernay&#8217;\u0131n otomobili ile T\u0131p Fak\u00fcltesi&#8217;ndeki odas\u0131n\u0131 da arad\u0131.\n<\/p>\n<p style=\"text-align: justify;\">Bernay, rekt\u00f6rl\u00fc\u011f\u00fc s\u00fcresinde tart\u0131\u015fmalara neden oldu. Hakk\u0131nda Meclis Ara\u015ft\u0131rma Komisyonu da kuruldu. Komisyon hakk\u0131nda keyfi y\u00f6netim, kadrola\u015fma ve yolsuzluk iddialar\u0131yla ilgili ara\u015ft\u0131rma yapt\u0131. Ancak bir sonu\u00e7 \u00e7\u0131kmad\u0131. Bernay, Van Y\u00fcz\u00fcnc\u00fc Y\u0131l \u00dcniversitesi Rekt\u00f6r\u00fc Y\u00fccel A\u015fk\u0131n&#8217;\u0131n yarg\u0131lanma olay\u0131nda A\u015fk\u0131n&#8217;a destek \u00e7\u0131kt\u0131. Prof. Bernay,<\/p>\n<p style=\"text-align: justify;\">16 Ocak 2006&#8217;da Sabah Gazetesi&#8217;ne verdi\u011fi r\u00f6portajda \u015f\u00f6yle demi\u015fti: &#8220;Zihinlerine uymayanlar\u0131 cezaland\u0131r\u0131yorlar. D\u00fcn Van, bug\u00fcn Samsun, yar\u0131n Malatya. Bak\u0131n yar\u0131n \u00f6b\u00fcr g\u00fcn s\u0131rada Malatya&#8217;daki \u00fcniversite var. Soru\u015fturmay\u0131 ba\u015flatan zihniyet \u00fcniversiteye \u00f6nyarg\u0131l\u0131 bakan, ak\u0131l ve bilimden uzak bir zihniyettir.&#8221;<\/p>\n<p style=\"text-align: justify;\"><strong>K\u0130MD\u0130R?<\/strong><\/p>\n<p style=\"text-align: justify;\">1956&#8217;da Ankara&#8217;da do\u011fdu. Amerika&#8217;da \u00c7ocuk Cerrahisi dal\u0131nda doktora yapt\u0131. 2000&#8217;de Ondokuz May\u0131s \u00dcniversitesi&#8217;nin Rekt\u00f6r\u00fc olan Prof. Dr. Bernay 2004 y\u0131l\u0131nda ikinci kez rekt\u00f6r se\u00e7ildi. 2008 y\u0131l\u0131nda ise s\u00fcre doldu\u011fu ve yasa gere\u011fi \u00fc\u00e7\u00fcnc\u00fc kez r\u00f6kt\u00f6r olamayaca\u011f\u0131 i\u00e7in bu g\u00f6revden ayr\u0131ld\u0131.<\/p>\n<p style=\"text-align: justify;\">2. iddianamede ad\u0131 ge\u00e7ti: Ergenekan davas\u0131n\u0131n ikinci iddianamesinde, Mustafa Balbay&#8217;da yap\u0131lan aramalarda ele ge\u00e7irilen notlarda Prof. Dr. Bernay&#8217;\u0131n da ismi ge\u00e7iyor.<\/p>\n<p style=\"text-align: justify;\"><span style=\"color: #888888;\">Kaynak : Vatan<\/span><\/p>\n","protected":false},"excerpt":{"rendered":"<p style=\"text-align: center;\">\n<p style=\"text-align: justify;\">Ba\u015fkent ve Giresun \u00dcniversitesi rekt\u00f6rleriyle \u0130n\u00f6n\u00fc, 19 May\u0131s ve Uluda\u011f&#8217;\u0131n eski rekt\u00f6rleri ayn\u0131 anda g\u00f6zalt\u0131na al\u0131nd\u0131<\/p>\n<p style=\"text-align: justify;\">Ankara&#8217;daki ilk operasyonda Ba\u015fkent \u00dcniversitesi Rekt\u00f6r\u00fc Prof. Mehmet Haberal&#8217;\u0131n \u00c7ayyolu&#8217;ndaki evi bas\u0131ld\u0131. Yakla\u015f\u0131k 3 saat s\u00fcren aramada \u00e7ok say\u0131da \u00f6zel belgeye ve bilgisiyara el konuldu. &#8220;Hastam var, ameliyata girmem gerekiyor&#8221; diyen Haberal&#8217;a <\/p>\n","protected":false},"author":1,"featured_media":0,"comment_status":"open","ping_status":"closed","sticky":false,"template":"","format":"standard","meta":{"footnotes":""},"categories":[105],"tags":[],"class_list":["post-8170","post","type-post","status-publish","format-standard","hentry","category-gundem","odd"],"_links":{"self":[{"href":"http:\/\/www.korhanyilmaz.com\/index.php?rest_route=\/wp\/v2\/posts\/8170","targetHints":{"allow":["GET"]}}],"collection":[{"href":"http:\/\/www.korhanyilmaz.com\/index.php?rest_route=\/wp\/v2\/posts"}],"about":[{"href":"http:\/\/www.korhanyilmaz.com\/index.php?rest_route=\/wp\/v2\/types\/post"}],"author":[{"embeddable":true,"href":"http:\/\/www.korhanyilmaz.com\/index.php?rest_route=\/wp\/v2\/users\/1"}],"replies":[{"embeddable":true,"href":"http:\/\/www.korhanyilmaz.com\/index.php?rest_route=%2Fwp%2Fv2%2Fcomments&post=8170"}],"version-history":[{"count":0,"href":"http:\/\/www.korhanyilmaz.com\/index.php?rest_route=\/wp\/v2\/posts\/8170\/revisions"}],"wp:attachment":[{"href":"http:\/\/www.korhanyilmaz.com\/index.php?rest_route=%2Fwp%2Fv2%2Fmedia&parent=8170"}],"wp:term":[{"taxonomy":"category","embeddable":true,"href":"http:\/\/www.korhanyilmaz.com\/index.php?rest_route=%2Fwp%2Fv2%2Fcategories&post=8170"},{"taxonomy":"post_tag","embeddable":true,"href":"http:\/\/www.korhanyilmaz.com\/index.php?rest_route=%2Fwp%2Fv2%2Ftags&post=8170"}],"curies":[{"name":"wp","href":"https:\/\/api.w.org\/{rel}","templated":true}]}}