{"id":8160,"date":"2009-04-12T11:38:49","date_gmt":"2009-04-12T08:38:49","guid":{"rendered":"http:\/\/www.korhanyilmaz.com\/?p=8160"},"modified":"2009-04-12T11:38:49","modified_gmt":"2009-04-12T08:38:49","slug":"abdullatif-sener-partiyi-kuruyor","status":"publish","type":"post","link":"http:\/\/www.korhanyilmaz.com\/?p=8160","title":{"rendered":"Abd\u00fcllatif \u015eener partiyi kuruyor"},"content":{"rendered":"<p style=\"text-align: center;\"><img loading=\"lazy\" decoding=\"async\" class=\"aligncenter size-full wp-image-8161\" title=\"AKP'den ayr\u0131ld\u0131ktan sonra 'Yeni Olu\u015fum Hareketi'ni y\u00fcr\u00fcten Abd\u00fcllatif \u015eener\" src=\"http:\/\/www.korhanyilmaz.com\/wp-content\/uploads\/2009\/04\/fft28_mf154734.jpeg\" alt=\"AKP'den ayr\u0131ld\u0131ktan sonra 'Yeni Olu\u015fum Hareketi'ni y\u00fcr\u00fcten Abd\u00fcllatif \u015eener\" width=\"306\" height=\"204\" \/><\/p>\n<p style=\"text-align: center;\">\n<p style=\"text-align: justify;\"><strong>AKP&#8217;den ayr\u0131ld\u0131ktan sonra &#8216;Yeni Olu\u015fum Hareketi&#8217;ni y\u00fcr\u00fcten Abd\u00fcllatif \u015eener, part\u0131y\u0131 kurmak i\u00e7in haz\u0131r.<\/strong><\/p>\n<p style=\"text-align: justify;\">AKP&#8217;den ayr\u0131ld\u0131ktan sonra Yeni Olu\u015fum Hareketi ad\u0131 alt\u0131nda siyasi \u00e7al\u0131\u015fmalar\u0131n\u0131 s\u00fcrd\u00fcren Eski Devlet Bakan\u0131 ve Ba\u015fbakan Yard\u0131mc\u0131s\u0131 Abd\u00fcllatif \u015eener, 29 Mart yerel se\u00e7imlerinin hemen ard\u0131ndan, uzun s\u00fcredir beklenen yeni partiyi kuruyor.<\/p>\n<p style=\"text-align: justify;\">\u015eener daha \u00f6nce yapt\u0131\u011f\u0131 a\u00e7\u0131klamada, 29 Mart se\u00e7im sonu\u00e7lar\u0131n\u0131 &#8220;T\u00fcrkiye i\u00e7in yeni bir d\u00f6nemin ba\u015flang\u0131c\u0131&#8221; olarak de\u011ferlendiren \u015eener, beklenen partiyi 20 Nisan&#8217;dan sonra kuracaklar\u0131n\u0131 bildirmi\u015fti. \u015eener&#8217;in 26 Nisan&#8217;da partinin kurulu\u015funu a\u00e7\u0131klamas\u0131 beklenirken, partide, 40&#8217;a yak\u0131n aralar\u0131nda eski milletvekili ve bakanlar\u0131n da bulundu\u011fu kurucu ismin bulunaca\u011f\u0131 kaydediliyor. \u015eener ve ekibinin 27 Nisan&#8217;da da \u0130\u00e7i\u015fleri Bakanl\u0131\u011f\u0131&#8217;na partinin kurulu\u015f dilek\u00e7esini verecekleri belirtiliyor. <!--more--><\/p>\n<p style=\"text-align: justify;\"><strong>-YEN\u0130 PART\u0130N\u0130N HEDEF\u0130 HEDEF 2011&#8217;DEK\u0130 SE\u00c7\u0130MLER-<\/strong><\/p>\n<p style=\"text-align: justify;\">22 Temmuz se\u00e7imleri ve 29 Mart yerel se\u00e7imlerini partile\u015fme \u00e7al\u0131\u015fmalar\u0131n\u0131 y\u00fcr\u00fcterek ge\u00e7iren \u015eener ve partisinin hedefi ise 2011&#8217;deki genel se\u00e7imler olacak. Haz\u0131rl\u0131klar\u0131n\u0131 ve \u00e7al\u0131\u015fmalar\u0131n\u0131 \u00f6n\u00fcm\u00fczdeki genel se\u00e7imlere g\u00f6re y\u00fcr\u00fcten \u015eener, partisinin kadrosuna ili\u015fkin i\u015fareti ise bir r\u00f6portaj\u0131nda &#8220;\u00d6n\u00fcm\u00fczdeki d\u00f6nem, ekonominin hep g\u00fcndemde olaca\u011f\u0131 bir d\u00f6nem&#8230; Onun i\u00e7in partinin kurulu\u015funda da ekonomi a\u011f\u0131rl\u0131kl\u0131 bir kadro olu\u015fturmay\u0131 planl\u0131yorum. \u0130ktisadi konularda kamuoyunun bildi\u011fi, liyakatine, birikimine inand\u0131\u011f\u0131 isimler bu parti \u00e7at\u0131s\u0131 alt\u0131nda olacak. Ama olanlar\u0131n \u00f6tesinde hangi d\u00fc\u015f\u00fcnceye hangi e\u011filime sahip olursa olsun, bu \u00fclkedeki b\u00fct\u00fcn d\u00fc\u015f\u00fcnen insanlar bizim kadromuzdur&#8221; s\u00f6zleriyle vermi\u015fti.<\/p>\n<p style=\"text-align: justify;\"><strong>-\u015eENER K\u0130MD\u0130R?-<\/strong><\/p>\n<p style=\"text-align: justify;\">Abd\u00fcllatif \u015eener 1954 y\u0131l\u0131nda Sivas Y\u0131ld\u0131zeli&#8217;nde do\u011fdu. \u0130lk ve orta \u00f6\u011frenimini Sivas&#8217;ta tamamlayan \u015eener, Ankara \u00dcniversitesi Siyasal Bilgiler Fak\u00fcltesini 1977 y\u0131l\u0131nda bitirdi. 1991 se\u00e7imlerinde Sivas Milletvekili olarak Parlamentoya giren \u015eener, 1996-1997 y\u0131llar\u0131nda 54. H\u00fck\u00fcmette Maliye Bakanl\u0131\u011f\u0131, 2002-2007 y\u0131llar\u0131nda 58. ve 59. H\u00fck\u00fcmetlerde Devlet Bakan\u0131 ve Ba\u015fbakan Yard\u0131mc\u0131s\u0131 olarak g\u00f6rev yapt\u0131. AKP&#8217;den ayr\u0131ld\u0131ktan sonra Yeni Olu\u015fum Hareketi ad\u0131 alt\u0131nda \u00e7al\u0131\u015fmalar\u0131n\u0131 s\u00fcrd\u00fcren \u015eener&#8217;in &#8220;Tanzimat D\u00f6nemi Osmanl\u0131 Vergi Sistemi&#8221; &#8220;Sona Do\u011fru Osmanl\u0131-Osmanl\u0131 Ekonomisi ve Maliyesi \u00dczerine Yaz\u0131lar&#8221; ve &#8220;Osmanl\u0131 Maliyesi&#8217;nin \u015eeffafla\u015fmas\u0131-Yay\u0131mlanm\u0131\u015f \u0130lk B\u00fct\u00e7eleri&#8221; isimli \u00fc\u00e7 kitab\u0131 bulunuyor.<\/p>\n<p style=\"text-align: justify;\"><span style=\"color: #888888;\">Kaynak : Radikal<\/span><\/p>\n<p style=\"text-align: justify;\">\n","protected":false},"excerpt":{"rendered":"<p style=\"text-align: center;\">\n<p style=\"text-align: center;\">\n<p style=\"text-align: justify;\">AKP&#8217;den ayr\u0131ld\u0131ktan sonra &#8216;Yeni Olu\u015fum Hareketi&#8217;ni y\u00fcr\u00fcten Abd\u00fcllatif \u015eener, part\u0131y\u0131 kurmak i\u00e7in haz\u0131r.<\/p>\n<p style=\"text-align: justify;\">AKP&#8217;den ayr\u0131ld\u0131ktan sonra Yeni Olu\u015fum Hareketi ad\u0131 alt\u0131nda siyasi \u00e7al\u0131\u015fmalar\u0131n\u0131 s\u00fcrd\u00fcren Eski Devlet Bakan\u0131 ve Ba\u015fbakan Yard\u0131mc\u0131s\u0131 Abd\u00fcllatif \u015eener, 29 Mart yerel se\u00e7imlerinin hemen ard\u0131ndan, uzun s\u00fcredir beklenen yeni partiyi kuruyor.<\/p>\n<p  \n\n","protected":false},"author":1,"featured_media":0,"comment_status":"open","ping_status":"closed","sticky":false,"template":"","format":"standard","meta":{"footnotes":""},"categories":[105],"tags":[],"class_list":["post-8160","post","type-post","status-publish","format-standard","hentry","category-gundem","odd"],"_links":{"self":[{"href":"http:\/\/www.korhanyilmaz.com\/index.php?rest_route=\/wp\/v2\/posts\/8160","targetHints":{"allow":["GET"]}}],"collection":[{"href":"http:\/\/www.korhanyilmaz.com\/index.php?rest_route=\/wp\/v2\/posts"}],"about":[{"href":"http:\/\/www.korhanyilmaz.com\/index.php?rest_route=\/wp\/v2\/types\/post"}],"author":[{"embeddable":true,"href":"http:\/\/www.korhanyilmaz.com\/index.php?rest_route=\/wp\/v2\/users\/1"}],"replies":[{"embeddable":true,"href":"http:\/\/www.korhanyilmaz.com\/index.php?rest_route=%2Fwp%2Fv2%2Fcomments&post=8160"}],"version-history":[{"count":0,"href":"http:\/\/www.korhanyilmaz.com\/index.php?rest_route=\/wp\/v2\/posts\/8160\/revisions"}],"wp:attachment":[{"href":"http:\/\/www.korhanyilmaz.com\/index.php?rest_route=%2Fwp%2Fv2%2Fmedia&parent=8160"}],"wp:term":[{"taxonomy":"category","embeddable":true,"href":"http:\/\/www.korhanyilmaz.com\/index.php?rest_route=%2Fwp%2Fv2%2Fcategories&post=8160"},{"taxonomy":"post_tag","embeddable":true,"href":"http:\/\/www.korhanyilmaz.com\/index.php?rest_route=%2Fwp%2Fv2%2Ftags&post=8160"}],"curies":[{"name":"wp","href":"https:\/\/api.w.org\/{rel}","templated":true}]}}