{"id":8154,"date":"2009-04-13T09:31:16","date_gmt":"2009-04-13T06:31:16","guid":{"rendered":"http:\/\/www.korhanyilmaz.com\/?p=8154"},"modified":"2009-04-13T09:31:16","modified_gmt":"2009-04-13T06:31:16","slug":"emniyet-iskenceyi-saklamis","status":"publish","type":"post","link":"http:\/\/www.korhanyilmaz.com\/?p=8154","title":{"rendered":"Emniyet i\u015fkenceyi saklam\u0131\u015f"},"content":{"rendered":"<p style=\"text-align: center;\"><img loading=\"lazy\" decoding=\"async\" class=\"aligncenter size-full wp-image-8155\" title=\"Ergenekon dosyas\u0131na temel olu\u015fturan Tuncay G\u00fcney\" src=\"http:\/\/www.korhanyilmaz.com\/wp-content\/uploads\/2009\/04\/fft28_mf155066.jpeg\" alt=\"Ergenekon dosyas\u0131na temel olu\u015fturan Tuncay G\u00fcney\" width=\"289\" height=\"193\" \/><\/p>\n<p style=\"text-align: center;\">\n<p style=\"text-align: justify;\">Ergenekon dosyas\u0131na temel olu\u015fturan Tuncay G\u00fcney&#8217;in polis ifadesinin, dava dosyas\u0131nda ciddi eksiklikler i\u00e7erdi\u011fi ortaya \u00e7\u0131kt\u0131. Emniyet&#8217;in g\u00f6nderdi\u011fi \u00e7\u00f6z\u00fcmlerde G\u00fcney&#8217;in i\u015fkence g\u00f6rd\u00fc\u011f\u00fc \u015f\u00fcphesini do\u011furan ifadelerinin konulmad\u0131\u011f\u0131 belirlendi.<\/p>\n<p style=\"text-align: justify;\">Milli \u0130stihbanat Te\u015fkilat\u0131&#8217;n\u0131n (M\u0130T) &#8216;Ergenekon Davas\u0131&#8217;na bakan \u0130stanbul 13. A\u011f\u0131r Ceza Mahkemesi&#8217;ne g\u00f6nderdi\u011fi ses kayd\u0131 ile 2001&#8217;de Tuncay G\u00fcney&#8217;e \u0130stanbul Organize Su\u00e7larla \u015eube M\u00fcd\u00fcrl\u00fc\u011f\u00fc&#8217;nde k\u00f6t\u00fc muamele yap\u0131ld\u0131\u011f\u0131 ortaya \u00e7\u0131karken, bu kez ayn\u0131 polis biriminin ge\u00e7en y\u0131l da Ergenekon savc\u0131l\u0131\u011f\u0131na g\u00f6nderdi\u011fi G\u00fcney&#8217;e ait m\u00fclakat d\u00f6k\u00fcmlerinde &#8216;i\u015fkence ve k\u00f6t\u00fc muameleye&#8217; ili\u015fkin b\u00f6l\u00fcmleri saklad\u0131\u011f\u0131 ortaya \u00e7\u0131kt\u0131.<br \/>\nErgenekon dosyas\u0131na giren bilirki\u015fi tutana\u011f\u0131na g\u00f6re, iddianameye temel olu\u015fturan \u00e7\u00f6z\u00fcmlerin \u00fc\u00e7 ayr\u0131 yerinde, Tuncay G\u00fcney&#8217;in m\u00fclakat \u00f6ncesi k\u00f6t\u00fc muamele g\u00f6rd\u00fc\u011f\u00fcne ili\u015fkin ifadeleri &#8216;anla\u015f\u0131lmam\u0131\u015f&#8217; say\u0131l\u0131p metne konulmad\u0131. <!--more--><br \/>\n\u0130stanbul 13. A\u011f\u0131r Ceza Mahkemesi, G\u00fcney ve \u00dcmit O\u011fuztan&#8217;a ait ifadelerle ilgili \u00e7\u00f6z\u00fcm tutanaklar\u0131n\u0131 ve d\u00f6rd\u00fc G\u00fcney&#8217;e, biri de O\u011fuztan&#8217;a ait be\u015f ses ve g\u00f6r\u00fcnt\u00fc CD&#8217;lerini kar\u015f\u0131la\u015ft\u0131rma yapmas\u0131 i\u00e7in bilirki\u015fi tayin etmi\u015fti. 27 \u015eubat 2009&#8217;da atanan bilirki\u015fi, TV&#8217;lerde de yay\u0131mlanan G\u00fcney&#8217;in g\u00f6r\u00fcnt\u00fcl\u00fc ifadeleriyle, birinci Ergenekon \u0130ddianamesi&#8217;nin 442. ek klas\u00f6r\u00fcnde yer alan 128 sayfal\u0131k \u00e7\u00f6z\u00fcmlerini kar\u015f\u0131la\u015ft\u0131rd\u0131.\n<\/p>\n<p style=\"text-align: justify;\">Tuncay G\u00fcney&#8217;in polis ifadesi TRT&#8217;de yay\u0131mlanm\u0131\u015ft\u0131. Bilirki\u015fi, G\u00fcney&#8217;in bant \u00e7\u00f6z\u00fcmlerine konulmayan s\u00f6zlerini (yanda, alt\u0131 \u00e7izili ifadeler) tutanaklara ekledi.<\/p>\n<p style=\"text-align: justify;\"><strong>Kar\u015f\u0131la\u015ft\u0131rmal\u0131 rapor <\/strong><\/p>\n<p style=\"text-align: justify;\">Bu \u00e7\u00f6z\u00fcmler, \u0130stanbul Organize Su\u00e7larla \u015eube M\u00fcd\u00fcrl\u00fc\u011f\u00fc&#8217;nde g\u00f6revli sekiz polis taraf\u0131ndan 6 \u015eubat 2008&#8217;de yap\u0131lm\u0131\u015f ve iddianameye temel olu\u015fturmu\u015ftu.<br \/>\nKendi \u00e7\u00f6z\u00fcm\u00fcyle \u00f6nceki d\u00f6k\u00fcm\u00fc kar\u015f\u0131la\u015ft\u0131ran bilirki\u015fi, \u00f6nceki tutanakta yanl\u0131\u015f yaz\u0131lan ifadelerin &#8216;\u00fczerlerini \u00e7izerek&#8217; do\u011frusunu koydu. Yanl\u0131\u015f anla\u015f\u0131ld\u0131\u011f\u0131 veya anla\u015f\u0131lmad\u0131\u011f\u0131 gerek\u00e7esiyle tutanaklar\u0131na konulmayan ya da yerine \u00fc\u00e7 nokta b\u0131rak\u0131lan b\u00f6l\u00fcmleri de, koyu puntolu harflerle ve altlar\u0131 \u00e7izili halde g\u00f6sterdi.<br \/>\n163 sayfal\u0131k raporda; d\u00f6k\u00fcmlerde, \u00e7ok say\u0131da hatal\u0131 yaz\u0131ma ve &#8216;anla\u015f\u0131lmad\u0131\u011f\u0131&#8217; i\u00e7in metne konulmayan ifadeye rastlan\u0131ld\u0131. Yeni tutana\u011fa eklenen bu ifadelerde; G\u00fcney&#8217;in m\u00fclakattan \u00f6nce k\u00f6t\u00fc muamele g\u00f6rd\u00fc\u011f\u00fcn\u00fc ve bask\u0131 alt\u0131nda ifade verdi\u011fini g\u00f6steren \u00fc\u00e7 ayr\u0131 b\u00f6l\u00fcm de var.<br \/>\nTutanaklar\u0131n 22, 32 ve 69. sayfalar\u0131nda yer alan bu ifadeler, 2008&#8217;de haz\u0131rlan\u0131p Ergenekon savc\u0131l\u0131\u011f\u0131na g\u00f6nderilen ve iddianameye temel olu\u015fturan \u00e7\u00f6z\u00fcmlerde &#8216;ay\u0131klama&#8217; yap\u0131ld\u0131\u011f\u0131n\u0131 g\u00f6steriyor.\n<\/p>\n<p style=\"text-align: justify;\"><strong>&#8216;\u0130ki g\u00f6zlerin kapal\u0131 konu\u015fmak farkl\u0131&#8230;&#8217; <\/strong><\/p>\n<p style=\"text-align: justify;\">Yeni \u00e7\u00f6z\u00fcm tutana\u011f\u0131, sayfa 22:<br \/>\nS.2. : Tamam \u015fimdi daha \u00f6nceden unutursam hat\u0131rlat diye s\u00f6yledin bu Susurluk olay\u0131nda de\u011fi\u015fik y\u00f6nlerden bu olay\u0131n y\u00f6nlendirilmesi faaliyetleri oldu, basma onlardan bahsetmi\u015ftin bahsedecektin daha \u00f6ncede bahsettin. bahsetmi\u015ftin Onlardan<br \/>\nbiraz bahset<br \/>\nT.G. : nas\u0131l bas\u0131na<br \/>\nS.2 : Bas\u0131nda bu susurluk olay\u0131n\u0131n y\u00f6nlendirmesi olay\u0131<br \/>\nT.G. : Ben size \u015feyi anlatay\u0131m d\u00fcnde \u015fey yapamad\u0131m, \u015fimdi siz de takdir edersiniz iki g\u00f6zlerin kapal\u0131 olupda konu\u015fmak farl\u0131 yani ba\u015fka ba\u015fka, biraz heyecandan \u015feyden \u015fimdi \u015fimdi hat\u0131rl\u0131yorum. Susurluk kazas\u0131n\u0131n, \u015fimdi ben size kazay\u0131 anlatay\u0131m.<br \/>\nEski \u00e7\u00f6z\u00fcm tutana\u011f\u0131, sayfa 23<br \/>\nS. : Tamam \u015fimdi daha \u00f6nceden &#8230;. s\u00f6yledin, bu Susurlukk olay\u0131nda de\u011fi\u015fik y\u00f6nlerden bu olay\u0131n y\u00f6nlendirilmesi faaliyetleri oldu, bas\u0131n onlardan bahsetmi\u015ftin. Onlardan bahset.<br \/>\nT.G. : Ben size \u015feyi anlatay\u0131m d\u00fcnde \u015fey yapamad\u0131m, \u015fimdi siz de takdir edersiniz &#8230;.. ba\u015fka &#8230;. ba\u015fka, biraz heyecandan \u015fimdi hat\u0131rl\u0131yorum. Susurluk kazas\u0131n\u0131n, \u015fimdi ben size kazay\u0131 anlatay\u0131m.\n<\/p>\n<p style=\"text-align: justify;\"><strong>&#8216;Daha rahat\u0131m&#8217; <\/strong><\/p>\n<p style=\"text-align: justify;\">Yeni \u00e7\u00f6z\u00fcm, sayfa 32:<br \/>\nT.G. : Bug\u00fcn daha rahat konu\u015fuyorum ve daha rahat akl\u0131ma geliyor. Neden bu siz benim psikolojimi tan\u0131ml\u0131yorsunuz ve biliyorsunuz<br \/>\nS. : \u0130yi biliyoruz evet<br \/>\nT.G. : ha bunun i\u00e7in ama bana bunu \u015fu konu\u015ftuklar\u0131m\u0131z\u0131 g\u00f6z\u00fcm kapal\u0131 bir yerde konu\u015fsayd\u0131k yine akl\u0131ma gelmeyebilirdi yani ayr\u0131nt\u0131l\u0131 olarak ama benim k\u00f6t\u00fc niyetimden de\u011fil<br \/>\nS. : hay\u0131r ben hat\u0131rlat\u0131yorum ama bak<br \/>\nT.G. : hat\u0131rl\u0131yorum bak\u0131n \u00e7antay\u0131 Drej Ali&#8217; nin ald\u0131\u011f\u0131n\u0131<br \/>\nEski \u00e7\u00f6z\u00fcm tutana\u011f\u0131:<br \/>\nT.G. : Bug\u00fcn daha rahat konu\u015fuyorum ve daha rahat akl\u0131ma geliyor. Neden bu siz benim psikolojimi tan\u0131ml\u0131yorsunuz ve biliyorsunuz &#8230;.. hat\u0131rl\u0131yorum bak\u0131n \u00e7antay\u0131 Drej Ali&#8217;nin ald\u0131\u011f\u0131n\u0131\n<\/p>\n<p style=\"text-align: justify;\"><strong>&#8216;D\u00fcnk\u00fc oda&#8230;&#8217; <\/strong><\/p>\n<p style=\"text-align: justify;\">Yeni \u00e7\u00f6z\u00fcm tutana\u011f\u0131 sayfa 69: T.G. : Sedat Pekerin para transferlerini ben biliyor olsam zaten s\u00f6ylerim ha d\u00fcnk\u00fc gibi bir oda olsa hakkatten akl\u0131ma gelmez \u015fey yapar\u0131m analatabilivor muyum pimpiri\u011fiim ben bir de ben nazik b\u00fcy\u00fcm\u00fc\u015f\u00fcm ben ne kadar fakir bir aile seyide olsa kimyam hani Korkmaz Yi\u011fitin dedi\u011fi gibi \u015fak diye de\u011fi\u015fir \u015fey olarak s\u00f6yleyece\u011fim \u015feyleride unutuyor olabilirim siz bir soru sormu\u015ftunuz ona cevap vereyim.<br \/>\nEski \u00e7\u00f6z\u00fcm tutana\u011f\u0131, sayfa 68: T.G.: Sedat Pekerin para transferlerini ben biliyor olsam zaten s\u00f6ylerim pimpiri\u011fiim ben bir de ben nazik b\u00fcy\u00fcm\u00fc\u015f\u00fcm kimyam hani Korkmaz Yi\u011fitin dedi\u011fi gibi \u015fak diye de\u011fi\u015fir siz bir soru sormu\u015ftunuz ona cevap vereyim.\n<\/p>\n<p style=\"text-align: justify;\"><span style=\"color: #888888;\">Kaynak : \u0130smail Saymaz &#8211; Radikal<\/span><\/p>\n","protected":false},"excerpt":{"rendered":"<p style=\"text-align: center;\">\n<p style=\"text-align: center;\">\n<p style=\"text-align: justify;\">Ergenekon dosyas\u0131na temel olu\u015fturan Tuncay G\u00fcney&#8217;in polis ifadesinin, dava dosyas\u0131nda ciddi eksiklikler i\u00e7erdi\u011fi ortaya \u00e7\u0131kt\u0131. Emniyet&#8217;in g\u00f6nderdi\u011fi \u00e7\u00f6z\u00fcmlerde G\u00fcney&#8217;in i\u015fkence g\u00f6rd\u00fc\u011f\u00fc \u015f\u00fcphesini do\u011furan ifadelerinin konulmad\u0131\u011f\u0131 belirlendi.<\/p>\n<p style=\"text-align: justify;\">Milli \u0130stihbanat Te\u015fkilat\u0131&#8217;n\u0131n (M\u0130T) &#8216;Ergenekon Davas\u0131&#8217;na bakan \u0130stanbul 13. A\u011f\u0131r Ceza Mahkemesi&#8217;ne g\u00f6nderdi\u011fi ses kayd\u0131 ile 2001&#8217;de Tuncay G\u00fcney&#8217;e <\/p>\n","protected":false},"author":1,"featured_media":0,"comment_status":"open","ping_status":"closed","sticky":false,"template":"","format":"standard","meta":{"footnotes":""},"categories":[105],"tags":[],"class_list":["post-8154","post","type-post","status-publish","format-standard","hentry","category-gundem","odd"],"_links":{"self":[{"href":"http:\/\/www.korhanyilmaz.com\/index.php?rest_route=\/wp\/v2\/posts\/8154","targetHints":{"allow":["GET"]}}],"collection":[{"href":"http:\/\/www.korhanyilmaz.com\/index.php?rest_route=\/wp\/v2\/posts"}],"about":[{"href":"http:\/\/www.korhanyilmaz.com\/index.php?rest_route=\/wp\/v2\/types\/post"}],"author":[{"embeddable":true,"href":"http:\/\/www.korhanyilmaz.com\/index.php?rest_route=\/wp\/v2\/users\/1"}],"replies":[{"embeddable":true,"href":"http:\/\/www.korhanyilmaz.com\/index.php?rest_route=%2Fwp%2Fv2%2Fcomments&post=8154"}],"version-history":[{"count":0,"href":"http:\/\/www.korhanyilmaz.com\/index.php?rest_route=\/wp\/v2\/posts\/8154\/revisions"}],"wp:attachment":[{"href":"http:\/\/www.korhanyilmaz.com\/index.php?rest_route=%2Fwp%2Fv2%2Fmedia&parent=8154"}],"wp:term":[{"taxonomy":"category","embeddable":true,"href":"http:\/\/www.korhanyilmaz.com\/index.php?rest_route=%2Fwp%2Fv2%2Fcategories&post=8154"},{"taxonomy":"post_tag","embeddable":true,"href":"http:\/\/www.korhanyilmaz.com\/index.php?rest_route=%2Fwp%2Fv2%2Ftags&post=8154"}],"curies":[{"name":"wp","href":"https:\/\/api.w.org\/{rel}","templated":true}]}}