{"id":8149,"date":"2009-04-13T08:29:09","date_gmt":"2009-04-13T05:29:09","guid":{"rendered":"http:\/\/www.korhanyilmaz.com\/?p=8149"},"modified":"2009-04-13T08:29:09","modified_gmt":"2009-04-13T05:29:09","slug":"hakanin-etrafini-sardilar-once-dovup-sonra-vurdular","status":"publish","type":"post","link":"http:\/\/www.korhanyilmaz.com\/?p=8149","title":{"rendered":"Hakan&#039;\u0131n etraf\u0131n\u0131 sard\u0131lar \u00f6nce d\u00f6v\u00fcp sonra vurdular"},"content":{"rendered":"<p style=\"text-align: center;\"><img loading=\"lazy\" decoding=\"async\" class=\"aligncenter size-full wp-image-8150\" title=\"Hakan'\u0131n etraf\u0131n\u0131 sard\u0131lar \u00f6nce d\u00f6v\u00fcp sonra vurdular \" src=\"http:\/\/www.korhanyilmaz.com\/wp-content\/uploads\/2009\/04\/fft28_mf155149.jpeg\" alt=\"Hakan'\u0131n etraf\u0131n\u0131 sard\u0131lar \u00f6nce d\u00f6v\u00fcp sonra vurdular \" width=\"321\" height=\"214\" \/><\/p>\n<p style=\"text-align: justify;\"><strong>\u015eehir e\u015fk\u0131yalar\u0131n\u0131n \u00f6ld\u00fcrd\u00fc\u011f\u00fc \u00fcniversiteli Hakan Eron&#8217;un yan\u0131ndaki k\u0131z arkada\u015f\u0131 Nihan konu\u015ftu.<\/strong><\/p>\n<p style=\"text-align: justify;\">Yol verme inatla\u015fmas\u0131 nedeniyle \u00e7\u0131kan kavgada \u00f6ld\u00fcr\u00fclen \u00fcniversiteli Hakan Eron d\u00fcn topra\u011fa verilirken, k\u0131z arkada\u015f\u0131 Nihan \u00c7ebi olay an\u0131nda ya\u015fananlar\u0131 anlatt\u0131. Maltepe \u00dcniversitesi \u00f6\u011frencisi 20 ya\u015f\u0131ndaki Hakan Eron, \u00f6nceki g\u00fcn trafikte tart\u0131\u015ft\u0131\u011f\u0131 Mustafa Ay\u00e7i\u00e7ek&#8217;in karde\u015fi Sami Ay\u00e7i\u00e7ek taraf\u0131ndan k\u0131z arkada\u015f\u0131n\u0131n g\u00f6zleri \u00f6n\u00fcnde \u00f6nce d\u00f6v\u00fclm\u00fc\u015f ard\u0131ndan g\u00f6\u011fs\u00fcnden vurularak \u00f6ld\u00fcr\u00fclm\u00fc\u015ft\u00fc. Hakan Eron&#8217;un cenazesi d\u00fcn \u00c7\u0131narc\u0131k&#8217;ta ikindi vakti k\u0131l\u0131nan namaz\u0131n ard\u0131ndan topra\u011fa verildi. <!--more--><\/p>\n<p style=\"text-align: justify;\">Hakan Eron&#8217;un \u00f6l\u00fcm\u00fcne tan\u0131k olan k\u0131z arkada\u015f\u0131 Nihan \u00c7ebi, VATAN&#8217;a konu\u015ftu. Ya\u015fad\u0131\u011f\u0131 olay\u0131n \u015fokunu atlatamayan \u00c7ebi, olay an\u0131n\u0131 a\u011flayarak anlatt\u0131:<\/p>\n<p style=\"text-align: justify;\"><strong>G\u00f6zlerimin \u00f6n\u00fcnde vurdular <\/strong><\/p>\n<p style=\"text-align: justify;\">&#8220;Saat 12 bu\u00e7u\u011fa do\u011fru Hakan&#8217;la evden ayr\u0131ld\u0131k. Sahil yoluna do\u011fru ilerledik. Y\u00fcz metre bile gitmemi\u015ftik, tam sahil yoluna \u00e7\u0131karken bir arabayla burun buruna geldik. Ben daha ne oldu\u011funu anlayamadan ortam gerildi. Kar\u015f\u0131 arabadaki adam arabas\u0131ndan inip k\u00fcfretmeye ba\u015flad\u0131. &#8216;\u0130n a\u015fa\u011f\u0131&#8217; diyerek Hakan&#8217;\u0131n kap\u0131s\u0131n\u0131 zorlad\u0131. Ben Hakan&#8217;\u0131 inmemesi i\u00e7in zor ikna ettim. Hakan inmeyince adam tehditler savurmaya ba\u015flad\u0131, &#8220;\u0130leri gel, ileri&#8221; diye meydan okudu. Hakan da \u00e7ok sinirlendi, pe\u015finden gitti. &#8216;Gitmeyelim, bula\u015fma bu adama, bo\u015fver&#8217; dedim. Ne yapt\u0131ysam dinletemedim. Adam biraz ilerde durdu. Hakan daha arabadan iner inmez, bir s\u00fcr\u00fc adam Hakan&#8217;\u0131n \u00fczerine y\u00fcr\u00fcy\u00fcp, sald\u0131rd\u0131lar. Hakan ortalar\u0131nda kald\u0131. Ba\u011f\u0131rd\u0131m, yard\u0131m istedim, durun dedim, olmad\u0131. Sonra i\u00e7lerinden biri silah\u0131n\u0131 \u00e7\u0131kartt\u0131. Yapma diye yalvard\u0131m ama durduramad\u0131m. Adam ate\u015f etti. Hakan g\u00f6zlerimin \u00f6n\u00fcnde yere y\u0131\u011f\u0131ld\u0131. Kanlar i\u00e7indeydi&#8221;<\/p>\n<p style=\"text-align: justify;\"><strong>150 metre i\u00e7inde olup bitti <\/strong><\/p>\n<p style=\"text-align: justify;\">Tan\u0131klar ve polisteki ifadelerle Hakan Eron&#8217;un \u00f6l\u00fcm\u00fcne ili\u015fkin detaylar da netle\u015fti. Hakan Eron ve Mustafa Ay\u00e7i\u00e7ek&#8217;in kulland\u0131\u011f\u0131 ara\u00e7lar Maltepe Sahil Yolu&#8217;nun \u00fczerindeki \u0130dealtepe \u00fcst ge\u00e7idi yan\u0131nda burun buruna geldi. Hakan Eron, k\u0131z arkada\u015f\u0131 Nihan \u00c7ebi ile birlikte otomobiliyle \u00fcst ge\u00e7idinin alt\u0131ndan ge\u00e7erken, kar\u015f\u0131 y\u00f6nden otomobiliyle gelen Mustafa Ay\u00e7i\u00e7ek ile kar\u015f\u0131la\u015ft\u0131. \u0130kili burada \u00e7ok k\u0131sa s\u00fcre tart\u0131\u015ft\u0131. Ay\u00e7i\u00e7ek, Eron&#8217;u 50 metre ilerdeki i\u015fyerinin bulundu\u011fu noktada d\u00fcelloya davet etti. \u0130ki ara\u00e7, i\u015fyerinin \u00f6n\u00fcnde durdu. Mustafa Ay\u00e7i\u00e7ek, ortak araba y\u0131kama i\u015fi yapt\u0131\u011f\u0131 karde\u015fleri \u0130smail ve Sami Ay\u00e7i\u00e7ek ile \u00e7al\u0131\u015fan personeli \u00e7a\u011f\u0131rd\u0131. Hepsi birlikte Hakan Eron&#8217;u d\u00f6vmeye ba\u015flad\u0131. K\u0131z arkada\u015f\u0131 Nihan \u00c7ebi&#8217;nin feryatlar\u0131 Eron&#8217;u kurtaramad\u0131. Kavgan\u0131n b\u00fcy\u00fcmesi \u00fczerine Sami Ay\u00e7i\u00e7ek, i\u015fyerinden ald\u0131\u011f\u0131 silahla Hakan Eron&#8217;u g\u00f6\u011fs\u00fcnden vurdu. Mustafa ve \u0130smail Ay\u00e7i\u00e7ek hala emniyette g\u00f6zalt\u0131nda tutuluyor. Sami Ay\u00e7i\u00e7ek&#8217;in polise haber g\u00f6ndererek teslim olaca\u011f\u0131n\u0131 s\u00f6yledi\u011fi iddia edildi. Ailesi Ankara&#8217;da ya\u015fayan Hakan Eron&#8217;un bu y\u0131l \u00fcniversiteyi kazan\u0131nca \u0130stanbul&#8217;a ta\u015f\u0131nd\u0131\u011f\u0131, bir arkada\u015f\u0131yla birlikte kiralad\u0131\u011f\u0131 evde ya\u015fad\u0131\u011f\u0131 \u00f6\u011frenildi.<\/p>\n<p style=\"text-align: justify;\"><span style=\"color: #888888;\">Kaynak : Vatan<\/span><\/p>\n","protected":false},"excerpt":{"rendered":"<p style=\"text-align: center;\">\n<p style=\"text-align: justify;\">\u015eehir e\u015fk\u0131yalar\u0131n\u0131n \u00f6ld\u00fcrd\u00fc\u011f\u00fc \u00fcniversiteli Hakan Eron&#8217;un yan\u0131ndaki k\u0131z arkada\u015f\u0131 Nihan konu\u015ftu.<\/p>\n<p style=\"text-align: justify;\">Yol verme inatla\u015fmas\u0131 nedeniyle \u00e7\u0131kan kavgada \u00f6ld\u00fcr\u00fclen \u00fcniversiteli Hakan Eron d\u00fcn topra\u011fa verilirken, k\u0131z arkada\u015f\u0131 Nihan \u00c7ebi olay an\u0131nda ya\u015fananlar\u0131 anlatt\u0131. Maltepe \u00dcniversitesi \u00f6\u011frencisi 20 ya\u015f\u0131ndaki Hakan Eron, \u00f6nceki g\u00fcn trafikte tart\u0131\u015ft\u0131\u011f\u0131 Mustafa Ay\u00e7i\u00e7ek&#8217;in karde\u015fi Sami Ay\u00e7i\u00e7ek <\/p>\n","protected":false},"author":1,"featured_media":0,"comment_status":"open","ping_status":"closed","sticky":false,"template":"","format":"standard","meta":{"footnotes":""},"categories":[105],"tags":[],"class_list":["post-8149","post","type-post","status-publish","format-standard","hentry","category-gundem","odd"],"_links":{"self":[{"href":"http:\/\/www.korhanyilmaz.com\/index.php?rest_route=\/wp\/v2\/posts\/8149","targetHints":{"allow":["GET"]}}],"collection":[{"href":"http:\/\/www.korhanyilmaz.com\/index.php?rest_route=\/wp\/v2\/posts"}],"about":[{"href":"http:\/\/www.korhanyilmaz.com\/index.php?rest_route=\/wp\/v2\/types\/post"}],"author":[{"embeddable":true,"href":"http:\/\/www.korhanyilmaz.com\/index.php?rest_route=\/wp\/v2\/users\/1"}],"replies":[{"embeddable":true,"href":"http:\/\/www.korhanyilmaz.com\/index.php?rest_route=%2Fwp%2Fv2%2Fcomments&post=8149"}],"version-history":[{"count":0,"href":"http:\/\/www.korhanyilmaz.com\/index.php?rest_route=\/wp\/v2\/posts\/8149\/revisions"}],"wp:attachment":[{"href":"http:\/\/www.korhanyilmaz.com\/index.php?rest_route=%2Fwp%2Fv2%2Fmedia&parent=8149"}],"wp:term":[{"taxonomy":"category","embeddable":true,"href":"http:\/\/www.korhanyilmaz.com\/index.php?rest_route=%2Fwp%2Fv2%2Fcategories&post=8149"},{"taxonomy":"post_tag","embeddable":true,"href":"http:\/\/www.korhanyilmaz.com\/index.php?rest_route=%2Fwp%2Fv2%2Ftags&post=8149"}],"curies":[{"name":"wp","href":"https:\/\/api.w.org\/{rel}","templated":true}]}}