{"id":8145,"date":"2009-04-13T08:24:20","date_gmt":"2009-04-13T05:24:20","guid":{"rendered":"http:\/\/www.korhanyilmaz.com\/?p=8145"},"modified":"2009-04-13T08:24:20","modified_gmt":"2009-04-13T05:24:20","slug":"yargitay-baskanindan-ergenekon-aciklamasi","status":"publish","type":"post","link":"http:\/\/www.korhanyilmaz.com\/?p=8145","title":{"rendered":"Yarg\u0131tay Ba\u015fkan\u0131&#039;ndan Ergenekon a\u00e7\u0131klamas\u0131"},"content":{"rendered":"<p style=\"text-align: center;\"><img loading=\"lazy\" decoding=\"async\" class=\"aligncenter size-full wp-image-8146\" title=\"Yarg\u0131tay Ba\u015fkan\u0131'ndan Ergenekon a\u00e7\u0131klamas\u0131 \" src=\"http:\/\/www.korhanyilmaz.com\/wp-content\/uploads\/2009\/04\/130420091046247910034.jpg\" alt=\"Yarg\u0131tay Ba\u015fkan\u0131'ndan Ergenekon a\u00e7\u0131klamas\u0131 \" width=\"329\" height=\"210\" \/><\/p>\n<p style=\"text-align: justify;\"><strong>Hasan Ger\u00e7eker, &#8216;Ergenekon&#8217;un Yarg\u0131tay Ba\u015fkanl\u0131\u011f\u0131 se\u00e7imlerine el att\u0131\u011f\u0131&#8217; iddialar\u0131n\u0131 yan\u0131tlad\u0131<\/strong><\/p>\n<p style=\"text-align: justify;\">Yarg\u0131tay Ba\u015fkan\u0131 Ger\u00e7eker, iddialar i\u00e7in &#8216;Son derece rencide edici&#8217; dedi.Yarg\u0131tay Ba\u015fkanl\u0131\u011f\u0131 se\u00e7imi s\u00fcrecinde Tuncay \u00d6zkan&#8217;\u0131n, Tanju G\u00fcvendiren&#8217;e telefon ederek &#8216;Hasan Ger\u00e7eker i\u00e7in oy istedi\u011fi&#8217; iddias\u0131n\u0131, Ergenekon davas\u0131n\u0131n ikinci iddanamesinin ard\u0131ndan \u00f6\u011frendi\u011fini belirten Ger\u00e7eker, konunun medyaya yans\u0131mas\u0131 \u00fczerine konu\u015ftu.Tuncay \u00d6zkan&#8217;la hi\u00e7 tan\u0131\u015fmad\u0131\u011f\u0131n\u0131, Tanju G\u00fcvendiren&#8217;i ise Askeri Yarg\u0131tay \u00fcyesi oldu\u011fu s\u0131rada yarg\u0131 resepsiyonlar\u0131ndan tan\u0131d\u0131\u011f\u0131n\u0131 ifade eden Ger\u00e7eker, &#8216;Yarg\u0131tay \u00fcyelerinin h\u00fcr iradeleriye Ba\u015fkan se\u00e7ildim. Hi\u00e7bir samimiyetimin olmad\u0131\u011f\u0131 ve kendileriyle bir araya gelmedi\u011fim iki ki\u015fi aras\u0131nda ge\u00e7ti\u011fi ileri s\u00fcr\u00fclen bir konu\u015fmaya dayand\u0131r\u0131lan bu iddia, sadece beni de\u011fil Yarg\u0131tay&#8217;\u0131 da rencide etmi\u015ftir. Bu iddiay\u0131 dile getirenleri ispata \u00e7a\u011f\u0131r\u0131yorum&#8217; dedi.<!--more--><strong><\/strong><\/p>\n<p style=\"text-align: justify;\"><strong>\u0130NSAFSIZ YORUMLAR<\/strong><\/p>\n<p style=\"text-align: justify;\"><strong><\/strong>Bug\u00fcne kadar yarg\u0131y\u0131 etkileyecek, \u0130hsas-\u0131 rey anlam\u0131na gelecek hi\u00e7bir konuda a\u00e7\u0131klama yapmad\u0131\u011f\u0131n\u0131 ve Yarg\u0131tay&#8217;\u0131 bu t\u00fcr tart\u0131\u015fmalardan uzak tutmaya \u00f6zen g\u00f6sterdi\u011fini de vurgulayan Ger\u00e7eker, \u015f\u00f6yle devam etti: &#8216;Ayn\u0131 hassasiyetimi s\u00fcrd\u00fcr\u00fcyorum. Bu a\u00e7\u0131klamay\u0131, yarg\u0131 ba\u011f\u0131ms\u0131zl\u0131\u011f\u0131na ve temsil etti\u011fim makama duydu\u011fum sayg\u0131 ve sorumlulu\u011fun bir gere\u011fi olarak yap\u0131yorum. Telefon g\u00f6r\u00fc\u015fmesinde isimleri ge\u00e7en ki\u015filer Yarg\u0131tay \u00fcyesi de\u011filler. Yarg\u0131tay d\u0131\u015f\u0131ndaki iki ki\u015fi aras\u0131nda ge\u00e7ti\u011fi ileri s\u00fcr\u00fclen bu g\u00f6r\u00fc\u015fme, yarg\u0131 s\u00fcreci devam ederken beni ve Yarg\u0131tay&#8217;\u0131 da rencide edecek insafs\u0131zca yorumlarla medyada yer alm\u0131\u015ft\u0131r.&#8217; AKP davas\u0131 s\u00fcrecinde yarg\u0131y\u0131 hedef alan a\u011f\u0131r ele\u015ftiriler \u00fczerine, Yarg\u0131tay Ba\u015fkanlar Kurulu&#8217;nun topland\u0131\u011f\u0131n\u0131 ve yarg\u0131 ba\u011f\u0131ms\u0131zl\u0131\u011f\u0131n\u0131n \u00f6nemine dikkat \u00e7eken bir a\u00e7\u0131klama yap\u0131ld\u0131\u011f\u0131n\u0131 hat\u0131rlatan Ger\u00e7eker, &#8216;Ba\u015fkanlar Kurulu&#8217;nun g\u00f6r\u00fc\u015f\u00fcn\u00fc yans\u0131tan bu a\u00e7\u0131klama, aradan bir y\u0131l ge\u00e7tikten sonra, Yarg\u0131tay se\u00e7imlerine ili\u015fkin habere ili\u015ftirilerek, tek ba\u015f\u0131ma benim ki\u015fisel g\u00f6r\u00fc\u015f\u00fcm\u00fc\u015f gibi yans\u0131t\u0131lm\u0131\u015ft\u0131r&#8217; diye konu\u015ftu.<\/p>\n<p style=\"text-align: justify;\"><span style=\"color: #888888;\">Kaynak : Ak\u015fam<\/span><\/p>\n","protected":false},"excerpt":{"rendered":"<p style=\"text-align: center;\">\n<p style=\"text-align: justify;\">Hasan Ger\u00e7eker, &#8216;Ergenekon&#8217;un Yarg\u0131tay Ba\u015fkanl\u0131\u011f\u0131 se\u00e7imlerine el att\u0131\u011f\u0131&#8217; iddialar\u0131n\u0131 yan\u0131tlad\u0131<\/p>\n<p style=\"text-align: justify;\">Yarg\u0131tay Ba\u015fkan\u0131 Ger\u00e7eker, iddialar i\u00e7in &#8216;Son derece rencide edici&#8217; dedi.Yarg\u0131tay Ba\u015fkanl\u0131\u011f\u0131 se\u00e7imi s\u00fcrecinde Tuncay \u00d6zkan&#8217;\u0131n, Tanju G\u00fcvendiren&#8217;e telefon ederek &#8216;Hasan Ger\u00e7eker i\u00e7in oy istedi\u011fi&#8217; iddias\u0131n\u0131, Ergenekon davas\u0131n\u0131n ikinci iddanamesinin ard\u0131ndan \u00f6\u011frendi\u011fini belirten Ger\u00e7eker, konunun medyaya yans\u0131mas\u0131 \u00fczerine konu\u015ftu.Tuncay <\/p>\n","protected":false},"author":1,"featured_media":0,"comment_status":"open","ping_status":"closed","sticky":false,"template":"","format":"standard","meta":{"footnotes":""},"categories":[105],"tags":[],"class_list":["post-8145","post","type-post","status-publish","format-standard","hentry","category-gundem","odd"],"_links":{"self":[{"href":"http:\/\/www.korhanyilmaz.com\/index.php?rest_route=\/wp\/v2\/posts\/8145","targetHints":{"allow":["GET"]}}],"collection":[{"href":"http:\/\/www.korhanyilmaz.com\/index.php?rest_route=\/wp\/v2\/posts"}],"about":[{"href":"http:\/\/www.korhanyilmaz.com\/index.php?rest_route=\/wp\/v2\/types\/post"}],"author":[{"embeddable":true,"href":"http:\/\/www.korhanyilmaz.com\/index.php?rest_route=\/wp\/v2\/users\/1"}],"replies":[{"embeddable":true,"href":"http:\/\/www.korhanyilmaz.com\/index.php?rest_route=%2Fwp%2Fv2%2Fcomments&post=8145"}],"version-history":[{"count":0,"href":"http:\/\/www.korhanyilmaz.com\/index.php?rest_route=\/wp\/v2\/posts\/8145\/revisions"}],"wp:attachment":[{"href":"http:\/\/www.korhanyilmaz.com\/index.php?rest_route=%2Fwp%2Fv2%2Fmedia&parent=8145"}],"wp:term":[{"taxonomy":"category","embeddable":true,"href":"http:\/\/www.korhanyilmaz.com\/index.php?rest_route=%2Fwp%2Fv2%2Fcategories&post=8145"},{"taxonomy":"post_tag","embeddable":true,"href":"http:\/\/www.korhanyilmaz.com\/index.php?rest_route=%2Fwp%2Fv2%2Ftags&post=8145"}],"curies":[{"name":"wp","href":"https:\/\/api.w.org\/{rel}","templated":true}]}}