{"id":8139,"date":"2009-04-13T08:30:09","date_gmt":"2009-04-13T05:30:09","guid":{"rendered":"http:\/\/www.korhanyilmaz.com\/?p=8139"},"modified":"2009-04-13T08:30:09","modified_gmt":"2009-04-13T05:30:09","slug":"ergenekonda-12-dalga-2","status":"publish","type":"post","link":"http:\/\/www.korhanyilmaz.com\/?p=8139","title":{"rendered":"Ergenekon&#039;da 12. dalga"},"content":{"rendered":"<p style=\"text-align: center;\"><img loading=\"lazy\" decoding=\"async\" class=\"aligncenter size-full wp-image-8140\" title=\"Ergenekon'da 12. dalga \" src=\"http:\/\/www.korhanyilmaz.com\/wp-content\/uploads\/2009\/04\/4f27a9a623359d498d886cf5x.jpg\" alt=\"Ergenekon'da 12. dalga \" width=\"332\" height=\"175\" \/><\/p>\n<p style=\"text-align: justify;\">Ergenekon operasyonu kapsam\u0131nda \u00c7YDD Genel merkezinde, Kanal B binas\u0131nda, Ba\u015fkent \u00dcniversitesi Rekt\u00f6r\u00fc Mehmet Haberal, \u00c7YDD Ba\u015fkan\u0131 T\u00fcrkan Saylan ve Prof. Dr. Erol Manisal\u0131&#8217;n\u0131n evinde arama yap\u0131l\u0131yor. Ba\u015fkent \u00dcniversitesi Rekt\u00f6r\u00fc Mehmet Haberal g\u00f6zalt\u0131na al\u0131nd\u0131..<\/p>\n<p style=\"text-align: justify;\">&#8221;Ergenekon&#8221; soru\u015fturmas\u0131 kapsam\u0131nda Ba\u015fkent \u00dcniversitesi Rekt\u00f6r\u00fc Prof. Dr. Mehmet Haberal ile eski \u0130n\u00f6n\u00fc \u00dcniversitesi Rekt\u00f6r\u00fc Prof. Dr. Fatih Hilmio\u011flu&#8217;nun g\u00f6zalt\u0131na al\u0131nd\u0131\u011f\u0131 bildirildi.<\/p>\n<p style=\"text-align: justify;\">Ankara Emniyet M\u00fcd\u00fcrl\u00fc\u011f\u00fc Ter\u00f6rle M\u00fccadele \u015eube M\u00fcd\u00fcrl\u00fc\u011f\u00fc ekiplerinin &#8221;Ergenekon&#8221; soru\u015fturmas\u0131n\u0131 y\u00fcr\u00fcten savc\u0131lar\u0131n istemi ve mahkemenin karar\u0131 \u00fczerine Prof. Dr. Mehmet Haberal&#8217;\u0131n evindeki arama i\u015flemi tamamland\u0131. Haberal, daha sonra g\u00fcvenlik g\u00fc\u00e7lerinin e\u015fli\u011finde evinden \u00e7\u0131kar\u0131ld\u0131.<!--more--><\/p>\n<p style=\"text-align: justify;\">Operasyon kapsam\u0131nda, sabah erken saatlerde e\u015f zamanl\u0131 olarak Ba\u015fkent \u00dcniversitesi rekt\u00f6rl\u00fck binas\u0131, Haberal&#8217;\u0131n evi ve K\u0131z\u0131lcahamam&#8217;daki Patalya Otel&#8217;de aramalar ba\u015flat\u0131lm\u0131\u015ft\u0131. Mehmet Haberal&#8217;\u0131n evinin bulundu\u011fu \u00c7ayyolu Mutlukent 11. Cadde&#8217;deki arama nedeniyle evin bulundu\u011fu cadde jandarma ekiplerince ara\u00e7 ve yaya trafi\u011fine kapat\u0131ld\u0131.<\/p>\n<p style=\"text-align: justify;\">MHP Ankara Milletvekili Deniz B\u00f6l\u00fckba\u015f\u0131&#8217;n\u0131n Haberal&#8217;\u0131n evinde oldu\u011fu, Ba\u015fkent \u00dcniversitesi \u00e7al\u0131\u015fanlar\u0131n\u0131n da servis ara\u00e7lar\u0131yla evin bulundu\u011fu soka\u011f\u0131n giri\u015fine geldikleri g\u00f6r\u00fcld\u00fc. Haberal evden \u00e7\u0131kar\u0131l\u0131rken, \u00e7evrede toplananlar\u0131n alk\u0131\u015fl\u0131 protesto eyleminde bulundu\u011fu g\u00f6zlendi.<br \/>\n<strong><br \/>\n\u00c7YDD VE T\u00dcRKAN SAYLAN&#8217;IN EV\u0130NDE ARAMA<\/strong>\n<\/p>\n<p style=\"text-align: justify;\">Soru\u015fturma kapsam\u0131nda \u00c7a\u011fda\u015f Ya\u015fam\u0131 Destekleme Derne\u011fi&#8217;nde de arama yap\u0131ld\u0131\u011f\u0131 bildirildi. Derne\u011fil \u0130stanbul&#8217;daki genel merkeziyle \u0130zmir, Van ve Antalya \u015fubelerinde arama yap\u0131l\u0131yor. T\u00fcrkan Saylan, polisin genel merkezde silah arad\u0131\u011f\u0131n\u0131 s\u00f6yledi.<\/p>\n<p style=\"text-align: justify;\">&#8216;Ergenekon&#8221; soru\u015fturmas\u0131 kapsam\u0131nda \u00c7a\u011fda\u015f Ya\u015fam\u0131 Destekleme Derne\u011fi (\u00c7YDD) Genel Ba\u015fkan\u0131 Prof. Dr. T\u00fcrkan Saylan&#8217;\u0131n \u0130stanbul&#8217;daki evinde de arama yap\u0131l\u0131yor.<\/p>\n<p style=\"text-align: justify;\">Al\u0131nan bilgiye g\u00f6re, Prof. Dr. Saylan&#8217;\u0131n Be\u015fikta\u015f Arnavutk\u00f6y Beyazg\u00fcl Sokak&#8217;taki evine, sabah\u0131n erken saatlerinde gelen \u00e7e\u015fitli \u015fubelere ba\u011fl\u0131 polisler, arama \u00e7al\u0131\u015fmas\u0131 ba\u015flatt\u0131.<\/p>\n<p style=\"text-align: justify;\">Prof. Dr. Saylan, kendisine cep telefonundan ula\u015fan AA muhabirine evinde arama yap\u0131ld\u0131\u011f\u0131n\u0131 do\u011frulad\u0131.<br \/>\n<strong><br \/>\nESK\u0130 REKT\u00d6RLER\u0130N VE ADD Y\u00d6NET\u0130C\u0130LER\u0130N\u0130N EV\u0130NDE ARAMA<\/strong>\n<\/p>\n<p style=\"text-align: justify;\"><strong><\/strong>Ergenekon soru\u015fturmas\u0131 kapsam\u0131nda Bursa&#8217;da da ADD Genel Ba\u015fkan Vekilinin ve Uluda\u011f \u00dcniversitesi eski rekt\u00f6r\u00fc Mustafa Yurtkuran&#8217;\u0131n evi de aran\u0131yor. Yurtkuran&#8217;\u0131n aramadan sonra \u0130stanbul&#8217;a getirilece\u011fi s\u00f6yleniyor.<\/p>\n<p style=\"text-align: justify;\">&#8221;Ergenekon&#8221; soru\u015fturmas\u0131 kapsam\u0131nda eski Ondokuz May\u0131s \u00dcniversitesi (OM\u00dc) Rekt\u00f6r\u00fc Prof. Dr. Ferit Bernay&#8217;\u0131n evinde arama yap\u0131l\u0131yor.<br \/>\nSamsun Emniyet M\u00fcd\u00fcrl\u00fc\u011f\u00fc Ter\u00f6rle M\u00fccadele \u015eube M\u00fcd\u00fcrl\u00fc\u011f\u00fc ekipleri, sabah saatlerinde, Prof. Dr. Ferit Bernay&#8217;\u0131n OM\u00dc Kurupelit Yerle\u015fkesi&#8217;ndeki lojmanlarda bulunan evine gelerek aramalara ba\u015flad\u0131.<br \/>\n\u0130ki d\u00f6nem OM\u00dc Rekt\u00f6rl\u00fc\u011f\u00fc yapan Prof. Dr. Bernay, halen OM\u00dc T\u0131p Fak\u00fcltesi Hastanesi&#8217;nde g\u00f6rev al\u0131yor.\n<\/p>\n<p style=\"text-align: justify;\">Operasyon kapsam\u0131nda eski \u0130n\u00f6n\u00fc \u00dcniversitesi Rekt\u00f6r\u00fc Prof. Dr. Fatih Hilmio\u011flu&#8217;nun da g\u00f6zalt\u0131na al\u0131nd\u0131\u011f\u0131 bildirildi.<\/p>\n<p style=\"text-align: justify;\">&#8221;Ergenekon&#8221; soru\u015fturmas\u0131 kapsam\u0131nda Y\u00fcz\u00fcnc\u00fc Y\u0131l \u00dcniversitesi T\u0131p Fak\u00fcltesi&#8217;nde g\u00f6revli Van \u00c7a\u011fda\u015f Ya\u015fam\u0131 Destekleme Derne\u011fi (\u00c7YDD) Y\u00f6netim Kurulu \u00dcyesi Prof.Dr. Ay\u015fe Y\u00fcksel&#8217;in i\u015f yerinde ve evinde arama yap\u0131l\u0131yor.<\/p>\n<p style=\"text-align: justify;\">Van Emniyet M\u00fcd\u00fcrl\u00fc\u011f\u00fc Ter\u00f6rle M\u00fccadele \u015eube M\u00fcd\u00fcrl\u00fc\u011f\u00fc ekipleri, Prof. Dr. Ay\u015fe Y\u00fcksel&#8217;in Y\u00fcz\u00fcnc\u00fc Y\u0131l \u00dcniversitesi yerle\u015fkesindeki lojmanlar\u0131nda bulunan evinde ve ofisinde arama ba\u015flatt\u0131. Van \u00c7YDD&#8217;de de sabah\u0131n erken saatlerinde arama yap\u0131ld\u0131\u011f\u0131, baz\u0131 evraka el konuldu\u011fu \u00f6\u011frenildi.<\/p>\n<p style=\"text-align: justify;\"><span style=\"color: #888888;\">Kaynak : Sabah<\/span><\/p>\n","protected":false},"excerpt":{"rendered":"<p style=\"text-align: center;\">\n<p style=\"text-align: justify;\">Ergenekon operasyonu kapsam\u0131nda \u00c7YDD Genel merkezinde, Kanal B binas\u0131nda, Ba\u015fkent \u00dcniversitesi Rekt\u00f6r\u00fc Mehmet Haberal, \u00c7YDD Ba\u015fkan\u0131 T\u00fcrkan Saylan ve Prof. Dr. Erol Manisal\u0131&#8217;n\u0131n evinde arama yap\u0131l\u0131yor. Ba\u015fkent \u00dcniversitesi Rekt\u00f6r\u00fc Mehmet Haberal g\u00f6zalt\u0131na al\u0131nd\u0131..<\/p>\n<p style=\"text-align: justify;\">&#8221;Ergenekon&#8221; soru\u015fturmas\u0131 kapsam\u0131nda Ba\u015fkent \u00dcniversitesi Rekt\u00f6r\u00fc Prof. Dr. Mehmet Haberal ile eski \u0130n\u00f6n\u00fc \u00dcniversitesi Rekt\u00f6r\u00fc <\/p>\n","protected":false},"author":1,"featured_media":0,"comment_status":"open","ping_status":"closed","sticky":false,"template":"","format":"standard","meta":{"footnotes":""},"categories":[105],"tags":[],"class_list":["post-8139","post","type-post","status-publish","format-standard","hentry","category-gundem","odd"],"_links":{"self":[{"href":"http:\/\/www.korhanyilmaz.com\/index.php?rest_route=\/wp\/v2\/posts\/8139","targetHints":{"allow":["GET"]}}],"collection":[{"href":"http:\/\/www.korhanyilmaz.com\/index.php?rest_route=\/wp\/v2\/posts"}],"about":[{"href":"http:\/\/www.korhanyilmaz.com\/index.php?rest_route=\/wp\/v2\/types\/post"}],"author":[{"embeddable":true,"href":"http:\/\/www.korhanyilmaz.com\/index.php?rest_route=\/wp\/v2\/users\/1"}],"replies":[{"embeddable":true,"href":"http:\/\/www.korhanyilmaz.com\/index.php?rest_route=%2Fwp%2Fv2%2Fcomments&post=8139"}],"version-history":[{"count":0,"href":"http:\/\/www.korhanyilmaz.com\/index.php?rest_route=\/wp\/v2\/posts\/8139\/revisions"}],"wp:attachment":[{"href":"http:\/\/www.korhanyilmaz.com\/index.php?rest_route=%2Fwp%2Fv2%2Fmedia&parent=8139"}],"wp:term":[{"taxonomy":"category","embeddable":true,"href":"http:\/\/www.korhanyilmaz.com\/index.php?rest_route=%2Fwp%2Fv2%2Fcategories&post=8139"},{"taxonomy":"post_tag","embeddable":true,"href":"http:\/\/www.korhanyilmaz.com\/index.php?rest_route=%2Fwp%2Fv2%2Ftags&post=8139"}],"curies":[{"name":"wp","href":"https:\/\/api.w.org\/{rel}","templated":true}]}}