{"id":813,"date":"2008-08-18T09:37:46","date_gmt":"2008-08-18T06:37:46","guid":{"rendered":"http:\/\/www.korhanyilmaz.com\/?p=813"},"modified":"2008-08-18T09:37:46","modified_gmt":"2008-08-18T06:37:46","slug":"en-dusuk-memur-maasina-103-ytl-zam","status":"publish","type":"post","link":"http:\/\/www.korhanyilmaz.com\/?p=813","title":{"rendered":"En d\u00fc\u015f\u00fck memur maa\u015f\u0131na 103 YTL zam"},"content":{"rendered":"<p style=\"text-align: center;\"><img loading=\"lazy\" decoding=\"async\" class=\"alignnone size-medium wp-image-814\" title=\"170820080143512686688\" src=\"http:\/\/www.korhanyilmaz.com\/wp-content\/uploads\/2008\/08\/170820080143512686688-300x158.jpg\" alt=\"\" width=\"300\" height=\"158\" \/><\/p>\n<p style=\"text-align: justify;\">15 A\u011fustos&#8217;tan itibaren ge\u00e7erli olacak yeni \u00fccretler&#8230;<\/p>\n<p style=\"text-align: justify;\">Ba\u015fbakan Recep Tayyip Erdo\u011fan, memura \u2018e\u015fit i\u015fe e\u015fit \u00fccret&#8217;i sa\u011flamak i\u00e7in haz\u0131rlanan kararnameyle belirlenen ek zam oranlar\u0131n\u0131 a\u00e7\u0131klad\u0131. Ba\u015fbakan Erdo\u011fan yap\u0131lan bu zamla, en d\u00fc\u015f\u00fck memur maa\u015f\u0131n\u0131n 2008 A\u011fustos ay\u0131 itibar\u0131yla bin 119 YTL&#8217;ye \u00e7\u0131kt\u0131\u011f\u0131n\u0131 s\u00f6yledi.<\/p>\n<p style=\"text-align: justify;\">Ba\u015fbakan Recep Tayyip Erdo\u011fan, &#8220;e\u015fit i\u015fe e\u015fit \u00fccret&#8221; kapsam\u0131nda memura yap\u0131lacak ek zam miktarlar\u0131n\u0131 \u0130stanbul&#8217;da \u00e7al\u0131\u015fma ofisinde ger\u00e7ekle\u015ftirdi\u011fi bas\u0131n toplant\u0131s\u0131 ile a\u00e7\u0131klad\u0131. En d\u00fc\u015f\u00fck memur maa\u015f\u0131na y\u00fczde 10, ortalama memur maa\u015f\u0131na ise y\u00fczde 8.4 art\u0131\u015f sa\u011flayan ek zamla:<!--more--><\/p>\n<p style=\"text-align: justify;\">* 15 A\u011fustos&#8217;tan itibaren ge\u00e7erli olmak \u00fczere en d\u00fc\u015f\u00fck memur maa\u015f\u0131na 103 YTL,<\/p>\n<p style=\"text-align: justify;\">* Memur, din g\u00f6revlisi, \u00f6\u011fretmen maa\u015f\u0131na 112&#8217;\u015fer YTL,<\/p>\n<p style=\"text-align: justify;\">* Astsubay \u00e7avu\u015f maa\u015f\u0131na 127 YTL,<\/p>\n<p style=\"text-align: justify;\">* Te\u011fmen maa\u015f\u0131na 132 YTL,<\/p>\n<p style=\"text-align: justify;\">* Polis memuru maa\u015f\u0131na 161 YTL,<\/p>\n<p style=\"text-align: justify;\">* Ara\u015ft\u0131rma g\u00f6revlisi maa\u015f\u0131na 171 YTL,<\/p>\n<p style=\"text-align: justify;\">* M\u00fchendis maa\u015f\u0131na 264 YTL ilave ek \u00f6deme getirildi.<\/p>\n<p style=\"text-align: justify;\">Bu y\u0131l zam % 22 oldu<\/p>\n<p style=\"text-align: justify;\">Erdo\u011fan&#8217;\u0131n yapt\u0131\u011f\u0131 a\u00e7\u0131klamaya g\u00f6re bu zamla birlikte aile yard\u0131m\u0131 \u00f6dene\u011fi dahil en d\u00fc\u015f\u00fck memur maa\u015f\u0131 2007 Aral\u0131k ay\u0131nda 843 lira iken 2008 A\u011fustos ay\u0131nda bin 119 YTL&#8217;ye \u00e7\u0131kt\u0131. \u00d6\u011fretmen maa\u015f\u0131, bin 37 YTL iken bin 334 YTL&#8217;ye, m\u00fchendis maa\u015f\u0131 2007 Aral\u0131k&#8217;ta bin 512 YTL iken 2008 A\u011fustos ay\u0131nda bin 992 YTL&#8217;ye, te\u011fmen maa\u015f\u0131 2007 Aral\u0131k&#8217;ta bin 645 YTL iken 2008 A\u011fustos&#8217;ta 2 bin YTL&#8217;ye, ara\u015ft\u0131rma g\u00f6revlisi maa\u015f\u0131 2007 Aral\u0131k&#8217;ta bin 187 YTL iken 2008 A\u011fustos&#8217;ta bin 553 YTL&#8217;ye, polis maa\u015f\u0131 2007 Aral\u0131k&#8217;ta bin 406 YTL iken 2008 A\u011fustos&#8217;ta bin 776 YTL&#8217;ye \u00e7\u0131kt\u0131.<\/p>\n<p style=\"text-align: justify;\">B\u00f6ylece asgari ge\u00e7im indirimden kaynakl\u0131 art\u0131\u015f hari\u00e7, 2008 y\u0131l\u0131nda en d\u00fc\u015f\u00fck memur maa\u015f\u0131nda y\u00fczde 22.7, ortalama memur maa\u015f\u0131nda ise y\u00fczde 18.5 oran\u0131nda art\u0131\u015f ger\u00e7ekle\u015fmi\u015f oldu.<\/p>\n<p style=\"text-align: justify;\">Memurlardan tepki geldi<\/p>\n<p style=\"text-align: justify;\">Memur-Sen Genel Ba\u015fkan\u0131 Ahmet G\u00fcndo\u011fdu ise ek zam miktar\u0131na tepki g\u00f6sterdi.<\/p>\n<p style=\"text-align: justify;\">Memur-Sen Genel Ba\u015fkan\u0131 G\u00fcndo\u011fdu, \u00f6zl\u00fck haklar\u0131ndaki art\u0131\u015flarla birlikte 470 YTL zam istediklerini, s\u00fcrd\u00fcr\u00fclen toplu g\u00f6r\u00fc\u015fmelerde taleplerinden geriye kalan 367 YTL&#8217;nin al\u0131nabilmesi i\u00e7in \u00e7al\u0131\u015facaklar\u0131n\u0131 s\u00f6yledi.<\/p>\n<p style=\"text-align: justify;\">947 milyon YTL&#8217;lik y\u00fck b\u00fct\u00e7eye etki etmeyecek<\/p>\n<p style=\"text-align: justify;\">Erdo\u011fan, s\u00f6z konusu ek zamm\u0131n b\u00fct\u00e7eye getirdi\u011fi y\u00fck\u00fcn ise bu y\u0131l i\u00e7in 947 milyon YTL oldu\u011funu kaydetti. Ba\u015fbakan, bakanl\u0131klar\u0131n d\u00f6ner sermayesi ile belediye gelirlerinin tek bir havuzda toplanmas\u0131 neticesinde s\u00f6z konusu y\u00fck\u00fcn b\u00fct\u00e7eye etki etmeyece\u011fini vurgulad\u0131.<\/p>\n<p style=\"text-align: justify;\">Erdo\u011fan&#8217;dan g\u00f6zda\u011f\u0131: U\u00e7uk ka\u00e7\u0131k taleplerle gelmeyin<\/p>\n<p style=\"text-align: justify;\">Ba\u015ebakan Erdo\u011fan, kamu \u00e7al\u0131\u015fanlar\u0131 ile y\u00fcr\u00fct\u00fclen toplu g\u00f6r\u00fc\u015fmelerin yeni ba\u015flad\u0131\u011f\u0131n\u0131 belirterek &#8220;Ancak u\u00e7uk ka\u00e7\u0131k talepler falan, bunlar evet diyebilece\u011fimiz \u015feyler de\u011fil&#8221; dedi. Erdo\u011fan, KESK&#8217;in toplu g\u00f6r\u00fc\u015fmelerden \u00e7ekilmesini, &#8220;Sokaklarda y\u00fcr\u00fcmekle, toplant\u0131y\u0131 10&#8217;uncu dakikas\u0131nda terk etmekle bu t\u00fcr \u015feyler \u00e7\u00f6z\u00fclmez&#8221; s\u00f6zleriyle de\u011ferlendirdi.<\/p>\n<p style=\"text-align: justify;\"><span style=\"color: #888888;\">Kaynak : Vatan Gazetesi<\/span><\/p>\n","protected":false},"excerpt":{"rendered":"<p style=\"text-align: center;\">\n<p style=\"text-align: justify;\">15 A\u011fustos&#8217;tan itibaren ge\u00e7erli olacak yeni \u00fccretler&#8230;<\/p>\n<p style=\"text-align: justify;\">Ba\u015fbakan Recep Tayyip Erdo\u011fan, memura \u2018e\u015fit i\u015fe e\u015fit \u00fccret&#8217;i sa\u011flamak i\u00e7in haz\u0131rlanan kararnameyle belirlenen ek zam oranlar\u0131n\u0131 a\u00e7\u0131klad\u0131. Ba\u015fbakan Erdo\u011fan yap\u0131lan bu zamla, en d\u00fc\u015f\u00fck memur maa\u015f\u0131n\u0131n 2008 A\u011fustos ay\u0131 itibar\u0131yla bin 119 YTL&#8217;ye \u00e7\u0131kt\u0131\u011f\u0131n\u0131 s\u00f6yledi.<\/p>\n<p style=\"text-align: justify;\">Ba\u015fbakan Recep Tayyip <\/p>\n","protected":false},"author":1,"featured_media":0,"comment_status":"open","ping_status":"open","sticky":false,"template":"","format":"standard","meta":{"footnotes":""},"categories":[7],"tags":[],"class_list":["post-813","post","type-post","status-publish","format-standard","hentry","category-ekonomi","odd"],"_links":{"self":[{"href":"http:\/\/www.korhanyilmaz.com\/index.php?rest_route=\/wp\/v2\/posts\/813","targetHints":{"allow":["GET"]}}],"collection":[{"href":"http:\/\/www.korhanyilmaz.com\/index.php?rest_route=\/wp\/v2\/posts"}],"about":[{"href":"http:\/\/www.korhanyilmaz.com\/index.php?rest_route=\/wp\/v2\/types\/post"}],"author":[{"embeddable":true,"href":"http:\/\/www.korhanyilmaz.com\/index.php?rest_route=\/wp\/v2\/users\/1"}],"replies":[{"embeddable":true,"href":"http:\/\/www.korhanyilmaz.com\/index.php?rest_route=%2Fwp%2Fv2%2Fcomments&post=813"}],"version-history":[{"count":0,"href":"http:\/\/www.korhanyilmaz.com\/index.php?rest_route=\/wp\/v2\/posts\/813\/revisions"}],"wp:attachment":[{"href":"http:\/\/www.korhanyilmaz.com\/index.php?rest_route=%2Fwp%2Fv2%2Fmedia&parent=813"}],"wp:term":[{"taxonomy":"category","embeddable":true,"href":"http:\/\/www.korhanyilmaz.com\/index.php?rest_route=%2Fwp%2Fv2%2Fcategories&post=813"},{"taxonomy":"post_tag","embeddable":true,"href":"http:\/\/www.korhanyilmaz.com\/index.php?rest_route=%2Fwp%2Fv2%2Ftags&post=813"}],"curies":[{"name":"wp","href":"https:\/\/api.w.org\/{rel}","templated":true}]}}